{"id":5985,"date":"2020-03-16T12:57:03","date_gmt":"2020-03-16T11:57:03","guid":{"rendered":"http:\/\/musique-equilibre.com\/me\/?p=5985"},"modified":"2020-04-29T10:58:09","modified_gmt":"2020-04-29T08:58:09","slug":"jam14-concertmusiqueorleans","status":"publish","type":"post","link":"https:\/\/musique-equilibre.com\/me\/index.php\/2020\/03\/16\/jam14-concertmusiqueorleans\/","title":{"rendered":"<p style=\"text-align: center; color: #f15d20;\"><strong><span style=\"font-family: Nexa Rust Sans;\">JAM<span style=\"font-family: coves;\">#<\/span><span style=\"font-family: Nexa Rust Sans;\">14<\/span><span style=\"font-family: coves;\"> &#8211; R\u00e9gis Savigny &#8211; 10 mars<\/span><\/strong><\/p>"},"content":{"rendered":"\n<figure class=\"wp-block-image\"><img fetchpriority=\"high\" decoding=\"async\" width=\"1024\" height=\"576\" src=\"https:\/\/musique-equilibre.com\/me\/wp-content\/uploads\/2020\/03\/DSC02119-2-1024x576.jpg\" alt=\"\" class=\"wp-image-6006\" srcset=\"https:\/\/musique-equilibre.com\/me\/wp-content\/uploads\/2020\/03\/DSC02119-2-1024x576.jpg 1024w, https:\/\/musique-equilibre.com\/me\/wp-content\/uploads\/2020\/03\/DSC02119-2-300x169.jpg 300w, https:\/\/musique-equilibre.com\/me\/wp-content\/uploads\/2020\/03\/DSC02119-2-150x84.jpg 150w, https:\/\/musique-equilibre.com\/me\/wp-content\/uploads\/2020\/03\/DSC02119-2-768x432.jpg 768w, https:\/\/musique-equilibre.com\/me\/wp-content\/uploads\/2020\/03\/DSC02119-2-1536x864.jpg 1536w, https:\/\/musique-equilibre.com\/me\/wp-content\/uploads\/2020\/03\/DSC02119-2-2048x1152.jpg 2048w, https:\/\/musique-equilibre.com\/me\/wp-content\/uploads\/2020\/03\/DSC02119-2-1110x624.jpg 1110w, https:\/\/musique-equilibre.com\/me\/wp-content\/uploads\/2020\/03\/DSC02119-2-528x297.jpg 528w\" sizes=\"(max-width: 1024px) 100vw, 1024px\" \/><\/figure>\n\n\n\n<figure class=\"wp-block-image\"><img decoding=\"async\" width=\"1024\" height=\"576\" src=\"https:\/\/musique-equilibre.com\/me\/wp-content\/uploads\/2020\/03\/DSC02124-2-1024x576.jpg\" alt=\"\" class=\"wp-image-6007\" srcset=\"https:\/\/musique-equilibre.com\/me\/wp-content\/uploads\/2020\/03\/DSC02124-2-1024x576.jpg 1024w, https:\/\/musique-equilibre.com\/me\/wp-content\/uploads\/2020\/03\/DSC02124-2-300x169.jpg 300w, https:\/\/musique-equilibre.com\/me\/wp-content\/uploads\/2020\/03\/DSC02124-2-150x84.jpg 150w, https:\/\/musique-equilibre.com\/me\/wp-content\/uploads\/2020\/03\/DSC02124-2-768x432.jpg 768w, https:\/\/musique-equilibre.com\/me\/wp-content\/uploads\/2020\/03\/DSC02124-2-1536x864.jpg 1536w, https:\/\/musique-equilibre.com\/me\/wp-content\/uploads\/2020\/03\/DSC02124-2-2048x1152.jpg 2048w, https:\/\/musique-equilibre.com\/me\/wp-content\/uploads\/2020\/03\/DSC02124-2-1110x624.jpg 1110w, https:\/\/musique-equilibre.com\/me\/wp-content\/uploads\/2020\/03\/DSC02124-2-528x297.jpg 528w\" sizes=\"(max-width: 1024px) 100vw, 1024px\" \/><\/figure>\n\n\n\n<figure class=\"wp-block-image\"><img decoding=\"async\" width=\"1024\" height=\"576\" src=\"https:\/\/musique-equilibre.com\/me\/wp-content\/uploads\/2020\/03\/DSC02136-2-1024x576.jpg\" alt=\"\" class=\"wp-image-6008\" srcset=\"https:\/\/musique-equilibre.com\/me\/wp-content\/uploads\/2020\/03\/DSC02136-2-1024x576.jpg 1024w, https:\/\/musique-equilibre.com\/me\/wp-content\/uploads\/2020\/03\/DSC02136-2-300x169.jpg 300w, https:\/\/musique-equilibre.com\/me\/wp-content\/uploads\/2020\/03\/DSC02136-2-150x84.jpg 150w, https:\/\/musique-equilibre.com\/me\/wp-content\/uploads\/2020\/03\/DSC02136-2-768x432.jpg 768w, https:\/\/musique-equilibre.com\/me\/wp-content\/uploads\/2020\/03\/DSC02136-2-1536x864.jpg 1536w, https:\/\/musique-equilibre.com\/me\/wp-content\/uploads\/2020\/03\/DSC02136-2-2048x1153.jpg 2048w, https:\/\/musique-equilibre.com\/me\/wp-content\/uploads\/2020\/03\/DSC02136-2-1110x624.jpg 1110w, https:\/\/musique-equilibre.com\/me\/wp-content\/uploads\/2020\/03\/DSC02136-2-528x297.jpg 528w\" sizes=\"(max-width: 1024px) 100vw, 1024px\" \/><\/figure>\n\n\n\n<figure class=\"wp-block-image\"><img loading=\"lazy\" decoding=\"async\" width=\"576\" height=\"1024\" src=\"https:\/\/musique-equilibre.com\/me\/wp-content\/uploads\/2020\/03\/DSC02144-2-576x1024.jpg\" alt=\"\" class=\"wp-image-6009\" srcset=\"https:\/\/musique-equilibre.com\/me\/wp-content\/uploads\/2020\/03\/DSC02144-2-576x1024.jpg 576w, https:\/\/musique-equilibre.com\/me\/wp-content\/uploads\/2020\/03\/DSC02144-2-169x300.jpg 169w, https:\/\/musique-equilibre.com\/me\/wp-content\/uploads\/2020\/03\/DSC02144-2-84x150.jpg 84w, https:\/\/musique-equilibre.com\/me\/wp-content\/uploads\/2020\/03\/DSC02144-2-768x1365.jpg 768w, https:\/\/musique-equilibre.com\/me\/wp-content\/uploads\/2020\/03\/DSC02144-2-864x1536.jpg 864w, https:\/\/musique-equilibre.com\/me\/wp-content\/uploads\/2020\/03\/DSC02144-2-1152x2048.jpg 1152w, https:\/\/musique-equilibre.com\/me\/wp-content\/uploads\/2020\/03\/DSC02144-2-scaled.jpg 1440w\" sizes=\"(max-width: 576px) 100vw, 576px\" \/><\/figure>\n\n\n\n<figure class=\"wp-block-image\"><img loading=\"lazy\" decoding=\"async\" width=\"1024\" height=\"576\" src=\"https:\/\/musique-equilibre.com\/me\/wp-content\/uploads\/2020\/03\/DSC02155-2-1024x576.jpg\" alt=\"\" class=\"wp-image-6010\" srcset=\"https:\/\/musique-equilibre.com\/me\/wp-content\/uploads\/2020\/03\/DSC02155-2-1024x576.jpg 1024w, https:\/\/musique-equilibre.com\/me\/wp-content\/uploads\/2020\/03\/DSC02155-2-300x169.jpg 300w, https:\/\/musique-equilibre.com\/me\/wp-content\/uploads\/2020\/03\/DSC02155-2-150x84.jpg 150w, https:\/\/musique-equilibre.com\/me\/wp-content\/uploads\/2020\/03\/DSC02155-2-768x432.jpg 768w, https:\/\/musique-equilibre.com\/me\/wp-content\/uploads\/2020\/03\/DSC02155-2-1536x864.jpg 1536w, https:\/\/musique-equilibre.com\/me\/wp-content\/uploads\/2020\/03\/DSC02155-2-2048x1152.jpg 2048w, https:\/\/musique-equilibre.com\/me\/wp-content\/uploads\/2020\/03\/DSC02155-2-1110x624.jpg 1110w, https:\/\/musique-equilibre.com\/me\/wp-content\/uploads\/2020\/03\/DSC02155-2-528x297.jpg 528w\" sizes=\"(max-width: 1024px) 100vw, 1024px\" \/><\/figure>\n\n\n\n<figure class=\"wp-block-image\"><img loading=\"lazy\" decoding=\"async\" width=\"576\" height=\"1024\" src=\"https:\/\/musique-equilibre.com\/me\/wp-content\/uploads\/2020\/03\/DSC02161-2-576x1024.jpg\" alt=\"\" class=\"wp-image-6012\" srcset=\"https:\/\/musique-equilibre.com\/me\/wp-content\/uploads\/2020\/03\/DSC02161-2-576x1024.jpg 576w, https:\/\/musique-equilibre.com\/me\/wp-content\/uploads\/2020\/03\/DSC02161-2-169x300.jpg 169w, https:\/\/musique-equilibre.com\/me\/wp-content\/uploads\/2020\/03\/DSC02161-2-84x150.jpg 84w, https:\/\/musique-equilibre.com\/me\/wp-content\/uploads\/2020\/03\/DSC02161-2-768x1365.jpg 768w, https:\/\/musique-equilibre.com\/me\/wp-content\/uploads\/2020\/03\/DSC02161-2-864x1536.jpg 864w, https:\/\/musique-equilibre.com\/me\/wp-content\/uploads\/2020\/03\/DSC02161-2-1152x2048.jpg 1152w, https:\/\/musique-equilibre.com\/me\/wp-content\/uploads\/2020\/03\/DSC02161-2-scaled.jpg 1441w\" sizes=\"(max-width: 576px) 100vw, 576px\" \/><\/figure>\n\n\n\n<figure class=\"wp-block-image\"><img loading=\"lazy\" decoding=\"async\" width=\"1024\" height=\"576\" src=\"https:\/\/musique-equilibre.com\/me\/wp-content\/uploads\/2020\/03\/DSC02178-2-1024x576.jpg\" alt=\"\" class=\"wp-image-6013\" srcset=\"https:\/\/musique-equilibre.com\/me\/wp-content\/uploads\/2020\/03\/DSC02178-2-1024x576.jpg 1024w, https:\/\/musique-equilibre.com\/me\/wp-content\/uploads\/2020\/03\/DSC02178-2-300x169.jpg 300w, https:\/\/musique-equilibre.com\/me\/wp-content\/uploads\/2020\/03\/DSC02178-2-150x84.jpg 150w, https:\/\/musique-equilibre.com\/me\/wp-content\/uploads\/2020\/03\/DSC02178-2-768x432.jpg 768w, https:\/\/musique-equilibre.com\/me\/wp-content\/uploads\/2020\/03\/DSC02178-2-1536x864.jpg 1536w, https:\/\/musique-equilibre.com\/me\/wp-content\/uploads\/2020\/03\/DSC02178-2-2048x1152.jpg 2048w, https:\/\/musique-equilibre.com\/me\/wp-content\/uploads\/2020\/03\/DSC02178-2-1110x624.jpg 1110w, https:\/\/musique-equilibre.com\/me\/wp-content\/uploads\/2020\/03\/DSC02178-2-528x297.jpg 528w\" sizes=\"(max-width: 1024px) 100vw, 1024px\" \/><\/figure>\n\n\n\n<figure class=\"wp-block-image\"><img loading=\"lazy\" decoding=\"async\" width=\"1024\" height=\"576\" src=\"https:\/\/musique-equilibre.com\/me\/wp-content\/uploads\/2020\/03\/DSC02221-2-1024x576.jpg\" alt=\"\" class=\"wp-image-6014\" srcset=\"https:\/\/musique-equilibre.com\/me\/wp-content\/uploads\/2020\/03\/DSC02221-2-1024x576.jpg 1024w, https:\/\/musique-equilibre.com\/me\/wp-content\/uploads\/2020\/03\/DSC02221-2-300x169.jpg 300w, https:\/\/musique-equilibre.com\/me\/wp-content\/uploads\/2020\/03\/DSC02221-2-150x84.jpg 150w, https:\/\/musique-equilibre.com\/me\/wp-content\/uploads\/2020\/03\/DSC02221-2-768x432.jpg 768w, https:\/\/musique-equilibre.com\/me\/wp-content\/uploads\/2020\/03\/DSC02221-2-1536x864.jpg 1536w, https:\/\/musique-equilibre.com\/me\/wp-content\/uploads\/2020\/03\/DSC02221-2-2048x1152.jpg 2048w, https:\/\/musique-equilibre.com\/me\/wp-content\/uploads\/2020\/03\/DSC02221-2-1110x624.jpg 1110w, https:\/\/musique-equilibre.com\/me\/wp-content\/uploads\/2020\/03\/DSC02221-2-528x297.jpg 528w\" sizes=\"(max-width: 1024px) 100vw, 1024px\" \/><\/figure>\n\n\n\n<figure class=\"wp-block-image\"><img loading=\"lazy\" decoding=\"async\" width=\"1024\" height=\"576\" src=\"https:\/\/musique-equilibre.com\/me\/wp-content\/uploads\/2020\/03\/DSC02237-2-1024x576.jpg\" alt=\"\" class=\"wp-image-6015\" srcset=\"https:\/\/musique-equilibre.com\/me\/wp-content\/uploads\/2020\/03\/DSC02237-2-1024x576.jpg 1024w, https:\/\/musique-equilibre.com\/me\/wp-content\/uploads\/2020\/03\/DSC02237-2-300x169.jpg 300w, https:\/\/musique-equilibre.com\/me\/wp-content\/uploads\/2020\/03\/DSC02237-2-150x84.jpg 150w, https:\/\/musique-equilibre.com\/me\/wp-content\/uploads\/2020\/03\/DSC02237-2-768x432.jpg 768w, https:\/\/musique-equilibre.com\/me\/wp-content\/uploads\/2020\/03\/DSC02237-2-1536x864.jpg 1536w, https:\/\/musique-equilibre.com\/me\/wp-content\/uploads\/2020\/03\/DSC02237-2-2048x1152.jpg 2048w, https:\/\/musique-equilibre.com\/me\/wp-content\/uploads\/2020\/03\/DSC02237-2-1110x624.jpg 1110w, https:\/\/musique-equilibre.com\/me\/wp-content\/uploads\/2020\/03\/DSC02237-2-528x297.jpg 528w\" sizes=\"(max-width: 1024px) 100vw, 1024px\" \/><\/figure>\n\n\n\n<figure class=\"wp-block-image\"><img loading=\"lazy\" decoding=\"async\" width=\"1024\" height=\"576\" src=\"https:\/\/musique-equilibre.com\/me\/wp-content\/uploads\/2020\/03\/DSC02246-2-1024x576.jpg\" alt=\"\" class=\"wp-image-6016\" srcset=\"https:\/\/musique-equilibre.com\/me\/wp-content\/uploads\/2020\/03\/DSC02246-2-1024x576.jpg 1024w, https:\/\/musique-equilibre.com\/me\/wp-content\/uploads\/2020\/03\/DSC02246-2-300x169.jpg 300w, https:\/\/musique-equilibre.com\/me\/wp-content\/uploads\/2020\/03\/DSC02246-2-150x84.jpg 150w, https:\/\/musique-equilibre.com\/me\/wp-content\/uploads\/2020\/03\/DSC02246-2-768x432.jpg 768w, https:\/\/musique-equilibre.com\/me\/wp-content\/uploads\/2020\/03\/DSC02246-2-1536x864.jpg 1536w, https:\/\/musique-equilibre.com\/me\/wp-content\/uploads\/2020\/03\/DSC02246-2-2048x1152.jpg 2048w, https:\/\/musique-equilibre.com\/me\/wp-content\/uploads\/2020\/03\/DSC02246-2-1110x624.jpg 1110w, https:\/\/musique-equilibre.com\/me\/wp-content\/uploads\/2020\/03\/DSC02246-2-528x297.jpg 528w\" sizes=\"(max-width: 1024px) 100vw, 1024px\" \/><\/figure>\n","protected":false},"excerpt":{"rendered":"","protected":false},"author":1,"featured_media":0,"comment_status":"open","ping_status":"open","sticky":false,"template":"","format":"standard","meta":{"footnotes":""},"categories":[1],"tags":[],"class_list":{"0":"post-5985","1":"post","2":"type-post","3":"status-publish","4":"format-standard","6":"category-non-classe","7":"czr-hentry"},"yoast_head":"<!-- This site is optimized with the Yoast SEO plugin v26.8 - https:\/\/yoast.com\/product\/yoast-seo-wordpress\/ -->\n<title>JAM#14 - R\u00e9gis Savigny - 10 mars - Musique et Equilibre<\/title>\n<meta name=\"robots\" content=\"index, follow, max-snippet:-1, max-image-preview:large, max-video-preview:-1\" \/>\n<link rel=\"canonical\" href=\"https:\/\/musique-equilibre.com\/me\/index.php\/2020\/03\/16\/jam14-concertmusiqueorleans\/\" \/>\n<meta property=\"og:locale\" content=\"fr_FR\" \/>\n<meta property=\"og:type\" content=\"article\" \/>\n<meta property=\"og:title\" content=\"JAM#14 - R\u00e9gis Savigny - 10 mars - Musique et Equilibre\" \/>\n<meta property=\"og:url\" content=\"https:\/\/musique-equilibre.com\/me\/index.php\/2020\/03\/16\/jam14-concertmusiqueorleans\/\" \/>\n<meta property=\"og:site_name\" content=\"Musique et Equilibre\" \/>\n<meta property=\"article:publisher\" content=\"https:\/\/www.facebook.com\/MusiqueetEquilibre45\" \/>\n<meta property=\"article:published_time\" content=\"2020-03-16T11:57:03+00:00\" \/>\n<meta property=\"article:modified_time\" content=\"2020-04-29T08:58:09+00:00\" \/>\n<meta property=\"og:image\" content=\"http:\/\/musique-equilibre.com\/me\/wp-content\/uploads\/2020\/03\/DSC02119-2-1024x576.jpg\" \/>\n<meta name=\"author\" content=\"admin\" \/>\n<meta name=\"twitter:card\" content=\"summary_large_image\" \/>\n<meta name=\"twitter:creator\" content=\"@Musiquequilibre\" \/>\n<meta name=\"twitter:site\" content=\"@Musiquequilibre\" \/>\n<meta name=\"twitter:label1\" content=\"\u00c9crit par\" \/>\n\t<meta name=\"twitter:data1\" content=\"admin\" \/>\n<script type=\"application\/ld+json\" class=\"yoast-schema-graph\">{\"@context\":\"https:\/\/schema.org\",\"@graph\":[{\"@type\":\"Article\",\"@id\":\"https:\/\/musique-equilibre.com\/me\/index.php\/2020\/03\/16\/jam14-concertmusiqueorleans\/#article\",\"isPartOf\":{\"@id\":\"https:\/\/musique-equilibre.com\/me\/index.php\/2020\/03\/16\/jam14-concertmusiqueorleans\/\"},\"author\":{\"name\":\"admin\",\"@id\":\"https:\/\/musique-equilibre.com\/me\/#\/schema\/person\/d43605ef0d5681c1b27a4ba1fede1cf4\"},\"headline\":\"JAM#14 &#8211; R\u00e9gis Savigny &#8211; 10 mars\",\"datePublished\":\"2020-03-16T11:57:03+00:00\",\"dateModified\":\"2020-04-29T08:58:09+00:00\",\"mainEntityOfPage\":{\"@id\":\"https:\/\/musique-equilibre.com\/me\/index.php\/2020\/03\/16\/jam14-concertmusiqueorleans\/\"},\"wordCount\":7,\"commentCount\":0,\"publisher\":{\"@id\":\"https:\/\/musique-equilibre.com\/me\/#organization\"},\"image\":{\"@id\":\"https:\/\/musique-equilibre.com\/me\/index.php\/2020\/03\/16\/jam14-concertmusiqueorleans\/#primaryimage\"},\"thumbnailUrl\":\"http:\/\/musique-equilibre.com\/me\/wp-content\/uploads\/2020\/03\/DSC02119-2-1024x576.jpg\",\"inLanguage\":\"fr-FR\",\"potentialAction\":[{\"@type\":\"CommentAction\",\"name\":\"Comment\",\"target\":[\"https:\/\/musique-equilibre.com\/me\/index.php\/2020\/03\/16\/jam14-concertmusiqueorleans\/#respond\"]}]},{\"@type\":\"WebPage\",\"@id\":\"https:\/\/musique-equilibre.com\/me\/index.php\/2020\/03\/16\/jam14-concertmusiqueorleans\/\",\"url\":\"https:\/\/musique-equilibre.com\/me\/index.php\/2020\/03\/16\/jam14-concertmusiqueorleans\/\",\"name\":\"JAM#14 - R\u00e9gis Savigny - 10 mars - Musique et Equilibre\",\"isPartOf\":{\"@id\":\"https:\/\/musique-equilibre.com\/me\/#website\"},\"primaryImageOfPage\":{\"@id\":\"https:\/\/musique-equilibre.com\/me\/index.php\/2020\/03\/16\/jam14-concertmusiqueorleans\/#primaryimage\"},\"image\":{\"@id\":\"https:\/\/musique-equilibre.com\/me\/index.php\/2020\/03\/16\/jam14-concertmusiqueorleans\/#primaryimage\"},\"thumbnailUrl\":\"http:\/\/musique-equilibre.com\/me\/wp-content\/uploads\/2020\/03\/DSC02119-2-1024x576.jpg\",\"datePublished\":\"2020-03-16T11:57:03+00:00\",\"dateModified\":\"2020-04-29T08:58:09+00:00\",\"breadcrumb\":{\"@id\":\"https:\/\/musique-equilibre.com\/me\/index.php\/2020\/03\/16\/jam14-concertmusiqueorleans\/#breadcrumb\"},\"inLanguage\":\"fr-FR\",\"potentialAction\":[{\"@type\":\"ReadAction\",\"target\":[\"https:\/\/musique-equilibre.com\/me\/index.php\/2020\/03\/16\/jam14-concertmusiqueorleans\/\"]}]},{\"@type\":\"ImageObject\",\"inLanguage\":\"fr-FR\",\"@id\":\"https:\/\/musique-equilibre.com\/me\/index.php\/2020\/03\/16\/jam14-concertmusiqueorleans\/#primaryimage\",\"url\":\"http:\/\/musique-equilibre.com\/me\/wp-content\/uploads\/2020\/03\/DSC02119-2-1024x576.jpg\",\"contentUrl\":\"http:\/\/musique-equilibre.com\/me\/wp-content\/uploads\/2020\/03\/DSC02119-2-1024x576.jpg\"},{\"@type\":\"BreadcrumbList\",\"@id\":\"https:\/\/musique-equilibre.com\/me\/index.php\/2020\/03\/16\/jam14-concertmusiqueorleans\/#breadcrumb\",\"itemListElement\":[{\"@type\":\"ListItem\",\"position\":1,\"name\":\"Accueil\",\"item\":\"https:\/\/musique-equilibre.com\/me\/\"},{\"@type\":\"ListItem\",\"position\":2,\"name\":\"JAM#14 &#8211; R\u00e9gis Savigny &#8211; 10 mars\"}]},{\"@type\":\"WebSite\",\"@id\":\"https:\/\/musique-equilibre.com\/me\/#website\",\"url\":\"https:\/\/musique-equilibre.com\/me\/\",\"name\":\"Musique et Equilibre\",\"description\":\"\",\"publisher\":{\"@id\":\"https:\/\/musique-equilibre.com\/me\/#organization\"},\"potentialAction\":[{\"@type\":\"SearchAction\",\"target\":{\"@type\":\"EntryPoint\",\"urlTemplate\":\"https:\/\/musique-equilibre.com\/me\/?s={search_term_string}\"},\"query-input\":{\"@type\":\"PropertyValueSpecification\",\"valueRequired\":true,\"valueName\":\"search_term_string\"}}],\"inLanguage\":\"fr-FR\"},{\"@type\":\"Organization\",\"@id\":\"https:\/\/musique-equilibre.com\/me\/#organization\",\"name\":\"Musique et Equilibre\",\"alternateName\":\"\u00c9cole de musique et salle de concert \u00e0 Orl\u00e9ans\",\"url\":\"https:\/\/musique-equilibre.com\/me\/\",\"logo\":{\"@type\":\"ImageObject\",\"inLanguage\":\"fr-FR\",\"@id\":\"https:\/\/musique-equilibre.com\/me\/#\/schema\/logo\/image\/\",\"url\":\"https:\/\/musique-equilibre.com\/me\/wp-content\/uploads\/2022\/11\/cropped-Logo_orange_texture-1.png\",\"contentUrl\":\"https:\/\/musique-equilibre.com\/me\/wp-content\/uploads\/2022\/11\/cropped-Logo_orange_texture-1.png\",\"width\":512,\"height\":512,\"caption\":\"Musique et Equilibre\"},\"image\":{\"@id\":\"https:\/\/musique-equilibre.com\/me\/#\/schema\/logo\/image\/\"},\"sameAs\":[\"https:\/\/www.facebook.com\/MusiqueetEquilibre45\",\"https:\/\/x.com\/Musiquequilibre\",\"https:\/\/www.instagram.com\/musique_et_equilibre_\/\",\"https:\/\/www.linkedin.com\/company\/musique-&amp;-equilibre\/\",\"https:\/\/www.youtube.com\/c\/MusiqueEquilibreOrleans\/\"]},{\"@type\":\"Person\",\"@id\":\"https:\/\/musique-equilibre.com\/me\/#\/schema\/person\/d43605ef0d5681c1b27a4ba1fede1cf4\",\"name\":\"admin\",\"image\":{\"@type\":\"ImageObject\",\"inLanguage\":\"fr-FR\",\"@id\":\"https:\/\/musique-equilibre.com\/me\/#\/schema\/person\/image\/\",\"url\":\"https:\/\/secure.gravatar.com\/avatar\/4cf7b4111456799aef2a50176cfabd70e4afde55908c0caa0617fa42d2f71d9f?s=96&d=mm&r=g\",\"contentUrl\":\"https:\/\/secure.gravatar.com\/avatar\/4cf7b4111456799aef2a50176cfabd70e4afde55908c0caa0617fa42d2f71d9f?s=96&d=mm&r=g\",\"caption\":\"admin\"},\"url\":\"https:\/\/musique-equilibre.com\/me\/index.php\/author\/admin\/\"}]}<\/script>\n<!-- \/ Yoast SEO plugin. -->","yoast_head_json":{"title":"JAM#14 - R\u00e9gis Savigny - 10 mars - Musique et Equilibre","robots":{"index":"index","follow":"follow","max-snippet":"max-snippet:-1","max-image-preview":"max-image-preview:large","max-video-preview":"max-video-preview:-1"},"canonical":"https:\/\/musique-equilibre.com\/me\/index.php\/2020\/03\/16\/jam14-concertmusiqueorleans\/","og_locale":"fr_FR","og_type":"article","og_title":"JAM#14 - R\u00e9gis Savigny - 10 mars - Musique et Equilibre","og_url":"https:\/\/musique-equilibre.com\/me\/index.php\/2020\/03\/16\/jam14-concertmusiqueorleans\/","og_site_name":"Musique et Equilibre","article_publisher":"https:\/\/www.facebook.com\/MusiqueetEquilibre45","article_published_time":"2020-03-16T11:57:03+00:00","article_modified_time":"2020-04-29T08:58:09+00:00","og_image":[{"url":"http:\/\/musique-equilibre.com\/me\/wp-content\/uploads\/2020\/03\/DSC02119-2-1024x576.jpg","type":"","width":"","height":""}],"author":"admin","twitter_card":"summary_large_image","twitter_creator":"@Musiquequilibre","twitter_site":"@Musiquequilibre","twitter_misc":{"\u00c9crit par":"admin"},"schema":{"@context":"https:\/\/schema.org","@graph":[{"@type":"Article","@id":"https:\/\/musique-equilibre.com\/me\/index.php\/2020\/03\/16\/jam14-concertmusiqueorleans\/#article","isPartOf":{"@id":"https:\/\/musique-equilibre.com\/me\/index.php\/2020\/03\/16\/jam14-concertmusiqueorleans\/"},"author":{"name":"admin","@id":"https:\/\/musique-equilibre.com\/me\/#\/schema\/person\/d43605ef0d5681c1b27a4ba1fede1cf4"},"headline":"JAM#14 &#8211; R\u00e9gis Savigny &#8211; 10 mars","datePublished":"2020-03-16T11:57:03+00:00","dateModified":"2020-04-29T08:58:09+00:00","mainEntityOfPage":{"@id":"https:\/\/musique-equilibre.com\/me\/index.php\/2020\/03\/16\/jam14-concertmusiqueorleans\/"},"wordCount":7,"commentCount":0,"publisher":{"@id":"https:\/\/musique-equilibre.com\/me\/#organization"},"image":{"@id":"https:\/\/musique-equilibre.com\/me\/index.php\/2020\/03\/16\/jam14-concertmusiqueorleans\/#primaryimage"},"thumbnailUrl":"http:\/\/musique-equilibre.com\/me\/wp-content\/uploads\/2020\/03\/DSC02119-2-1024x576.jpg","inLanguage":"fr-FR","potentialAction":[{"@type":"CommentAction","name":"Comment","target":["https:\/\/musique-equilibre.com\/me\/index.php\/2020\/03\/16\/jam14-concertmusiqueorleans\/#respond"]}]},{"@type":"WebPage","@id":"https:\/\/musique-equilibre.com\/me\/index.php\/2020\/03\/16\/jam14-concertmusiqueorleans\/","url":"https:\/\/musique-equilibre.com\/me\/index.php\/2020\/03\/16\/jam14-concertmusiqueorleans\/","name":"JAM#14 - R\u00e9gis Savigny - 10 mars - Musique et Equilibre","isPartOf":{"@id":"https:\/\/musique-equilibre.com\/me\/#website"},"primaryImageOfPage":{"@id":"https:\/\/musique-equilibre.com\/me\/index.php\/2020\/03\/16\/jam14-concertmusiqueorleans\/#primaryimage"},"image":{"@id":"https:\/\/musique-equilibre.com\/me\/index.php\/2020\/03\/16\/jam14-concertmusiqueorleans\/#primaryimage"},"thumbnailUrl":"http:\/\/musique-equilibre.com\/me\/wp-content\/uploads\/2020\/03\/DSC02119-2-1024x576.jpg","datePublished":"2020-03-16T11:57:03+00:00","dateModified":"2020-04-29T08:58:09+00:00","breadcrumb":{"@id":"https:\/\/musique-equilibre.com\/me\/index.php\/2020\/03\/16\/jam14-concertmusiqueorleans\/#breadcrumb"},"inLanguage":"fr-FR","potentialAction":[{"@type":"ReadAction","target":["https:\/\/musique-equilibre.com\/me\/index.php\/2020\/03\/16\/jam14-concertmusiqueorleans\/"]}]},{"@type":"ImageObject","inLanguage":"fr-FR","@id":"https:\/\/musique-equilibre.com\/me\/index.php\/2020\/03\/16\/jam14-concertmusiqueorleans\/#primaryimage","url":"http:\/\/musique-equilibre.com\/me\/wp-content\/uploads\/2020\/03\/DSC02119-2-1024x576.jpg","contentUrl":"http:\/\/musique-equilibre.com\/me\/wp-content\/uploads\/2020\/03\/DSC02119-2-1024x576.jpg"},{"@type":"BreadcrumbList","@id":"https:\/\/musique-equilibre.com\/me\/index.php\/2020\/03\/16\/jam14-concertmusiqueorleans\/#breadcrumb","itemListElement":[{"@type":"ListItem","position":1,"name":"Accueil","item":"https:\/\/musique-equilibre.com\/me\/"},{"@type":"ListItem","position":2,"name":"JAM#14 &#8211; R\u00e9gis Savigny &#8211; 10 mars"}]},{"@type":"WebSite","@id":"https:\/\/musique-equilibre.com\/me\/#website","url":"https:\/\/musique-equilibre.com\/me\/","name":"Musique et Equilibre","description":"","publisher":{"@id":"https:\/\/musique-equilibre.com\/me\/#organization"},"potentialAction":[{"@type":"SearchAction","target":{"@type":"EntryPoint","urlTemplate":"https:\/\/musique-equilibre.com\/me\/?s={search_term_string}"},"query-input":{"@type":"PropertyValueSpecification","valueRequired":true,"valueName":"search_term_string"}}],"inLanguage":"fr-FR"},{"@type":"Organization","@id":"https:\/\/musique-equilibre.com\/me\/#organization","name":"Musique et Equilibre","alternateName":"\u00c9cole de musique et salle de concert \u00e0 Orl\u00e9ans","url":"https:\/\/musique-equilibre.com\/me\/","logo":{"@type":"ImageObject","inLanguage":"fr-FR","@id":"https:\/\/musique-equilibre.com\/me\/#\/schema\/logo\/image\/","url":"https:\/\/musique-equilibre.com\/me\/wp-content\/uploads\/2022\/11\/cropped-Logo_orange_texture-1.png","contentUrl":"https:\/\/musique-equilibre.com\/me\/wp-content\/uploads\/2022\/11\/cropped-Logo_orange_texture-1.png","width":512,"height":512,"caption":"Musique et Equilibre"},"image":{"@id":"https:\/\/musique-equilibre.com\/me\/#\/schema\/logo\/image\/"},"sameAs":["https:\/\/www.facebook.com\/MusiqueetEquilibre45","https:\/\/x.com\/Musiquequilibre","https:\/\/www.instagram.com\/musique_et_equilibre_\/","https:\/\/www.linkedin.com\/company\/musique-&amp;-equilibre\/","https:\/\/www.youtube.com\/c\/MusiqueEquilibreOrleans\/"]},{"@type":"Person","@id":"https:\/\/musique-equilibre.com\/me\/#\/schema\/person\/d43605ef0d5681c1b27a4ba1fede1cf4","name":"admin","image":{"@type":"ImageObject","inLanguage":"fr-FR","@id":"https:\/\/musique-equilibre.com\/me\/#\/schema\/person\/image\/","url":"https:\/\/secure.gravatar.com\/avatar\/4cf7b4111456799aef2a50176cfabd70e4afde55908c0caa0617fa42d2f71d9f?s=96&d=mm&r=g","contentUrl":"https:\/\/secure.gravatar.com\/avatar\/4cf7b4111456799aef2a50176cfabd70e4afde55908c0caa0617fa42d2f71d9f?s=96&d=mm&r=g","caption":"admin"},"url":"https:\/\/musique-equilibre.com\/me\/index.php\/author\/admin\/"}]}},"_links":{"self":[{"href":"https:\/\/musique-equilibre.com\/me\/index.php\/wp-json\/wp\/v2\/posts\/5985","targetHints":{"allow":["GET"]}}],"collection":[{"href":"https:\/\/musique-equilibre.com\/me\/index.php\/wp-json\/wp\/v2\/posts"}],"about":[{"href":"https:\/\/musique-equilibre.com\/me\/index.php\/wp-json\/wp\/v2\/types\/post"}],"author":[{"embeddable":true,"href":"https:\/\/musique-equilibre.com\/me\/index.php\/wp-json\/wp\/v2\/users\/1"}],"replies":[{"embeddable":true,"href":"https:\/\/musique-equilibre.com\/me\/index.php\/wp-json\/wp\/v2\/comments?post=5985"}],"version-history":[{"count":1,"href":"https:\/\/musique-equilibre.com\/me\/index.php\/wp-json\/wp\/v2\/posts\/5985\/revisions"}],"predecessor-version":[{"id":6017,"href":"https:\/\/musique-equilibre.com\/me\/index.php\/wp-json\/wp\/v2\/posts\/5985\/revisions\/6017"}],"wp:attachment":[{"href":"https:\/\/musique-equilibre.com\/me\/index.php\/wp-json\/wp\/v2\/media?parent=5985"}],"wp:term":[{"taxonomy":"category","embeddable":true,"href":"https:\/\/musique-equilibre.com\/me\/index.php\/wp-json\/wp\/v2\/categories?post=5985"},{"taxonomy":"post_tag","embeddable":true,"href":"https:\/\/musique-equilibre.com\/me\/index.php\/wp-json\/wp\/v2\/tags?post=5985"}],"curies":[{"name":"wp","href":"https:\/\/api.w.org\/{rel}","templated":true}]}}