{"id":5199,"date":"2019-11-06T15:04:00","date_gmt":"2019-11-06T14:04:00","guid":{"rendered":"http:\/\/musique-equilibre.com\/me\/?p=5199"},"modified":"2023-09-13T12:28:42","modified_gmt":"2023-09-13T10:28:42","slug":"bio-romain-clement-coursmusiqueorleans","status":"publish","type":"post","link":"https:\/\/musique-equilibre.com\/me\/index.php\/2019\/11\/06\/bio-romain-clement-coursmusiqueorleans\/","title":{"rendered":"<span style=\"font-family: coves;\">BIO &#8211; Romain CL\u00c9MENT"},"content":{"rendered":"<p><img fetchpriority=\"high\" decoding=\"async\" class=\"aligncenter wp-image-10437 size-medium\" src=\"https:\/\/musique-equilibre.com\/me\/wp-content\/uploads\/2019\/11\/Romain-Clement-guitare-300x300.png\" alt=\"romain cl\u00e9ment cours de guitare professeurs musiques actuelles musique et \u00e9quilibre orl\u00e9ans loiret rock\" width=\"300\" height=\"300\" srcset=\"https:\/\/musique-equilibre.com\/me\/wp-content\/uploads\/2019\/11\/Romain-Clement-guitare-300x300.png 300w, https:\/\/musique-equilibre.com\/me\/wp-content\/uploads\/2019\/11\/Romain-Clement-guitare-1024x1024.png 1024w, https:\/\/musique-equilibre.com\/me\/wp-content\/uploads\/2019\/11\/Romain-Clement-guitare-150x150.png 150w, https:\/\/musique-equilibre.com\/me\/wp-content\/uploads\/2019\/11\/Romain-Clement-guitare-768x768.png 768w, https:\/\/musique-equilibre.com\/me\/wp-content\/uploads\/2019\/11\/Romain-Clement-guitare-510x510.png 510w, https:\/\/musique-equilibre.com\/me\/wp-content\/uploads\/2019\/11\/Romain-Clement-guitare.png 1080w\" sizes=\"(max-width: 300px) 100vw, 300px\" \/><\/p>\n<p style=\"text-align: center;\"><span style=\"font-family: Nexa Rust Sans;\"><span style=\"color: #f15d20;\"><a href=\"https:\/\/musique-equilibre.com\/me\/index.php\/cours-de-guitare\/\" target=\"_blank\" rel=\"noopener\" data-wplink-edit=\"true\">Romain CL<b>\u00c9<\/b>MENT<\/a><br \/>\n<\/span><\/span><\/p>\n<hr>\n<p style=\"text-align: center;\"><span style=\"font-family: coves;\">Clarinettiste de formation, Romain d\u00e9bute la musique \u00e0 l&rsquo;\u00e2ge de 10 ans. D\u00e9sireux de pouvoir jouer la musique qu&rsquo;il \u00e9coute le plus, il se lance \u00e0 16 ans dans l&rsquo;apprentissage de la guitare \u00e9lectrique. Form\u00e9 \u00e0 <strong>Musique &amp; \u00c9quilibre<\/strong>, il acqui\u00e8re rapidement les bases n\u00e9cessaires au travail du musicien professionnel. Le style de Romain se caract\u00e9rise par son \u00e9nergie et sa finesse technique. Apr\u00e8s de nombreux petits projets, il joue durant 10 ans dans le groupe <strong>Wild Dawn<\/strong>, lui permettant ainsi de fouler les planches de salles mythique et de nombreux festival (<strong>la Cigale<\/strong>, <strong>Casino de Paris<\/strong>, <strong>la Boule Noire<\/strong>, <strong>Hellfest<\/strong>&#8230;). Avec la s\u00e9paration du groupe, Romain joue depuis 2018 dans le groupe <strong>Orpheum Black<\/strong>. Toujours avec l&rsquo;envie de progresser, il se forme dans les m\u00e9tiers du son et monte son studio d&rsquo;enregistrement : le \u00ab\u00a0<strong>MojoSound Studio<\/strong>\u00ab\u00a0.<\/span><\/p>\n<p style=\"text-align: center;\"><a href=\"https:\/\/www.facebook.com\/OrpheumBlack\/\"><span style=\"font-family: coves;\">Retrouvez Orpheum Black sur Facebook.<\/span><\/a><\/p>\n","protected":false},"excerpt":{"rendered":"<p>Romain CL\u00c9MENT Clarinettiste de formation, Romain d\u00e9bute la musique \u00e0 l&rsquo;\u00e2ge de 10 ans. D\u00e9sireux de pouvoir jouer la musique qu&rsquo;il \u00e9coute le plus, il se lance \u00e0 16 ans dans l&rsquo;apprentissage de la guitare \u00e9lectrique. Form\u00e9 \u00e0 Musique &amp; \u00c9quilibre, il acqui\u00e8re rapidement les bases n\u00e9cessaires au travail du musicien professionnel. Le style de [&hellip;]<\/p>\n","protected":false},"author":1,"featured_media":10437,"comment_status":"open","ping_status":"open","sticky":false,"template":"","format":"standard","meta":{"footnotes":""},"categories":[20],"tags":[],"class_list":{"0":"post-5199","1":"post","2":"type-post","3":"status-publish","4":"format-standard","5":"has-post-thumbnail","7":"category-biographie","8":"czr-hentry"},"yoast_head":"<!-- This site is optimized with the Yoast SEO plugin v26.8 - https:\/\/yoast.com\/product\/yoast-seo-wordpress\/ -->\n<title>BIO - Romain CL\u00c9MENT - Musique et Equilibre<\/title>\n<meta name=\"description\" content=\"D\u00e9couvrez la bio de Romain Cl\u00e9ment ! Cet artiste musicien enseigne la guitare \u00e9lectrique au sein de Musique et \u00c9quilibre.\" \/>\n<meta name=\"robots\" content=\"index, follow, max-snippet:-1, max-image-preview:large, max-video-preview:-1\" \/>\n<link rel=\"canonical\" href=\"https:\/\/musique-equilibre.com\/me\/index.php\/2019\/11\/06\/bio-romain-clement-coursmusiqueorleans\/\" \/>\n<meta property=\"og:locale\" content=\"fr_FR\" \/>\n<meta property=\"og:type\" content=\"article\" \/>\n<meta property=\"og:title\" content=\"BIO - Romain CL\u00c9MENT - Musique et Equilibre\" \/>\n<meta property=\"og:description\" content=\"D\u00e9couvrez la bio de Romain Cl\u00e9ment ! Cet artiste musicien enseigne la guitare \u00e9lectrique au sein de Musique et \u00c9quilibre.\" \/>\n<meta property=\"og:url\" content=\"https:\/\/musique-equilibre.com\/me\/index.php\/2019\/11\/06\/bio-romain-clement-coursmusiqueorleans\/\" \/>\n<meta property=\"og:site_name\" content=\"Musique et Equilibre\" \/>\n<meta property=\"article:publisher\" content=\"https:\/\/www.facebook.com\/MusiqueetEquilibre45\" \/>\n<meta property=\"article:published_time\" content=\"2019-11-06T14:04:00+00:00\" \/>\n<meta property=\"article:modified_time\" content=\"2023-09-13T10:28:42+00:00\" \/>\n<meta property=\"og:image\" content=\"https:\/\/musique-equilibre.com\/me\/wp-content\/uploads\/2019\/11\/Romain-Clement-guitare.png\" \/>\n\t<meta property=\"og:image:width\" content=\"1080\" \/>\n\t<meta property=\"og:image:height\" content=\"1080\" \/>\n\t<meta property=\"og:image:type\" content=\"image\/png\" \/>\n<meta name=\"author\" content=\"admin\" \/>\n<meta name=\"twitter:card\" content=\"summary_large_image\" \/>\n<meta name=\"twitter:creator\" content=\"@Musiquequilibre\" \/>\n<meta name=\"twitter:site\" content=\"@Musiquequilibre\" \/>\n<meta name=\"twitter:label1\" content=\"\u00c9crit par\" \/>\n\t<meta name=\"twitter:data1\" content=\"admin\" \/>\n\t<meta name=\"twitter:label2\" content=\"Dur\u00e9e de lecture estim\u00e9e\" \/>\n\t<meta name=\"twitter:data2\" content=\"1 minute\" \/>\n<script type=\"application\/ld+json\" class=\"yoast-schema-graph\">{\"@context\":\"https:\/\/schema.org\",\"@graph\":[{\"@type\":\"Article\",\"@id\":\"https:\/\/musique-equilibre.com\/me\/index.php\/2019\/11\/06\/bio-romain-clement-coursmusiqueorleans\/#article\",\"isPartOf\":{\"@id\":\"https:\/\/musique-equilibre.com\/me\/index.php\/2019\/11\/06\/bio-romain-clement-coursmusiqueorleans\/\"},\"author\":{\"name\":\"admin\",\"@id\":\"https:\/\/musique-equilibre.com\/me\/#\/schema\/person\/d43605ef0d5681c1b27a4ba1fede1cf4\"},\"headline\":\"BIO &#8211; Romain CL\u00c9MENT\",\"datePublished\":\"2019-11-06T14:04:00+00:00\",\"dateModified\":\"2023-09-13T10:28:42+00:00\",\"mainEntityOfPage\":{\"@id\":\"https:\/\/musique-equilibre.com\/me\/index.php\/2019\/11\/06\/bio-romain-clement-coursmusiqueorleans\/\"},\"wordCount\":155,\"commentCount\":0,\"publisher\":{\"@id\":\"https:\/\/musique-equilibre.com\/me\/#organization\"},\"image\":{\"@id\":\"https:\/\/musique-equilibre.com\/me\/index.php\/2019\/11\/06\/bio-romain-clement-coursmusiqueorleans\/#primaryimage\"},\"thumbnailUrl\":\"https:\/\/musique-equilibre.com\/me\/wp-content\/uploads\/2019\/11\/Romain-Clement-guitare.png\",\"articleSection\":[\"Biographie\"],\"inLanguage\":\"fr-FR\",\"potentialAction\":[{\"@type\":\"CommentAction\",\"name\":\"Comment\",\"target\":[\"https:\/\/musique-equilibre.com\/me\/index.php\/2019\/11\/06\/bio-romain-clement-coursmusiqueorleans\/#respond\"]}]},{\"@type\":\"WebPage\",\"@id\":\"https:\/\/musique-equilibre.com\/me\/index.php\/2019\/11\/06\/bio-romain-clement-coursmusiqueorleans\/\",\"url\":\"https:\/\/musique-equilibre.com\/me\/index.php\/2019\/11\/06\/bio-romain-clement-coursmusiqueorleans\/\",\"name\":\"BIO - Romain CL\u00c9MENT - Musique et Equilibre\",\"isPartOf\":{\"@id\":\"https:\/\/musique-equilibre.com\/me\/#website\"},\"primaryImageOfPage\":{\"@id\":\"https:\/\/musique-equilibre.com\/me\/index.php\/2019\/11\/06\/bio-romain-clement-coursmusiqueorleans\/#primaryimage\"},\"image\":{\"@id\":\"https:\/\/musique-equilibre.com\/me\/index.php\/2019\/11\/06\/bio-romain-clement-coursmusiqueorleans\/#primaryimage\"},\"thumbnailUrl\":\"https:\/\/musique-equilibre.com\/me\/wp-content\/uploads\/2019\/11\/Romain-Clement-guitare.png\",\"datePublished\":\"2019-11-06T14:04:00+00:00\",\"dateModified\":\"2023-09-13T10:28:42+00:00\",\"description\":\"D\u00e9couvrez la bio de Romain Cl\u00e9ment ! Cet artiste musicien enseigne la guitare \u00e9lectrique au sein de Musique et \u00c9quilibre.\",\"breadcrumb\":{\"@id\":\"https:\/\/musique-equilibre.com\/me\/index.php\/2019\/11\/06\/bio-romain-clement-coursmusiqueorleans\/#breadcrumb\"},\"inLanguage\":\"fr-FR\",\"potentialAction\":[{\"@type\":\"ReadAction\",\"target\":[\"https:\/\/musique-equilibre.com\/me\/index.php\/2019\/11\/06\/bio-romain-clement-coursmusiqueorleans\/\"]}]},{\"@type\":\"ImageObject\",\"inLanguage\":\"fr-FR\",\"@id\":\"https:\/\/musique-equilibre.com\/me\/index.php\/2019\/11\/06\/bio-romain-clement-coursmusiqueorleans\/#primaryimage\",\"url\":\"https:\/\/musique-equilibre.com\/me\/wp-content\/uploads\/2019\/11\/Romain-Clement-guitare.png\",\"contentUrl\":\"https:\/\/musique-equilibre.com\/me\/wp-content\/uploads\/2019\/11\/Romain-Clement-guitare.png\",\"width\":1080,\"height\":1080,\"caption\":\"romain cl\u00e9ment cours de guitare professeurs musiques actuelles musique et \u00e9quilibre orl\u00e9ans loiret rock\"},{\"@type\":\"BreadcrumbList\",\"@id\":\"https:\/\/musique-equilibre.com\/me\/index.php\/2019\/11\/06\/bio-romain-clement-coursmusiqueorleans\/#breadcrumb\",\"itemListElement\":[{\"@type\":\"ListItem\",\"position\":1,\"name\":\"Accueil\",\"item\":\"https:\/\/musique-equilibre.com\/me\/\"},{\"@type\":\"ListItem\",\"position\":2,\"name\":\"BIO &#8211; Romain CL\u00c9MENT\"}]},{\"@type\":\"WebSite\",\"@id\":\"https:\/\/musique-equilibre.com\/me\/#website\",\"url\":\"https:\/\/musique-equilibre.com\/me\/\",\"name\":\"Musique et Equilibre\",\"description\":\"\",\"publisher\":{\"@id\":\"https:\/\/musique-equilibre.com\/me\/#organization\"},\"potentialAction\":[{\"@type\":\"SearchAction\",\"target\":{\"@type\":\"EntryPoint\",\"urlTemplate\":\"https:\/\/musique-equilibre.com\/me\/?s={search_term_string}\"},\"query-input\":{\"@type\":\"PropertyValueSpecification\",\"valueRequired\":true,\"valueName\":\"search_term_string\"}}],\"inLanguage\":\"fr-FR\"},{\"@type\":\"Organization\",\"@id\":\"https:\/\/musique-equilibre.com\/me\/#organization\",\"name\":\"Musique et Equilibre\",\"alternateName\":\"\u00c9cole de musique et salle de concert \u00e0 Orl\u00e9ans\",\"url\":\"https:\/\/musique-equilibre.com\/me\/\",\"logo\":{\"@type\":\"ImageObject\",\"inLanguage\":\"fr-FR\",\"@id\":\"https:\/\/musique-equilibre.com\/me\/#\/schema\/logo\/image\/\",\"url\":\"https:\/\/musique-equilibre.com\/me\/wp-content\/uploads\/2022\/11\/cropped-Logo_orange_texture-1.png\",\"contentUrl\":\"https:\/\/musique-equilibre.com\/me\/wp-content\/uploads\/2022\/11\/cropped-Logo_orange_texture-1.png\",\"width\":512,\"height\":512,\"caption\":\"Musique et Equilibre\"},\"image\":{\"@id\":\"https:\/\/musique-equilibre.com\/me\/#\/schema\/logo\/image\/\"},\"sameAs\":[\"https:\/\/www.facebook.com\/MusiqueetEquilibre45\",\"https:\/\/x.com\/Musiquequilibre\",\"https:\/\/www.instagram.com\/musique_et_equilibre_\/\",\"https:\/\/www.linkedin.com\/company\/musique-&amp;-equilibre\/\",\"https:\/\/www.youtube.com\/c\/MusiqueEquilibreOrleans\/\"]},{\"@type\":\"Person\",\"@id\":\"https:\/\/musique-equilibre.com\/me\/#\/schema\/person\/d43605ef0d5681c1b27a4ba1fede1cf4\",\"name\":\"admin\",\"image\":{\"@type\":\"ImageObject\",\"inLanguage\":\"fr-FR\",\"@id\":\"https:\/\/musique-equilibre.com\/me\/#\/schema\/person\/image\/\",\"url\":\"https:\/\/secure.gravatar.com\/avatar\/4cf7b4111456799aef2a50176cfabd70e4afde55908c0caa0617fa42d2f71d9f?s=96&d=mm&r=g\",\"contentUrl\":\"https:\/\/secure.gravatar.com\/avatar\/4cf7b4111456799aef2a50176cfabd70e4afde55908c0caa0617fa42d2f71d9f?s=96&d=mm&r=g\",\"caption\":\"admin\"},\"url\":\"https:\/\/musique-equilibre.com\/me\/index.php\/author\/admin\/\"}]}<\/script>\n<!-- \/ Yoast SEO plugin. -->","yoast_head_json":{"title":"BIO - Romain CL\u00c9MENT - Musique et Equilibre","description":"D\u00e9couvrez la bio de Romain Cl\u00e9ment ! Cet artiste musicien enseigne la guitare \u00e9lectrique au sein de Musique et \u00c9quilibre.","robots":{"index":"index","follow":"follow","max-snippet":"max-snippet:-1","max-image-preview":"max-image-preview:large","max-video-preview":"max-video-preview:-1"},"canonical":"https:\/\/musique-equilibre.com\/me\/index.php\/2019\/11\/06\/bio-romain-clement-coursmusiqueorleans\/","og_locale":"fr_FR","og_type":"article","og_title":"BIO - Romain CL\u00c9MENT - Musique et Equilibre","og_description":"D\u00e9couvrez la bio de Romain Cl\u00e9ment ! Cet artiste musicien enseigne la guitare \u00e9lectrique au sein de Musique et \u00c9quilibre.","og_url":"https:\/\/musique-equilibre.com\/me\/index.php\/2019\/11\/06\/bio-romain-clement-coursmusiqueorleans\/","og_site_name":"Musique et Equilibre","article_publisher":"https:\/\/www.facebook.com\/MusiqueetEquilibre45","article_published_time":"2019-11-06T14:04:00+00:00","article_modified_time":"2023-09-13T10:28:42+00:00","og_image":[{"width":1080,"height":1080,"url":"https:\/\/musique-equilibre.com\/me\/wp-content\/uploads\/2019\/11\/Romain-Clement-guitare.png","type":"image\/png"}],"author":"admin","twitter_card":"summary_large_image","twitter_creator":"@Musiquequilibre","twitter_site":"@Musiquequilibre","twitter_misc":{"\u00c9crit par":"admin","Dur\u00e9e de lecture estim\u00e9e":"1 minute"},"schema":{"@context":"https:\/\/schema.org","@graph":[{"@type":"Article","@id":"https:\/\/musique-equilibre.com\/me\/index.php\/2019\/11\/06\/bio-romain-clement-coursmusiqueorleans\/#article","isPartOf":{"@id":"https:\/\/musique-equilibre.com\/me\/index.php\/2019\/11\/06\/bio-romain-clement-coursmusiqueorleans\/"},"author":{"name":"admin","@id":"https:\/\/musique-equilibre.com\/me\/#\/schema\/person\/d43605ef0d5681c1b27a4ba1fede1cf4"},"headline":"BIO &#8211; Romain CL\u00c9MENT","datePublished":"2019-11-06T14:04:00+00:00","dateModified":"2023-09-13T10:28:42+00:00","mainEntityOfPage":{"@id":"https:\/\/musique-equilibre.com\/me\/index.php\/2019\/11\/06\/bio-romain-clement-coursmusiqueorleans\/"},"wordCount":155,"commentCount":0,"publisher":{"@id":"https:\/\/musique-equilibre.com\/me\/#organization"},"image":{"@id":"https:\/\/musique-equilibre.com\/me\/index.php\/2019\/11\/06\/bio-romain-clement-coursmusiqueorleans\/#primaryimage"},"thumbnailUrl":"https:\/\/musique-equilibre.com\/me\/wp-content\/uploads\/2019\/11\/Romain-Clement-guitare.png","articleSection":["Biographie"],"inLanguage":"fr-FR","potentialAction":[{"@type":"CommentAction","name":"Comment","target":["https:\/\/musique-equilibre.com\/me\/index.php\/2019\/11\/06\/bio-romain-clement-coursmusiqueorleans\/#respond"]}]},{"@type":"WebPage","@id":"https:\/\/musique-equilibre.com\/me\/index.php\/2019\/11\/06\/bio-romain-clement-coursmusiqueorleans\/","url":"https:\/\/musique-equilibre.com\/me\/index.php\/2019\/11\/06\/bio-romain-clement-coursmusiqueorleans\/","name":"BIO - Romain CL\u00c9MENT - Musique et Equilibre","isPartOf":{"@id":"https:\/\/musique-equilibre.com\/me\/#website"},"primaryImageOfPage":{"@id":"https:\/\/musique-equilibre.com\/me\/index.php\/2019\/11\/06\/bio-romain-clement-coursmusiqueorleans\/#primaryimage"},"image":{"@id":"https:\/\/musique-equilibre.com\/me\/index.php\/2019\/11\/06\/bio-romain-clement-coursmusiqueorleans\/#primaryimage"},"thumbnailUrl":"https:\/\/musique-equilibre.com\/me\/wp-content\/uploads\/2019\/11\/Romain-Clement-guitare.png","datePublished":"2019-11-06T14:04:00+00:00","dateModified":"2023-09-13T10:28:42+00:00","description":"D\u00e9couvrez la bio de Romain Cl\u00e9ment ! Cet artiste musicien enseigne la guitare \u00e9lectrique au sein de Musique et \u00c9quilibre.","breadcrumb":{"@id":"https:\/\/musique-equilibre.com\/me\/index.php\/2019\/11\/06\/bio-romain-clement-coursmusiqueorleans\/#breadcrumb"},"inLanguage":"fr-FR","potentialAction":[{"@type":"ReadAction","target":["https:\/\/musique-equilibre.com\/me\/index.php\/2019\/11\/06\/bio-romain-clement-coursmusiqueorleans\/"]}]},{"@type":"ImageObject","inLanguage":"fr-FR","@id":"https:\/\/musique-equilibre.com\/me\/index.php\/2019\/11\/06\/bio-romain-clement-coursmusiqueorleans\/#primaryimage","url":"https:\/\/musique-equilibre.com\/me\/wp-content\/uploads\/2019\/11\/Romain-Clement-guitare.png","contentUrl":"https:\/\/musique-equilibre.com\/me\/wp-content\/uploads\/2019\/11\/Romain-Clement-guitare.png","width":1080,"height":1080,"caption":"romain cl\u00e9ment cours de guitare professeurs musiques actuelles musique et \u00e9quilibre orl\u00e9ans loiret rock"},{"@type":"BreadcrumbList","@id":"https:\/\/musique-equilibre.com\/me\/index.php\/2019\/11\/06\/bio-romain-clement-coursmusiqueorleans\/#breadcrumb","itemListElement":[{"@type":"ListItem","position":1,"name":"Accueil","item":"https:\/\/musique-equilibre.com\/me\/"},{"@type":"ListItem","position":2,"name":"BIO &#8211; Romain CL\u00c9MENT"}]},{"@type":"WebSite","@id":"https:\/\/musique-equilibre.com\/me\/#website","url":"https:\/\/musique-equilibre.com\/me\/","name":"Musique et Equilibre","description":"","publisher":{"@id":"https:\/\/musique-equilibre.com\/me\/#organization"},"potentialAction":[{"@type":"SearchAction","target":{"@type":"EntryPoint","urlTemplate":"https:\/\/musique-equilibre.com\/me\/?s={search_term_string}"},"query-input":{"@type":"PropertyValueSpecification","valueRequired":true,"valueName":"search_term_string"}}],"inLanguage":"fr-FR"},{"@type":"Organization","@id":"https:\/\/musique-equilibre.com\/me\/#organization","name":"Musique et Equilibre","alternateName":"\u00c9cole de musique et salle de concert \u00e0 Orl\u00e9ans","url":"https:\/\/musique-equilibre.com\/me\/","logo":{"@type":"ImageObject","inLanguage":"fr-FR","@id":"https:\/\/musique-equilibre.com\/me\/#\/schema\/logo\/image\/","url":"https:\/\/musique-equilibre.com\/me\/wp-content\/uploads\/2022\/11\/cropped-Logo_orange_texture-1.png","contentUrl":"https:\/\/musique-equilibre.com\/me\/wp-content\/uploads\/2022\/11\/cropped-Logo_orange_texture-1.png","width":512,"height":512,"caption":"Musique et Equilibre"},"image":{"@id":"https:\/\/musique-equilibre.com\/me\/#\/schema\/logo\/image\/"},"sameAs":["https:\/\/www.facebook.com\/MusiqueetEquilibre45","https:\/\/x.com\/Musiquequilibre","https:\/\/www.instagram.com\/musique_et_equilibre_\/","https:\/\/www.linkedin.com\/company\/musique-&amp;-equilibre\/","https:\/\/www.youtube.com\/c\/MusiqueEquilibreOrleans\/"]},{"@type":"Person","@id":"https:\/\/musique-equilibre.com\/me\/#\/schema\/person\/d43605ef0d5681c1b27a4ba1fede1cf4","name":"admin","image":{"@type":"ImageObject","inLanguage":"fr-FR","@id":"https:\/\/musique-equilibre.com\/me\/#\/schema\/person\/image\/","url":"https:\/\/secure.gravatar.com\/avatar\/4cf7b4111456799aef2a50176cfabd70e4afde55908c0caa0617fa42d2f71d9f?s=96&d=mm&r=g","contentUrl":"https:\/\/secure.gravatar.com\/avatar\/4cf7b4111456799aef2a50176cfabd70e4afde55908c0caa0617fa42d2f71d9f?s=96&d=mm&r=g","caption":"admin"},"url":"https:\/\/musique-equilibre.com\/me\/index.php\/author\/admin\/"}]}},"_links":{"self":[{"href":"https:\/\/musique-equilibre.com\/me\/index.php\/wp-json\/wp\/v2\/posts\/5199","targetHints":{"allow":["GET"]}}],"collection":[{"href":"https:\/\/musique-equilibre.com\/me\/index.php\/wp-json\/wp\/v2\/posts"}],"about":[{"href":"https:\/\/musique-equilibre.com\/me\/index.php\/wp-json\/wp\/v2\/types\/post"}],"author":[{"embeddable":true,"href":"https:\/\/musique-equilibre.com\/me\/index.php\/wp-json\/wp\/v2\/users\/1"}],"replies":[{"embeddable":true,"href":"https:\/\/musique-equilibre.com\/me\/index.php\/wp-json\/wp\/v2\/comments?post=5199"}],"version-history":[{"count":9,"href":"https:\/\/musique-equilibre.com\/me\/index.php\/wp-json\/wp\/v2\/posts\/5199\/revisions"}],"predecessor-version":[{"id":12560,"href":"https:\/\/musique-equilibre.com\/me\/index.php\/wp-json\/wp\/v2\/posts\/5199\/revisions\/12560"}],"wp:featuredmedia":[{"embeddable":true,"href":"https:\/\/musique-equilibre.com\/me\/index.php\/wp-json\/wp\/v2\/media\/10437"}],"wp:attachment":[{"href":"https:\/\/musique-equilibre.com\/me\/index.php\/wp-json\/wp\/v2\/media?parent=5199"}],"wp:term":[{"taxonomy":"category","embeddable":true,"href":"https:\/\/musique-equilibre.com\/me\/index.php\/wp-json\/wp\/v2\/categories?post=5199"},{"taxonomy":"post_tag","embeddable":true,"href":"https:\/\/musique-equilibre.com\/me\/index.php\/wp-json\/wp\/v2\/tags?post=5199"}],"curies":[{"name":"wp","href":"https:\/\/api.w.org\/{rel}","templated":true}]}}