{"id":17866,"date":"2025-10-03T12:45:10","date_gmt":"2025-10-03T10:45:10","guid":{"rendered":"https:\/\/musique-equilibre.com\/me\/?p=17866"},"modified":"2025-10-03T15:10:59","modified_gmt":"2025-10-03T13:10:59","slug":"william-palis-coursmusiqueorleans","status":"publish","type":"post","link":"https:\/\/musique-equilibre.com\/me\/index.php\/2025\/10\/03\/william-palis-coursmusiqueorleans\/","title":{"rendered":"BIO WILLIAM PALIS"},"content":{"rendered":"<p style=\"text-align: center;\"><span style=\"color: #f15d20; font-family: Nexa Rust Sans;\">WILLIAM PALIS<\/span><\/p>\n<p><img fetchpriority=\"high\" decoding=\"async\" class=\"wp-image-17867 size-medium aligncenter\" src=\"https:\/\/musique-equilibre.com\/me\/wp-content\/uploads\/2025\/10\/William-site-300x300.png\" alt=\"WILLIAM PALIS basse guitare \u00e9cole de musique cours d'instrument cours de musique cours de basse orl\u00e9ans loiret musique et \u00e9quilibre 108 argonaute\" width=\"300\" height=\"300\" srcset=\"https:\/\/musique-equilibre.com\/me\/wp-content\/uploads\/2025\/10\/William-site-300x300.png 300w, https:\/\/musique-equilibre.com\/me\/wp-content\/uploads\/2025\/10\/William-site-150x150.png 150w, https:\/\/musique-equilibre.com\/me\/wp-content\/uploads\/2025\/10\/William-site-510x510.png 510w, https:\/\/musique-equilibre.com\/me\/wp-content\/uploads\/2025\/10\/William-site.png 600w\" sizes=\"(max-width: 300px) 100vw, 300px\" \/><\/p>\n<p>William se passionne pour la basse \u00e9lectrique \u00e0 16 ans qu\u2019il va pratiqu\u00e9 dans de nombreuses formations musicales rock, hard rock et post-rock. Plus tard il aborde d\u2019autres styles world music, jazz-rock, soul, funk et fusion et collabore avec de nombreux artistes pour faire des sessions studio et d\u00e9velopp\u00e9 un groove personnel dans son jeu de basse. Il joue dans le groupe Profil Groove qui distille un r\u00e9pertoire compos\u00e9 des plus grands standards soul\/funk\/groove qui a \u00e0 son actif plus de 500 concerts \u00e0 travers la France.<br \/>En 2020, William devient musicien professionnel apr\u00e8s avoir suivi la formation <a href=\"https:\/\/www.fneijma.org\/ioma\/\" target=\"_blank\" rel=\"noopener\">IOMA<\/a> port\u00e9e par la FNEIJMA et assur\u00e9e par Musique et \u05a4\u00c9quilibre.<br \/>Depuis il intervient dans de nombreuses formations Orl\u00e9anaises et d&rsquo;IDF que ce soit \u00e0 la guitare-basse ou \u00e0 la guitare (Groove code, Retro Nova, Good times, West Orlins, Les mauvais gar\u00e7ons du Loiret, etc&#8230;&#8230;) et se produit sur de nombreuses sc\u00e8nes (festival deLoire, la Bamboche, festival de guitare de Pleaux, f\u00eates de la Sange, Ch\u00e2teau e Chamerolles, etc&#8230;&#8230;..). William donne des cours de guitare et guitare basse dans plusieurs \u00e9coles et est coach de groupe dans le cadre du dispositif Jamspace, o\u00f9 il a accompagn\u00e9 2 groupes locaux.<\/p>\n\n\n<p class=\"has-white-color has-text-color has-small-font-size\">bio baptiste soisson cours de piano<\/p>\n","protected":false},"excerpt":{"rendered":"<p>WILLIAM PALIS William se passionne pour la basse \u00e9lectrique \u00e0 16 ans qu\u2019il va pratiqu\u00e9 dans de nombreuses formations musicales rock, hard rock et post-rock. Plus tard il aborde d\u2019autres styles world music, jazz-rock, soul, funk et fusion et collabore avec de nombreux artistes pour faire des sessions studio et d\u00e9velopp\u00e9 un groove personnel dans [&hellip;]<\/p>\n","protected":false},"author":1,"featured_media":0,"comment_status":"open","ping_status":"closed","sticky":false,"template":"","format":"standard","meta":{"footnotes":""},"categories":[20],"tags":[],"class_list":{"0":"post-17866","1":"post","2":"type-post","3":"status-publish","4":"format-standard","6":"category-biographie","7":"czr-hentry"},"yoast_head":"<!-- This site is optimized with the Yoast SEO plugin v26.8 - https:\/\/yoast.com\/product\/yoast-seo-wordpress\/ -->\n<title>BIO WILLIAM PALIS - Musique et Equilibre<\/title>\n<meta name=\"description\" content=\"Venez d\u00e9couvrir la basse et la guitare gr\u00e2ce \u00e0 William Palis au sein de l&#039;\u00e9cole de Musique et \u00c9quilibre, \u00e0 Orl\u00e9ans !\" \/>\n<meta name=\"robots\" content=\"index, follow, max-snippet:-1, max-image-preview:large, max-video-preview:-1\" \/>\n<link rel=\"canonical\" href=\"https:\/\/musique-equilibre.com\/me\/index.php\/2025\/10\/03\/william-palis-coursmusiqueorleans\/\" \/>\n<meta property=\"og:locale\" content=\"fr_FR\" \/>\n<meta property=\"og:type\" content=\"article\" \/>\n<meta property=\"og:title\" content=\"BIO WILLIAM PALIS - Musique et Equilibre\" \/>\n<meta property=\"og:description\" content=\"Venez d\u00e9couvrir la basse et la guitare gr\u00e2ce \u00e0 William Palis au sein de l&#039;\u00e9cole de Musique et \u00c9quilibre, \u00e0 Orl\u00e9ans !\" \/>\n<meta property=\"og:url\" content=\"https:\/\/musique-equilibre.com\/me\/index.php\/2025\/10\/03\/william-palis-coursmusiqueorleans\/\" \/>\n<meta property=\"og:site_name\" content=\"Musique et Equilibre\" \/>\n<meta property=\"article:publisher\" content=\"https:\/\/www.facebook.com\/MusiqueetEquilibre45\" \/>\n<meta property=\"article:published_time\" content=\"2025-10-03T10:45:10+00:00\" \/>\n<meta property=\"article:modified_time\" content=\"2025-10-03T13:10:59+00:00\" \/>\n<meta property=\"og:image\" content=\"https:\/\/musique-equilibre.com\/me\/wp-content\/uploads\/2025\/10\/William-site.png\" \/>\n\t<meta property=\"og:image:width\" content=\"600\" \/>\n\t<meta property=\"og:image:height\" content=\"600\" \/>\n\t<meta property=\"og:image:type\" content=\"image\/png\" \/>\n<meta name=\"author\" content=\"admin\" \/>\n<meta name=\"twitter:card\" content=\"summary_large_image\" \/>\n<meta name=\"twitter:creator\" content=\"@Musiquequilibre\" \/>\n<meta name=\"twitter:site\" content=\"@Musiquequilibre\" \/>\n<meta name=\"twitter:label1\" content=\"\u00c9crit par\" \/>\n\t<meta name=\"twitter:data1\" content=\"admin\" \/>\n\t<meta name=\"twitter:label2\" content=\"Dur\u00e9e de lecture estim\u00e9e\" \/>\n\t<meta name=\"twitter:data2\" content=\"2 minutes\" \/>\n<script type=\"application\/ld+json\" class=\"yoast-schema-graph\">{\"@context\":\"https:\/\/schema.org\",\"@graph\":[{\"@type\":\"Article\",\"@id\":\"https:\/\/musique-equilibre.com\/me\/index.php\/2025\/10\/03\/william-palis-coursmusiqueorleans\/#article\",\"isPartOf\":{\"@id\":\"https:\/\/musique-equilibre.com\/me\/index.php\/2025\/10\/03\/william-palis-coursmusiqueorleans\/\"},\"author\":{\"name\":\"admin\",\"@id\":\"https:\/\/musique-equilibre.com\/me\/#\/schema\/person\/d43605ef0d5681c1b27a4ba1fede1cf4\"},\"headline\":\"BIO WILLIAM PALIS\",\"datePublished\":\"2025-10-03T10:45:10+00:00\",\"dateModified\":\"2025-10-03T13:10:59+00:00\",\"mainEntityOfPage\":{\"@id\":\"https:\/\/musique-equilibre.com\/me\/index.php\/2025\/10\/03\/william-palis-coursmusiqueorleans\/\"},\"wordCount\":214,\"commentCount\":0,\"publisher\":{\"@id\":\"https:\/\/musique-equilibre.com\/me\/#organization\"},\"image\":{\"@id\":\"https:\/\/musique-equilibre.com\/me\/index.php\/2025\/10\/03\/william-palis-coursmusiqueorleans\/#primaryimage\"},\"thumbnailUrl\":\"https:\/\/musique-equilibre.com\/me\/wp-content\/uploads\/2025\/10\/William-site-300x300.png\",\"articleSection\":[\"Biographie\"],\"inLanguage\":\"fr-FR\",\"potentialAction\":[{\"@type\":\"CommentAction\",\"name\":\"Comment\",\"target\":[\"https:\/\/musique-equilibre.com\/me\/index.php\/2025\/10\/03\/william-palis-coursmusiqueorleans\/#respond\"]}]},{\"@type\":\"WebPage\",\"@id\":\"https:\/\/musique-equilibre.com\/me\/index.php\/2025\/10\/03\/william-palis-coursmusiqueorleans\/\",\"url\":\"https:\/\/musique-equilibre.com\/me\/index.php\/2025\/10\/03\/william-palis-coursmusiqueorleans\/\",\"name\":\"BIO WILLIAM PALIS - Musique et Equilibre\",\"isPartOf\":{\"@id\":\"https:\/\/musique-equilibre.com\/me\/#website\"},\"primaryImageOfPage\":{\"@id\":\"https:\/\/musique-equilibre.com\/me\/index.php\/2025\/10\/03\/william-palis-coursmusiqueorleans\/#primaryimage\"},\"image\":{\"@id\":\"https:\/\/musique-equilibre.com\/me\/index.php\/2025\/10\/03\/william-palis-coursmusiqueorleans\/#primaryimage\"},\"thumbnailUrl\":\"https:\/\/musique-equilibre.com\/me\/wp-content\/uploads\/2025\/10\/William-site-300x300.png\",\"datePublished\":\"2025-10-03T10:45:10+00:00\",\"dateModified\":\"2025-10-03T13:10:59+00:00\",\"description\":\"Venez d\u00e9couvrir la basse et la guitare gr\u00e2ce \u00e0 William Palis au sein de l'\u00e9cole de Musique et \u00c9quilibre, \u00e0 Orl\u00e9ans !\",\"breadcrumb\":{\"@id\":\"https:\/\/musique-equilibre.com\/me\/index.php\/2025\/10\/03\/william-palis-coursmusiqueorleans\/#breadcrumb\"},\"inLanguage\":\"fr-FR\",\"potentialAction\":[{\"@type\":\"ReadAction\",\"target\":[\"https:\/\/musique-equilibre.com\/me\/index.php\/2025\/10\/03\/william-palis-coursmusiqueorleans\/\"]}]},{\"@type\":\"ImageObject\",\"inLanguage\":\"fr-FR\",\"@id\":\"https:\/\/musique-equilibre.com\/me\/index.php\/2025\/10\/03\/william-palis-coursmusiqueorleans\/#primaryimage\",\"url\":\"https:\/\/musique-equilibre.com\/me\/wp-content\/uploads\/2025\/10\/William-site.png\",\"contentUrl\":\"https:\/\/musique-equilibre.com\/me\/wp-content\/uploads\/2025\/10\/William-site.png\",\"width\":600,\"height\":600,\"caption\":\"WILLIAM PALIS basse guitare \u00e9cole de musique cours d'instrument cours de musique cours de basse orl\u00e9ans loiret musique et \u00e9quilibre 108 argonaute\"},{\"@type\":\"BreadcrumbList\",\"@id\":\"https:\/\/musique-equilibre.com\/me\/index.php\/2025\/10\/03\/william-palis-coursmusiqueorleans\/#breadcrumb\",\"itemListElement\":[{\"@type\":\"ListItem\",\"position\":1,\"name\":\"Accueil\",\"item\":\"https:\/\/musique-equilibre.com\/me\/\"},{\"@type\":\"ListItem\",\"position\":2,\"name\":\"BIO WILLIAM PALIS\"}]},{\"@type\":\"WebSite\",\"@id\":\"https:\/\/musique-equilibre.com\/me\/#website\",\"url\":\"https:\/\/musique-equilibre.com\/me\/\",\"name\":\"Musique et Equilibre\",\"description\":\"\",\"publisher\":{\"@id\":\"https:\/\/musique-equilibre.com\/me\/#organization\"},\"potentialAction\":[{\"@type\":\"SearchAction\",\"target\":{\"@type\":\"EntryPoint\",\"urlTemplate\":\"https:\/\/musique-equilibre.com\/me\/?s={search_term_string}\"},\"query-input\":{\"@type\":\"PropertyValueSpecification\",\"valueRequired\":true,\"valueName\":\"search_term_string\"}}],\"inLanguage\":\"fr-FR\"},{\"@type\":\"Organization\",\"@id\":\"https:\/\/musique-equilibre.com\/me\/#organization\",\"name\":\"Musique et Equilibre\",\"alternateName\":\"\u00c9cole de musique et salle de concert \u00e0 Orl\u00e9ans\",\"url\":\"https:\/\/musique-equilibre.com\/me\/\",\"logo\":{\"@type\":\"ImageObject\",\"inLanguage\":\"fr-FR\",\"@id\":\"https:\/\/musique-equilibre.com\/me\/#\/schema\/logo\/image\/\",\"url\":\"https:\/\/musique-equilibre.com\/me\/wp-content\/uploads\/2022\/11\/cropped-Logo_orange_texture-1.png\",\"contentUrl\":\"https:\/\/musique-equilibre.com\/me\/wp-content\/uploads\/2022\/11\/cropped-Logo_orange_texture-1.png\",\"width\":512,\"height\":512,\"caption\":\"Musique et Equilibre\"},\"image\":{\"@id\":\"https:\/\/musique-equilibre.com\/me\/#\/schema\/logo\/image\/\"},\"sameAs\":[\"https:\/\/www.facebook.com\/MusiqueetEquilibre45\",\"https:\/\/x.com\/Musiquequilibre\",\"https:\/\/www.instagram.com\/musique_et_equilibre_\/\",\"https:\/\/www.linkedin.com\/company\/musique-&amp;-equilibre\/\",\"https:\/\/www.youtube.com\/c\/MusiqueEquilibreOrleans\/\"]},{\"@type\":\"Person\",\"@id\":\"https:\/\/musique-equilibre.com\/me\/#\/schema\/person\/d43605ef0d5681c1b27a4ba1fede1cf4\",\"name\":\"admin\",\"image\":{\"@type\":\"ImageObject\",\"inLanguage\":\"fr-FR\",\"@id\":\"https:\/\/musique-equilibre.com\/me\/#\/schema\/person\/image\/\",\"url\":\"https:\/\/secure.gravatar.com\/avatar\/4cf7b4111456799aef2a50176cfabd70e4afde55908c0caa0617fa42d2f71d9f?s=96&d=mm&r=g\",\"contentUrl\":\"https:\/\/secure.gravatar.com\/avatar\/4cf7b4111456799aef2a50176cfabd70e4afde55908c0caa0617fa42d2f71d9f?s=96&d=mm&r=g\",\"caption\":\"admin\"},\"url\":\"https:\/\/musique-equilibre.com\/me\/index.php\/author\/admin\/\"}]}<\/script>\n<!-- \/ Yoast SEO plugin. -->","yoast_head_json":{"title":"BIO WILLIAM PALIS - Musique et Equilibre","description":"Venez d\u00e9couvrir la basse et la guitare gr\u00e2ce \u00e0 William Palis au sein de l'\u00e9cole de Musique et \u00c9quilibre, \u00e0 Orl\u00e9ans !","robots":{"index":"index","follow":"follow","max-snippet":"max-snippet:-1","max-image-preview":"max-image-preview:large","max-video-preview":"max-video-preview:-1"},"canonical":"https:\/\/musique-equilibre.com\/me\/index.php\/2025\/10\/03\/william-palis-coursmusiqueorleans\/","og_locale":"fr_FR","og_type":"article","og_title":"BIO WILLIAM PALIS - Musique et Equilibre","og_description":"Venez d\u00e9couvrir la basse et la guitare gr\u00e2ce \u00e0 William Palis au sein de l'\u00e9cole de Musique et \u00c9quilibre, \u00e0 Orl\u00e9ans !","og_url":"https:\/\/musique-equilibre.com\/me\/index.php\/2025\/10\/03\/william-palis-coursmusiqueorleans\/","og_site_name":"Musique et Equilibre","article_publisher":"https:\/\/www.facebook.com\/MusiqueetEquilibre45","article_published_time":"2025-10-03T10:45:10+00:00","article_modified_time":"2025-10-03T13:10:59+00:00","og_image":[{"width":600,"height":600,"url":"https:\/\/musique-equilibre.com\/me\/wp-content\/uploads\/2025\/10\/William-site.png","type":"image\/png"}],"author":"admin","twitter_card":"summary_large_image","twitter_creator":"@Musiquequilibre","twitter_site":"@Musiquequilibre","twitter_misc":{"\u00c9crit par":"admin","Dur\u00e9e de lecture estim\u00e9e":"2 minutes"},"schema":{"@context":"https:\/\/schema.org","@graph":[{"@type":"Article","@id":"https:\/\/musique-equilibre.com\/me\/index.php\/2025\/10\/03\/william-palis-coursmusiqueorleans\/#article","isPartOf":{"@id":"https:\/\/musique-equilibre.com\/me\/index.php\/2025\/10\/03\/william-palis-coursmusiqueorleans\/"},"author":{"name":"admin","@id":"https:\/\/musique-equilibre.com\/me\/#\/schema\/person\/d43605ef0d5681c1b27a4ba1fede1cf4"},"headline":"BIO WILLIAM PALIS","datePublished":"2025-10-03T10:45:10+00:00","dateModified":"2025-10-03T13:10:59+00:00","mainEntityOfPage":{"@id":"https:\/\/musique-equilibre.com\/me\/index.php\/2025\/10\/03\/william-palis-coursmusiqueorleans\/"},"wordCount":214,"commentCount":0,"publisher":{"@id":"https:\/\/musique-equilibre.com\/me\/#organization"},"image":{"@id":"https:\/\/musique-equilibre.com\/me\/index.php\/2025\/10\/03\/william-palis-coursmusiqueorleans\/#primaryimage"},"thumbnailUrl":"https:\/\/musique-equilibre.com\/me\/wp-content\/uploads\/2025\/10\/William-site-300x300.png","articleSection":["Biographie"],"inLanguage":"fr-FR","potentialAction":[{"@type":"CommentAction","name":"Comment","target":["https:\/\/musique-equilibre.com\/me\/index.php\/2025\/10\/03\/william-palis-coursmusiqueorleans\/#respond"]}]},{"@type":"WebPage","@id":"https:\/\/musique-equilibre.com\/me\/index.php\/2025\/10\/03\/william-palis-coursmusiqueorleans\/","url":"https:\/\/musique-equilibre.com\/me\/index.php\/2025\/10\/03\/william-palis-coursmusiqueorleans\/","name":"BIO WILLIAM PALIS - Musique et Equilibre","isPartOf":{"@id":"https:\/\/musique-equilibre.com\/me\/#website"},"primaryImageOfPage":{"@id":"https:\/\/musique-equilibre.com\/me\/index.php\/2025\/10\/03\/william-palis-coursmusiqueorleans\/#primaryimage"},"image":{"@id":"https:\/\/musique-equilibre.com\/me\/index.php\/2025\/10\/03\/william-palis-coursmusiqueorleans\/#primaryimage"},"thumbnailUrl":"https:\/\/musique-equilibre.com\/me\/wp-content\/uploads\/2025\/10\/William-site-300x300.png","datePublished":"2025-10-03T10:45:10+00:00","dateModified":"2025-10-03T13:10:59+00:00","description":"Venez d\u00e9couvrir la basse et la guitare gr\u00e2ce \u00e0 William Palis au sein de l'\u00e9cole de Musique et \u00c9quilibre, \u00e0 Orl\u00e9ans !","breadcrumb":{"@id":"https:\/\/musique-equilibre.com\/me\/index.php\/2025\/10\/03\/william-palis-coursmusiqueorleans\/#breadcrumb"},"inLanguage":"fr-FR","potentialAction":[{"@type":"ReadAction","target":["https:\/\/musique-equilibre.com\/me\/index.php\/2025\/10\/03\/william-palis-coursmusiqueorleans\/"]}]},{"@type":"ImageObject","inLanguage":"fr-FR","@id":"https:\/\/musique-equilibre.com\/me\/index.php\/2025\/10\/03\/william-palis-coursmusiqueorleans\/#primaryimage","url":"https:\/\/musique-equilibre.com\/me\/wp-content\/uploads\/2025\/10\/William-site.png","contentUrl":"https:\/\/musique-equilibre.com\/me\/wp-content\/uploads\/2025\/10\/William-site.png","width":600,"height":600,"caption":"WILLIAM PALIS basse guitare \u00e9cole de musique cours d'instrument cours de musique cours de basse orl\u00e9ans loiret musique et \u00e9quilibre 108 argonaute"},{"@type":"BreadcrumbList","@id":"https:\/\/musique-equilibre.com\/me\/index.php\/2025\/10\/03\/william-palis-coursmusiqueorleans\/#breadcrumb","itemListElement":[{"@type":"ListItem","position":1,"name":"Accueil","item":"https:\/\/musique-equilibre.com\/me\/"},{"@type":"ListItem","position":2,"name":"BIO WILLIAM PALIS"}]},{"@type":"WebSite","@id":"https:\/\/musique-equilibre.com\/me\/#website","url":"https:\/\/musique-equilibre.com\/me\/","name":"Musique et Equilibre","description":"","publisher":{"@id":"https:\/\/musique-equilibre.com\/me\/#organization"},"potentialAction":[{"@type":"SearchAction","target":{"@type":"EntryPoint","urlTemplate":"https:\/\/musique-equilibre.com\/me\/?s={search_term_string}"},"query-input":{"@type":"PropertyValueSpecification","valueRequired":true,"valueName":"search_term_string"}}],"inLanguage":"fr-FR"},{"@type":"Organization","@id":"https:\/\/musique-equilibre.com\/me\/#organization","name":"Musique et Equilibre","alternateName":"\u00c9cole de musique et salle de concert \u00e0 Orl\u00e9ans","url":"https:\/\/musique-equilibre.com\/me\/","logo":{"@type":"ImageObject","inLanguage":"fr-FR","@id":"https:\/\/musique-equilibre.com\/me\/#\/schema\/logo\/image\/","url":"https:\/\/musique-equilibre.com\/me\/wp-content\/uploads\/2022\/11\/cropped-Logo_orange_texture-1.png","contentUrl":"https:\/\/musique-equilibre.com\/me\/wp-content\/uploads\/2022\/11\/cropped-Logo_orange_texture-1.png","width":512,"height":512,"caption":"Musique et Equilibre"},"image":{"@id":"https:\/\/musique-equilibre.com\/me\/#\/schema\/logo\/image\/"},"sameAs":["https:\/\/www.facebook.com\/MusiqueetEquilibre45","https:\/\/x.com\/Musiquequilibre","https:\/\/www.instagram.com\/musique_et_equilibre_\/","https:\/\/www.linkedin.com\/company\/musique-&amp;-equilibre\/","https:\/\/www.youtube.com\/c\/MusiqueEquilibreOrleans\/"]},{"@type":"Person","@id":"https:\/\/musique-equilibre.com\/me\/#\/schema\/person\/d43605ef0d5681c1b27a4ba1fede1cf4","name":"admin","image":{"@type":"ImageObject","inLanguage":"fr-FR","@id":"https:\/\/musique-equilibre.com\/me\/#\/schema\/person\/image\/","url":"https:\/\/secure.gravatar.com\/avatar\/4cf7b4111456799aef2a50176cfabd70e4afde55908c0caa0617fa42d2f71d9f?s=96&d=mm&r=g","contentUrl":"https:\/\/secure.gravatar.com\/avatar\/4cf7b4111456799aef2a50176cfabd70e4afde55908c0caa0617fa42d2f71d9f?s=96&d=mm&r=g","caption":"admin"},"url":"https:\/\/musique-equilibre.com\/me\/index.php\/author\/admin\/"}]}},"_links":{"self":[{"href":"https:\/\/musique-equilibre.com\/me\/index.php\/wp-json\/wp\/v2\/posts\/17866","targetHints":{"allow":["GET"]}}],"collection":[{"href":"https:\/\/musique-equilibre.com\/me\/index.php\/wp-json\/wp\/v2\/posts"}],"about":[{"href":"https:\/\/musique-equilibre.com\/me\/index.php\/wp-json\/wp\/v2\/types\/post"}],"author":[{"embeddable":true,"href":"https:\/\/musique-equilibre.com\/me\/index.php\/wp-json\/wp\/v2\/users\/1"}],"replies":[{"embeddable":true,"href":"https:\/\/musique-equilibre.com\/me\/index.php\/wp-json\/wp\/v2\/comments?post=17866"}],"version-history":[{"count":2,"href":"https:\/\/musique-equilibre.com\/me\/index.php\/wp-json\/wp\/v2\/posts\/17866\/revisions"}],"predecessor-version":[{"id":17880,"href":"https:\/\/musique-equilibre.com\/me\/index.php\/wp-json\/wp\/v2\/posts\/17866\/revisions\/17880"}],"wp:attachment":[{"href":"https:\/\/musique-equilibre.com\/me\/index.php\/wp-json\/wp\/v2\/media?parent=17866"}],"wp:term":[{"taxonomy":"category","embeddable":true,"href":"https:\/\/musique-equilibre.com\/me\/index.php\/wp-json\/wp\/v2\/categories?post=17866"},{"taxonomy":"post_tag","embeddable":true,"href":"https:\/\/musique-equilibre.com\/me\/index.php\/wp-json\/wp\/v2\/tags?post=17866"}],"curies":[{"name":"wp","href":"https:\/\/api.w.org\/{rel}","templated":true}]}}