{"id":17280,"date":"2025-05-26T10:44:24","date_gmt":"2025-05-26T08:44:24","guid":{"rendered":"https:\/\/musique-equilibre.com\/me\/?p=17280"},"modified":"2025-05-26T11:41:34","modified_gmt":"2025-05-26T09:41:34","slug":"musique-et-gastronomie","status":"publish","type":"post","link":"https:\/\/musique-equilibre.com\/me\/index.php\/2025\/05\/26\/musique-et-gastronomie\/","title":{"rendered":"MUSIQUE ET GASTRONOMIE"},"content":{"rendered":"\n<p class=\"has-white-color has-text-color has-small-font-size\">live atelier blues pop rock<\/p>\n\n\n\n<div class=\"wp-block-media-text alignwide is-stacked-on-mobile\" style=\"grid-template-columns:31% auto\"><figure class=\"wp-block-media-text__media\"><img fetchpriority=\"high\" decoding=\"async\" width=\"1024\" height=\"1024\" src=\"https:\/\/musique-equilibre.com\/me\/wp-content\/uploads\/2025\/05\/Musique-et-Gastronomie-Instagram-Pithiviers-1024x1024.png\" alt=\"\" class=\"wp-image-17281 size-full\" srcset=\"https:\/\/musique-equilibre.com\/me\/wp-content\/uploads\/2025\/05\/Musique-et-Gastronomie-Instagram-Pithiviers-1024x1024.png 1024w, https:\/\/musique-equilibre.com\/me\/wp-content\/uploads\/2025\/05\/Musique-et-Gastronomie-Instagram-Pithiviers-300x300.png 300w, https:\/\/musique-equilibre.com\/me\/wp-content\/uploads\/2025\/05\/Musique-et-Gastronomie-Instagram-Pithiviers-150x150.png 150w, https:\/\/musique-equilibre.com\/me\/wp-content\/uploads\/2025\/05\/Musique-et-Gastronomie-Instagram-Pithiviers-768x768.png 768w, https:\/\/musique-equilibre.com\/me\/wp-content\/uploads\/2025\/05\/Musique-et-Gastronomie-Instagram-Pithiviers-510x510.png 510w, https:\/\/musique-equilibre.com\/me\/wp-content\/uploads\/2025\/05\/Musique-et-Gastronomie-Instagram-Pithiviers.png 1080w\" sizes=\"(max-width: 1024px) 100vw, 1024px\" \/><\/figure><div class=\"wp-block-media-text__content\">\n<h2>MUSIQUE ET GASTRONOMIE &#8211; Lyc\u00e9e des m\u00e9tiers Jean de la Taille<\/h2>\n\n\n\n<h3 style=\"text-align: left;\"><span style=\"font-family: coves; color: #d41919;\"><strong>JEUDI 5 JUIN &#8211; 19H<\/strong><\/span><\/h3>\n\n\n\n<p><span style=\"font-family: coves;\">Apr\u00e8s une premi\u00e8re au sein de l&rsquo;Atelier Gourmand \u00e0 Ormes, l&rsquo;\u00e9v\u00e9nement Musique et Gastronomie revient ! Cette fois, les \u00e9l\u00e8ves de Musique et \u00c9quilibre seront au restaurant d&rsquo;application du Lyc\u00e9e des M\u00e9tiers Jean de la Taille afin d&rsquo;offrir aux client\u00b7es un repas en musique !<\/span><\/p>\n<p><span style=\"font-family: coves;\">Menu :<br \/><\/span><\/p>\n<p><span style=\"font-family: coves;\">Gaspacho et gressin aux herbes du jardin<br \/><\/span><span style=\"font-family: coves;\">Saltimbocca de truite et crevettes<br \/><\/span><span style=\"font-family: coves;\">Tournedos rossini et p\u00e2tes aux truffes<br \/><\/span><span style=\"font-family: coves;\">Farandole de fromages<br \/><\/span><span style=\"font-family: coves;\">Pavlova aux fraises<\/span><\/p>\n<p><span style=\"font-family: coves;\">30\u20ac, boisson comprise \/ R\u00e9servation directement aupr\u00e8s du Lyc\u00e9e 02.38.06.10.60<\/span><\/p>\n<\/div><\/div>\n\n\n<p style=\"text-align: center;\"><span style=\"font-family: coves;\"><a href=\"https:\/\/lycee-jeandelataille.fr\/index.php\/fr\" target=\"_blank\" rel=\"noopener\">Restaurant d&rsquo;application Lyc\u00e9e des M\u00e9tiers Jean de la Taille<\/a> &#8211; All\u00e9e de Burglengenfeld, Pithiviers<\/span><\/p>\n\n\n<p class=\"has-white-color has-text-color has-small-font-size\">Live Atelier Rock enfants et Musiques satur\u00e9es<\/p>\n\n\n\n<p class=\"has-white-color has-text-color has-small-font-size\">Live Atelier Rock enfants et Musiques satur\u00e9es<\/p>\n\n\n\n<p class=\"has-text-align-center\"><br><\/p>\n","protected":false},"excerpt":{"rendered":"<p>live atelier blues pop rock MUSIQUE ET GASTRONOMIE &#8211; Lyc\u00e9e des m\u00e9tiers Jean de la Taille JEUDI 5 JUIN &#8211; 19H Apr\u00e8s une premi\u00e8re au sein de l&rsquo;Atelier Gourmand \u00e0 Ormes, l&rsquo;\u00e9v\u00e9nement Musique et Gastronomie revient ! Cette fois, les \u00e9l\u00e8ves de Musique et \u00c9quilibre seront au restaurant d&rsquo;application du Lyc\u00e9e des M\u00e9tiers Jean de [&hellip;]<\/p>\n","protected":false},"author":1,"featured_media":0,"comment_status":"closed","ping_status":"closed","sticky":false,"template":"","format":"standard","meta":{"footnotes":""},"categories":[9],"tags":[],"class_list":{"0":"post-17280","1":"post","2":"type-post","3":"status-publish","4":"format-standard","6":"category-nos-evenements","7":"czr-hentry"},"yoast_head":"<!-- This site is optimized with the Yoast SEO plugin v26.8 - https:\/\/yoast.com\/product\/yoast-seo-wordpress\/ -->\n<title>MUSIQUE ET GASTRONOMIE<\/title>\n<meta name=\"description\" content=\"Les \u00e9l\u00e8ves de Musique et \u00c9quilibre seront au restaurant d&#039;application du Lyc\u00e9e des M\u00e9tiers Jean de la Taille afin d&#039;offrir aux client\u00b7es en repas en musique !\" \/>\n<meta name=\"robots\" content=\"index, follow, max-snippet:-1, max-image-preview:large, max-video-preview:-1\" \/>\n<link rel=\"canonical\" href=\"https:\/\/musique-equilibre.com\/me\/index.php\/2025\/05\/26\/musique-et-gastronomie\/\" \/>\n<meta property=\"og:locale\" content=\"fr_FR\" \/>\n<meta property=\"og:type\" content=\"article\" \/>\n<meta property=\"og:title\" content=\"MUSIQUE ET GASTRONOMIE\" \/>\n<meta property=\"og:description\" content=\"Les \u00e9l\u00e8ves de Musique et \u00c9quilibre seront au restaurant d&#039;application du Lyc\u00e9e des M\u00e9tiers Jean de la Taille afin d&#039;offrir aux client\u00b7es en repas en musique !\" \/>\n<meta property=\"og:url\" content=\"https:\/\/musique-equilibre.com\/me\/index.php\/2025\/05\/26\/musique-et-gastronomie\/\" \/>\n<meta property=\"og:site_name\" content=\"Musique et Equilibre\" \/>\n<meta property=\"article:publisher\" content=\"https:\/\/www.facebook.com\/MusiqueetEquilibre45\" \/>\n<meta property=\"article:published_time\" content=\"2025-05-26T08:44:24+00:00\" \/>\n<meta property=\"article:modified_time\" content=\"2025-05-26T09:41:34+00:00\" \/>\n<meta property=\"og:image\" content=\"https:\/\/musique-equilibre.com\/me\/wp-content\/uploads\/2025\/05\/Musique-et-Gastronomie-Instagram-Pithiviers.png\" \/>\n\t<meta property=\"og:image:width\" content=\"1080\" \/>\n\t<meta property=\"og:image:height\" content=\"1080\" \/>\n\t<meta property=\"og:image:type\" content=\"image\/png\" \/>\n<meta name=\"author\" content=\"admin\" \/>\n<meta name=\"twitter:card\" content=\"summary_large_image\" \/>\n<meta name=\"twitter:creator\" content=\"@Musiquequilibre\" \/>\n<meta name=\"twitter:site\" content=\"@Musiquequilibre\" \/>\n<meta name=\"twitter:label1\" content=\"\u00c9crit par\" \/>\n\t<meta name=\"twitter:data1\" content=\"admin\" \/>\n\t<meta name=\"twitter:label2\" content=\"Dur\u00e9e de lecture estim\u00e9e\" \/>\n\t<meta name=\"twitter:data2\" content=\"1 minute\" \/>\n<script type=\"application\/ld+json\" class=\"yoast-schema-graph\">{\"@context\":\"https:\/\/schema.org\",\"@graph\":[{\"@type\":\"Article\",\"@id\":\"https:\/\/musique-equilibre.com\/me\/index.php\/2025\/05\/26\/musique-et-gastronomie\/#article\",\"isPartOf\":{\"@id\":\"https:\/\/musique-equilibre.com\/me\/index.php\/2025\/05\/26\/musique-et-gastronomie\/\"},\"author\":{\"name\":\"admin\",\"@id\":\"https:\/\/musique-equilibre.com\/me\/#\/schema\/person\/d43605ef0d5681c1b27a4ba1fede1cf4\"},\"headline\":\"MUSIQUE ET GASTRONOMIE\",\"datePublished\":\"2025-05-26T08:44:24+00:00\",\"dateModified\":\"2025-05-26T09:41:34+00:00\",\"mainEntityOfPage\":{\"@id\":\"https:\/\/musique-equilibre.com\/me\/index.php\/2025\/05\/26\/musique-et-gastronomie\/\"},\"wordCount\":148,\"publisher\":{\"@id\":\"https:\/\/musique-equilibre.com\/me\/#organization\"},\"image\":{\"@id\":\"https:\/\/musique-equilibre.com\/me\/index.php\/2025\/05\/26\/musique-et-gastronomie\/#primaryimage\"},\"thumbnailUrl\":\"https:\/\/musique-equilibre.com\/me\/wp-content\/uploads\/2025\/05\/Musique-et-Gastronomie-Instagram-Pithiviers-1024x1024.png\",\"articleSection\":[\"Nos \u00e9v\u00e8nements\"],\"inLanguage\":\"fr-FR\"},{\"@type\":\"WebPage\",\"@id\":\"https:\/\/musique-equilibre.com\/me\/index.php\/2025\/05\/26\/musique-et-gastronomie\/\",\"url\":\"https:\/\/musique-equilibre.com\/me\/index.php\/2025\/05\/26\/musique-et-gastronomie\/\",\"name\":\"MUSIQUE ET GASTRONOMIE\",\"isPartOf\":{\"@id\":\"https:\/\/musique-equilibre.com\/me\/#website\"},\"primaryImageOfPage\":{\"@id\":\"https:\/\/musique-equilibre.com\/me\/index.php\/2025\/05\/26\/musique-et-gastronomie\/#primaryimage\"},\"image\":{\"@id\":\"https:\/\/musique-equilibre.com\/me\/index.php\/2025\/05\/26\/musique-et-gastronomie\/#primaryimage\"},\"thumbnailUrl\":\"https:\/\/musique-equilibre.com\/me\/wp-content\/uploads\/2025\/05\/Musique-et-Gastronomie-Instagram-Pithiviers-1024x1024.png\",\"datePublished\":\"2025-05-26T08:44:24+00:00\",\"dateModified\":\"2025-05-26T09:41:34+00:00\",\"description\":\"Les \u00e9l\u00e8ves de Musique et \u00c9quilibre seront au restaurant d'application du Lyc\u00e9e des M\u00e9tiers Jean de la Taille afin d'offrir aux client\u00b7es en repas en musique !\",\"breadcrumb\":{\"@id\":\"https:\/\/musique-equilibre.com\/me\/index.php\/2025\/05\/26\/musique-et-gastronomie\/#breadcrumb\"},\"inLanguage\":\"fr-FR\",\"potentialAction\":[{\"@type\":\"ReadAction\",\"target\":[\"https:\/\/musique-equilibre.com\/me\/index.php\/2025\/05\/26\/musique-et-gastronomie\/\"]}]},{\"@type\":\"ImageObject\",\"inLanguage\":\"fr-FR\",\"@id\":\"https:\/\/musique-equilibre.com\/me\/index.php\/2025\/05\/26\/musique-et-gastronomie\/#primaryimage\",\"url\":\"https:\/\/musique-equilibre.com\/me\/wp-content\/uploads\/2025\/05\/Musique-et-Gastronomie-Instagram-Pithiviers.png\",\"contentUrl\":\"https:\/\/musique-equilibre.com\/me\/wp-content\/uploads\/2025\/05\/Musique-et-Gastronomie-Instagram-Pithiviers.png\",\"width\":1080,\"height\":1080},{\"@type\":\"BreadcrumbList\",\"@id\":\"https:\/\/musique-equilibre.com\/me\/index.php\/2025\/05\/26\/musique-et-gastronomie\/#breadcrumb\",\"itemListElement\":[{\"@type\":\"ListItem\",\"position\":1,\"name\":\"Accueil\",\"item\":\"https:\/\/musique-equilibre.com\/me\/\"},{\"@type\":\"ListItem\",\"position\":2,\"name\":\"MUSIQUE ET GASTRONOMIE\"}]},{\"@type\":\"WebSite\",\"@id\":\"https:\/\/musique-equilibre.com\/me\/#website\",\"url\":\"https:\/\/musique-equilibre.com\/me\/\",\"name\":\"Musique et Equilibre\",\"description\":\"\",\"publisher\":{\"@id\":\"https:\/\/musique-equilibre.com\/me\/#organization\"},\"potentialAction\":[{\"@type\":\"SearchAction\",\"target\":{\"@type\":\"EntryPoint\",\"urlTemplate\":\"https:\/\/musique-equilibre.com\/me\/?s={search_term_string}\"},\"query-input\":{\"@type\":\"PropertyValueSpecification\",\"valueRequired\":true,\"valueName\":\"search_term_string\"}}],\"inLanguage\":\"fr-FR\"},{\"@type\":\"Organization\",\"@id\":\"https:\/\/musique-equilibre.com\/me\/#organization\",\"name\":\"Musique et Equilibre\",\"alternateName\":\"\u00c9cole de musique et salle de concert \u00e0 Orl\u00e9ans\",\"url\":\"https:\/\/musique-equilibre.com\/me\/\",\"logo\":{\"@type\":\"ImageObject\",\"inLanguage\":\"fr-FR\",\"@id\":\"https:\/\/musique-equilibre.com\/me\/#\/schema\/logo\/image\/\",\"url\":\"https:\/\/musique-equilibre.com\/me\/wp-content\/uploads\/2022\/11\/cropped-Logo_orange_texture-1.png\",\"contentUrl\":\"https:\/\/musique-equilibre.com\/me\/wp-content\/uploads\/2022\/11\/cropped-Logo_orange_texture-1.png\",\"width\":512,\"height\":512,\"caption\":\"Musique et Equilibre\"},\"image\":{\"@id\":\"https:\/\/musique-equilibre.com\/me\/#\/schema\/logo\/image\/\"},\"sameAs\":[\"https:\/\/www.facebook.com\/MusiqueetEquilibre45\",\"https:\/\/x.com\/Musiquequilibre\",\"https:\/\/www.instagram.com\/musique_et_equilibre_\/\",\"https:\/\/www.linkedin.com\/company\/musique-&amp;-equilibre\/\",\"https:\/\/www.youtube.com\/c\/MusiqueEquilibreOrleans\/\"]},{\"@type\":\"Person\",\"@id\":\"https:\/\/musique-equilibre.com\/me\/#\/schema\/person\/d43605ef0d5681c1b27a4ba1fede1cf4\",\"name\":\"admin\",\"image\":{\"@type\":\"ImageObject\",\"inLanguage\":\"fr-FR\",\"@id\":\"https:\/\/musique-equilibre.com\/me\/#\/schema\/person\/image\/\",\"url\":\"https:\/\/secure.gravatar.com\/avatar\/4cf7b4111456799aef2a50176cfabd70e4afde55908c0caa0617fa42d2f71d9f?s=96&d=mm&r=g\",\"contentUrl\":\"https:\/\/secure.gravatar.com\/avatar\/4cf7b4111456799aef2a50176cfabd70e4afde55908c0caa0617fa42d2f71d9f?s=96&d=mm&r=g\",\"caption\":\"admin\"},\"url\":\"https:\/\/musique-equilibre.com\/me\/index.php\/author\/admin\/\"}]}<\/script>\n<!-- \/ Yoast SEO plugin. -->","yoast_head_json":{"title":"MUSIQUE ET GASTRONOMIE","description":"Les \u00e9l\u00e8ves de Musique et \u00c9quilibre seront au restaurant d'application du Lyc\u00e9e des M\u00e9tiers Jean de la Taille afin d'offrir aux client\u00b7es en repas en musique !","robots":{"index":"index","follow":"follow","max-snippet":"max-snippet:-1","max-image-preview":"max-image-preview:large","max-video-preview":"max-video-preview:-1"},"canonical":"https:\/\/musique-equilibre.com\/me\/index.php\/2025\/05\/26\/musique-et-gastronomie\/","og_locale":"fr_FR","og_type":"article","og_title":"MUSIQUE ET GASTRONOMIE","og_description":"Les \u00e9l\u00e8ves de Musique et \u00c9quilibre seront au restaurant d'application du Lyc\u00e9e des M\u00e9tiers Jean de la Taille afin d'offrir aux client\u00b7es en repas en musique !","og_url":"https:\/\/musique-equilibre.com\/me\/index.php\/2025\/05\/26\/musique-et-gastronomie\/","og_site_name":"Musique et Equilibre","article_publisher":"https:\/\/www.facebook.com\/MusiqueetEquilibre45","article_published_time":"2025-05-26T08:44:24+00:00","article_modified_time":"2025-05-26T09:41:34+00:00","og_image":[{"width":1080,"height":1080,"url":"https:\/\/musique-equilibre.com\/me\/wp-content\/uploads\/2025\/05\/Musique-et-Gastronomie-Instagram-Pithiviers.png","type":"image\/png"}],"author":"admin","twitter_card":"summary_large_image","twitter_creator":"@Musiquequilibre","twitter_site":"@Musiquequilibre","twitter_misc":{"\u00c9crit par":"admin","Dur\u00e9e de lecture estim\u00e9e":"1 minute"},"schema":{"@context":"https:\/\/schema.org","@graph":[{"@type":"Article","@id":"https:\/\/musique-equilibre.com\/me\/index.php\/2025\/05\/26\/musique-et-gastronomie\/#article","isPartOf":{"@id":"https:\/\/musique-equilibre.com\/me\/index.php\/2025\/05\/26\/musique-et-gastronomie\/"},"author":{"name":"admin","@id":"https:\/\/musique-equilibre.com\/me\/#\/schema\/person\/d43605ef0d5681c1b27a4ba1fede1cf4"},"headline":"MUSIQUE ET GASTRONOMIE","datePublished":"2025-05-26T08:44:24+00:00","dateModified":"2025-05-26T09:41:34+00:00","mainEntityOfPage":{"@id":"https:\/\/musique-equilibre.com\/me\/index.php\/2025\/05\/26\/musique-et-gastronomie\/"},"wordCount":148,"publisher":{"@id":"https:\/\/musique-equilibre.com\/me\/#organization"},"image":{"@id":"https:\/\/musique-equilibre.com\/me\/index.php\/2025\/05\/26\/musique-et-gastronomie\/#primaryimage"},"thumbnailUrl":"https:\/\/musique-equilibre.com\/me\/wp-content\/uploads\/2025\/05\/Musique-et-Gastronomie-Instagram-Pithiviers-1024x1024.png","articleSection":["Nos \u00e9v\u00e8nements"],"inLanguage":"fr-FR"},{"@type":"WebPage","@id":"https:\/\/musique-equilibre.com\/me\/index.php\/2025\/05\/26\/musique-et-gastronomie\/","url":"https:\/\/musique-equilibre.com\/me\/index.php\/2025\/05\/26\/musique-et-gastronomie\/","name":"MUSIQUE ET GASTRONOMIE","isPartOf":{"@id":"https:\/\/musique-equilibre.com\/me\/#website"},"primaryImageOfPage":{"@id":"https:\/\/musique-equilibre.com\/me\/index.php\/2025\/05\/26\/musique-et-gastronomie\/#primaryimage"},"image":{"@id":"https:\/\/musique-equilibre.com\/me\/index.php\/2025\/05\/26\/musique-et-gastronomie\/#primaryimage"},"thumbnailUrl":"https:\/\/musique-equilibre.com\/me\/wp-content\/uploads\/2025\/05\/Musique-et-Gastronomie-Instagram-Pithiviers-1024x1024.png","datePublished":"2025-05-26T08:44:24+00:00","dateModified":"2025-05-26T09:41:34+00:00","description":"Les \u00e9l\u00e8ves de Musique et \u00c9quilibre seront au restaurant d'application du Lyc\u00e9e des M\u00e9tiers Jean de la Taille afin d'offrir aux client\u00b7es en repas en musique !","breadcrumb":{"@id":"https:\/\/musique-equilibre.com\/me\/index.php\/2025\/05\/26\/musique-et-gastronomie\/#breadcrumb"},"inLanguage":"fr-FR","potentialAction":[{"@type":"ReadAction","target":["https:\/\/musique-equilibre.com\/me\/index.php\/2025\/05\/26\/musique-et-gastronomie\/"]}]},{"@type":"ImageObject","inLanguage":"fr-FR","@id":"https:\/\/musique-equilibre.com\/me\/index.php\/2025\/05\/26\/musique-et-gastronomie\/#primaryimage","url":"https:\/\/musique-equilibre.com\/me\/wp-content\/uploads\/2025\/05\/Musique-et-Gastronomie-Instagram-Pithiviers.png","contentUrl":"https:\/\/musique-equilibre.com\/me\/wp-content\/uploads\/2025\/05\/Musique-et-Gastronomie-Instagram-Pithiviers.png","width":1080,"height":1080},{"@type":"BreadcrumbList","@id":"https:\/\/musique-equilibre.com\/me\/index.php\/2025\/05\/26\/musique-et-gastronomie\/#breadcrumb","itemListElement":[{"@type":"ListItem","position":1,"name":"Accueil","item":"https:\/\/musique-equilibre.com\/me\/"},{"@type":"ListItem","position":2,"name":"MUSIQUE ET GASTRONOMIE"}]},{"@type":"WebSite","@id":"https:\/\/musique-equilibre.com\/me\/#website","url":"https:\/\/musique-equilibre.com\/me\/","name":"Musique et Equilibre","description":"","publisher":{"@id":"https:\/\/musique-equilibre.com\/me\/#organization"},"potentialAction":[{"@type":"SearchAction","target":{"@type":"EntryPoint","urlTemplate":"https:\/\/musique-equilibre.com\/me\/?s={search_term_string}"},"query-input":{"@type":"PropertyValueSpecification","valueRequired":true,"valueName":"search_term_string"}}],"inLanguage":"fr-FR"},{"@type":"Organization","@id":"https:\/\/musique-equilibre.com\/me\/#organization","name":"Musique et Equilibre","alternateName":"\u00c9cole de musique et salle de concert \u00e0 Orl\u00e9ans","url":"https:\/\/musique-equilibre.com\/me\/","logo":{"@type":"ImageObject","inLanguage":"fr-FR","@id":"https:\/\/musique-equilibre.com\/me\/#\/schema\/logo\/image\/","url":"https:\/\/musique-equilibre.com\/me\/wp-content\/uploads\/2022\/11\/cropped-Logo_orange_texture-1.png","contentUrl":"https:\/\/musique-equilibre.com\/me\/wp-content\/uploads\/2022\/11\/cropped-Logo_orange_texture-1.png","width":512,"height":512,"caption":"Musique et Equilibre"},"image":{"@id":"https:\/\/musique-equilibre.com\/me\/#\/schema\/logo\/image\/"},"sameAs":["https:\/\/www.facebook.com\/MusiqueetEquilibre45","https:\/\/x.com\/Musiquequilibre","https:\/\/www.instagram.com\/musique_et_equilibre_\/","https:\/\/www.linkedin.com\/company\/musique-&amp;-equilibre\/","https:\/\/www.youtube.com\/c\/MusiqueEquilibreOrleans\/"]},{"@type":"Person","@id":"https:\/\/musique-equilibre.com\/me\/#\/schema\/person\/d43605ef0d5681c1b27a4ba1fede1cf4","name":"admin","image":{"@type":"ImageObject","inLanguage":"fr-FR","@id":"https:\/\/musique-equilibre.com\/me\/#\/schema\/person\/image\/","url":"https:\/\/secure.gravatar.com\/avatar\/4cf7b4111456799aef2a50176cfabd70e4afde55908c0caa0617fa42d2f71d9f?s=96&d=mm&r=g","contentUrl":"https:\/\/secure.gravatar.com\/avatar\/4cf7b4111456799aef2a50176cfabd70e4afde55908c0caa0617fa42d2f71d9f?s=96&d=mm&r=g","caption":"admin"},"url":"https:\/\/musique-equilibre.com\/me\/index.php\/author\/admin\/"}]}},"_links":{"self":[{"href":"https:\/\/musique-equilibre.com\/me\/index.php\/wp-json\/wp\/v2\/posts\/17280","targetHints":{"allow":["GET"]}}],"collection":[{"href":"https:\/\/musique-equilibre.com\/me\/index.php\/wp-json\/wp\/v2\/posts"}],"about":[{"href":"https:\/\/musique-equilibre.com\/me\/index.php\/wp-json\/wp\/v2\/types\/post"}],"author":[{"embeddable":true,"href":"https:\/\/musique-equilibre.com\/me\/index.php\/wp-json\/wp\/v2\/users\/1"}],"replies":[{"embeddable":true,"href":"https:\/\/musique-equilibre.com\/me\/index.php\/wp-json\/wp\/v2\/comments?post=17280"}],"version-history":[{"count":2,"href":"https:\/\/musique-equilibre.com\/me\/index.php\/wp-json\/wp\/v2\/posts\/17280\/revisions"}],"predecessor-version":[{"id":17299,"href":"https:\/\/musique-equilibre.com\/me\/index.php\/wp-json\/wp\/v2\/posts\/17280\/revisions\/17299"}],"wp:attachment":[{"href":"https:\/\/musique-equilibre.com\/me\/index.php\/wp-json\/wp\/v2\/media?parent=17280"}],"wp:term":[{"taxonomy":"category","embeddable":true,"href":"https:\/\/musique-equilibre.com\/me\/index.php\/wp-json\/wp\/v2\/categories?post=17280"},{"taxonomy":"post_tag","embeddable":true,"href":"https:\/\/musique-equilibre.com\/me\/index.php\/wp-json\/wp\/v2\/tags?post=17280"}],"curies":[{"name":"wp","href":"https:\/\/api.w.org\/{rel}","templated":true}]}}