{"id":17272,"date":"2025-05-26T10:16:23","date_gmt":"2025-05-26T08:16:23","guid":{"rendered":"https:\/\/musique-equilibre.com\/me\/?p=17272"},"modified":"2025-05-26T10:47:37","modified_gmt":"2025-05-26T08:47:37","slug":"petit-bazar","status":"publish","type":"post","link":"https:\/\/musique-equilibre.com\/me\/index.php\/2025\/05\/26\/petit-bazar\/","title":{"rendered":"PETIT BAZAR"},"content":{"rendered":"\n<p class=\"has-white-color has-text-color has-small-font-size\">live atelier blues pop rock<\/p>\n\n\n\n<div class=\"wp-block-media-text alignwide is-stacked-on-mobile\" style=\"grid-template-columns:31% auto\"><figure class=\"wp-block-media-text__media\"><img fetchpriority=\"high\" decoding=\"async\" width=\"1024\" height=\"1024\" src=\"https:\/\/musique-equilibre.com\/me\/wp-content\/uploads\/2025\/05\/carre-petit-bazar-1024x1024.jpg\" alt=\"PETIT BAZAR atelier musicale \u00e9veil musicale petite enfance activit\u00e9 enfant orl\u00e9ans loiret argonaute la ruche en sc\u00e8ne musique et \u00e9quilibre \u00e9cole de musique\" class=\"wp-image-17273 size-full\" srcset=\"https:\/\/musique-equilibre.com\/me\/wp-content\/uploads\/2025\/05\/carre-petit-bazar-1024x1024.jpg 1024w, https:\/\/musique-equilibre.com\/me\/wp-content\/uploads\/2025\/05\/carre-petit-bazar-300x300.jpg 300w, https:\/\/musique-equilibre.com\/me\/wp-content\/uploads\/2025\/05\/carre-petit-bazar-150x150.jpg 150w, https:\/\/musique-equilibre.com\/me\/wp-content\/uploads\/2025\/05\/carre-petit-bazar-768x768.jpg 768w, https:\/\/musique-equilibre.com\/me\/wp-content\/uploads\/2025\/05\/carre-petit-bazar-510x510.jpg 510w, https:\/\/musique-equilibre.com\/me\/wp-content\/uploads\/2025\/05\/carre-petit-bazar.jpg 1350w\" sizes=\"(max-width: 1024px) 100vw, 1024px\" \/><\/figure><div class=\"wp-block-media-text__content\">\n<h2>PETIT BAZAR<\/h2>\n\n\n\n<h3 style=\"text-align: left;\"><span style=\"font-family: coves; color: #d41919;\"><strong>SAMEDI 21 JUIN &#8211; 10H30<\/strong><\/span><\/h3>\n\n\n\n<p><span style=\"font-family: coves;\">Il est temps pour nos mini-musiciens et musiciennes de monter sur sc\u00e8ne !<br \/>Cette ann\u00e9e, afin d\u2019accueillir confortablement les parents, les papys et mamys et pourquoi pas les tantes, les oncles et m\u00eame les voisins, notre Petit Bazar se d\u00e9localise \u00e0 la Ruche En Sc\u00e8ne.<br \/>Alors rendez-vous au 24bis rue de la Tour Neuve pour encourager et applaudir les futurs musiciens.nes de demain !<br \/>En guest, nous accueillerons les Pop rockers, l\u2019atelier rock enfant de Musique et \u00c9quilibre dirig\u00e9 par Romain Cl\u00e9ment.<\/span><\/p>\n<p><span style=\"font-family: coves;\">Gratuit<\/span><\/p>\n<\/div><\/div>\n\n\n<p style=\"text-align: center;\"><span style=\"font-family: coves;\"><a href=\"https:\/\/www.laruche-orleans.fr\/programmation\/\" target=\"_blank\" rel=\"noopener\">La Ruche en Sc\u00e8ne<\/a> &#8211; 24bis rue de la Tour Neuve<\/span><\/p>\n\n\n<p class=\"has-white-color has-text-color has-small-font-size\">Live Atelier Rock enfants et Musiques satur\u00e9es<\/p>\n\n\n\n<p class=\"has-white-color has-text-color has-small-font-size\">Live Atelier Rock enfants et Musiques satur\u00e9es<\/p>\n\n\n\n<p class=\"has-text-align-center\"><br><\/p>\n","protected":false},"excerpt":{"rendered":"<p>live atelier blues pop rock PETIT BAZAR SAMEDI 21 JUIN &#8211; 10H30 Il est temps pour nos mini-musiciens et musiciennes de monter sur sc\u00e8ne !Cette ann\u00e9e, afin d\u2019accueillir confortablement les parents, les papys et mamys et pourquoi pas les tantes, les oncles et m\u00eame les voisins, notre Petit Bazar se d\u00e9localise \u00e0 la Ruche En [&hellip;]<\/p>\n","protected":false},"author":1,"featured_media":17274,"comment_status":"closed","ping_status":"closed","sticky":false,"template":"","format":"standard","meta":{"footnotes":""},"categories":[9],"tags":[],"class_list":{"0":"post-17272","1":"post","2":"type-post","3":"status-publish","4":"format-standard","5":"has-post-thumbnail","7":"category-nos-evenements","8":"czr-hentry"},"yoast_head":"<!-- This site is optimized with the Yoast SEO plugin v26.8 - https:\/\/yoast.com\/product\/yoast-seo-wordpress\/ -->\n<title>petit bazar<\/title>\n<meta name=\"description\" content=\"Dernier \u00e9v\u00e9nement de l&#039;ann\u00e9e pour les minis musiciens et musiciennes de Musique et \u00c9quilbre ! Venez les applaudir \u00e0 La Ruche en Sc\u00e8ne.\" \/>\n<meta name=\"robots\" content=\"index, follow, max-snippet:-1, max-image-preview:large, max-video-preview:-1\" \/>\n<link rel=\"canonical\" href=\"https:\/\/musique-equilibre.com\/me\/index.php\/2025\/05\/26\/petit-bazar\/\" \/>\n<meta property=\"og:locale\" content=\"fr_FR\" \/>\n<meta property=\"og:type\" content=\"article\" \/>\n<meta property=\"og:title\" content=\"petit bazar\" \/>\n<meta property=\"og:description\" content=\"Dernier \u00e9v\u00e9nement de l&#039;ann\u00e9e pour les minis musiciens et musiciennes de Musique et \u00c9quilbre ! Venez les applaudir \u00e0 La Ruche en Sc\u00e8ne.\" \/>\n<meta property=\"og:url\" content=\"https:\/\/musique-equilibre.com\/me\/index.php\/2025\/05\/26\/petit-bazar\/\" \/>\n<meta property=\"og:site_name\" content=\"Musique et Equilibre\" \/>\n<meta property=\"article:publisher\" content=\"https:\/\/www.facebook.com\/MusiqueetEquilibre45\" \/>\n<meta property=\"article:published_time\" content=\"2025-05-26T08:16:23+00:00\" \/>\n<meta property=\"article:modified_time\" content=\"2025-05-26T08:47:37+00:00\" \/>\n<meta property=\"og:image\" content=\"https:\/\/musique-equilibre.com\/me\/wp-content\/uploads\/2025\/05\/Bandeau-petit-bazar.jpg\" \/>\n\t<meta property=\"og:image:width\" content=\"1200\" \/>\n\t<meta property=\"og:image:height\" content=\"628\" \/>\n\t<meta property=\"og:image:type\" content=\"image\/jpeg\" \/>\n<meta name=\"author\" content=\"admin\" \/>\n<meta name=\"twitter:card\" content=\"summary_large_image\" \/>\n<meta name=\"twitter:creator\" content=\"@Musiquequilibre\" \/>\n<meta name=\"twitter:site\" content=\"@Musiquequilibre\" \/>\n<meta name=\"twitter:label1\" content=\"\u00c9crit par\" \/>\n\t<meta name=\"twitter:data1\" content=\"admin\" \/>\n\t<meta name=\"twitter:label2\" content=\"Dur\u00e9e de lecture estim\u00e9e\" \/>\n\t<meta name=\"twitter:data2\" content=\"1 minute\" \/>\n<script type=\"application\/ld+json\" class=\"yoast-schema-graph\">{\"@context\":\"https:\/\/schema.org\",\"@graph\":[{\"@type\":\"Article\",\"@id\":\"https:\/\/musique-equilibre.com\/me\/index.php\/2025\/05\/26\/petit-bazar\/#article\",\"isPartOf\":{\"@id\":\"https:\/\/musique-equilibre.com\/me\/index.php\/2025\/05\/26\/petit-bazar\/\"},\"author\":{\"name\":\"admin\",\"@id\":\"https:\/\/musique-equilibre.com\/me\/#\/schema\/person\/d43605ef0d5681c1b27a4ba1fede1cf4\"},\"headline\":\"PETIT BAZAR\",\"datePublished\":\"2025-05-26T08:16:23+00:00\",\"dateModified\":\"2025-05-26T08:47:37+00:00\",\"mainEntityOfPage\":{\"@id\":\"https:\/\/musique-equilibre.com\/me\/index.php\/2025\/05\/26\/petit-bazar\/\"},\"wordCount\":130,\"publisher\":{\"@id\":\"https:\/\/musique-equilibre.com\/me\/#organization\"},\"image\":{\"@id\":\"https:\/\/musique-equilibre.com\/me\/index.php\/2025\/05\/26\/petit-bazar\/#primaryimage\"},\"thumbnailUrl\":\"https:\/\/musique-equilibre.com\/me\/wp-content\/uploads\/2025\/05\/Bandeau-petit-bazar.jpg\",\"articleSection\":[\"Nos \u00e9v\u00e8nements\"],\"inLanguage\":\"fr-FR\"},{\"@type\":\"WebPage\",\"@id\":\"https:\/\/musique-equilibre.com\/me\/index.php\/2025\/05\/26\/petit-bazar\/\",\"url\":\"https:\/\/musique-equilibre.com\/me\/index.php\/2025\/05\/26\/petit-bazar\/\",\"name\":\"petit bazar\",\"isPartOf\":{\"@id\":\"https:\/\/musique-equilibre.com\/me\/#website\"},\"primaryImageOfPage\":{\"@id\":\"https:\/\/musique-equilibre.com\/me\/index.php\/2025\/05\/26\/petit-bazar\/#primaryimage\"},\"image\":{\"@id\":\"https:\/\/musique-equilibre.com\/me\/index.php\/2025\/05\/26\/petit-bazar\/#primaryimage\"},\"thumbnailUrl\":\"https:\/\/musique-equilibre.com\/me\/wp-content\/uploads\/2025\/05\/Bandeau-petit-bazar.jpg\",\"datePublished\":\"2025-05-26T08:16:23+00:00\",\"dateModified\":\"2025-05-26T08:47:37+00:00\",\"description\":\"Dernier \u00e9v\u00e9nement de l'ann\u00e9e pour les minis musiciens et musiciennes de Musique et \u00c9quilbre ! Venez les applaudir \u00e0 La Ruche en Sc\u00e8ne.\",\"breadcrumb\":{\"@id\":\"https:\/\/musique-equilibre.com\/me\/index.php\/2025\/05\/26\/petit-bazar\/#breadcrumb\"},\"inLanguage\":\"fr-FR\",\"potentialAction\":[{\"@type\":\"ReadAction\",\"target\":[\"https:\/\/musique-equilibre.com\/me\/index.php\/2025\/05\/26\/petit-bazar\/\"]}]},{\"@type\":\"ImageObject\",\"inLanguage\":\"fr-FR\",\"@id\":\"https:\/\/musique-equilibre.com\/me\/index.php\/2025\/05\/26\/petit-bazar\/#primaryimage\",\"url\":\"https:\/\/musique-equilibre.com\/me\/wp-content\/uploads\/2025\/05\/Bandeau-petit-bazar.jpg\",\"contentUrl\":\"https:\/\/musique-equilibre.com\/me\/wp-content\/uploads\/2025\/05\/Bandeau-petit-bazar.jpg\",\"width\":1200,\"height\":628},{\"@type\":\"BreadcrumbList\",\"@id\":\"https:\/\/musique-equilibre.com\/me\/index.php\/2025\/05\/26\/petit-bazar\/#breadcrumb\",\"itemListElement\":[{\"@type\":\"ListItem\",\"position\":1,\"name\":\"Accueil\",\"item\":\"https:\/\/musique-equilibre.com\/me\/\"},{\"@type\":\"ListItem\",\"position\":2,\"name\":\"PETIT BAZAR\"}]},{\"@type\":\"WebSite\",\"@id\":\"https:\/\/musique-equilibre.com\/me\/#website\",\"url\":\"https:\/\/musique-equilibre.com\/me\/\",\"name\":\"Musique et Equilibre\",\"description\":\"\",\"publisher\":{\"@id\":\"https:\/\/musique-equilibre.com\/me\/#organization\"},\"potentialAction\":[{\"@type\":\"SearchAction\",\"target\":{\"@type\":\"EntryPoint\",\"urlTemplate\":\"https:\/\/musique-equilibre.com\/me\/?s={search_term_string}\"},\"query-input\":{\"@type\":\"PropertyValueSpecification\",\"valueRequired\":true,\"valueName\":\"search_term_string\"}}],\"inLanguage\":\"fr-FR\"},{\"@type\":\"Organization\",\"@id\":\"https:\/\/musique-equilibre.com\/me\/#organization\",\"name\":\"Musique et Equilibre\",\"alternateName\":\"\u00c9cole de musique et salle de concert \u00e0 Orl\u00e9ans\",\"url\":\"https:\/\/musique-equilibre.com\/me\/\",\"logo\":{\"@type\":\"ImageObject\",\"inLanguage\":\"fr-FR\",\"@id\":\"https:\/\/musique-equilibre.com\/me\/#\/schema\/logo\/image\/\",\"url\":\"https:\/\/musique-equilibre.com\/me\/wp-content\/uploads\/2022\/11\/cropped-Logo_orange_texture-1.png\",\"contentUrl\":\"https:\/\/musique-equilibre.com\/me\/wp-content\/uploads\/2022\/11\/cropped-Logo_orange_texture-1.png\",\"width\":512,\"height\":512,\"caption\":\"Musique et Equilibre\"},\"image\":{\"@id\":\"https:\/\/musique-equilibre.com\/me\/#\/schema\/logo\/image\/\"},\"sameAs\":[\"https:\/\/www.facebook.com\/MusiqueetEquilibre45\",\"https:\/\/x.com\/Musiquequilibre\",\"https:\/\/www.instagram.com\/musique_et_equilibre_\/\",\"https:\/\/www.linkedin.com\/company\/musique-&amp;-equilibre\/\",\"https:\/\/www.youtube.com\/c\/MusiqueEquilibreOrleans\/\"]},{\"@type\":\"Person\",\"@id\":\"https:\/\/musique-equilibre.com\/me\/#\/schema\/person\/d43605ef0d5681c1b27a4ba1fede1cf4\",\"name\":\"admin\",\"image\":{\"@type\":\"ImageObject\",\"inLanguage\":\"fr-FR\",\"@id\":\"https:\/\/musique-equilibre.com\/me\/#\/schema\/person\/image\/\",\"url\":\"https:\/\/secure.gravatar.com\/avatar\/4cf7b4111456799aef2a50176cfabd70e4afde55908c0caa0617fa42d2f71d9f?s=96&d=mm&r=g\",\"contentUrl\":\"https:\/\/secure.gravatar.com\/avatar\/4cf7b4111456799aef2a50176cfabd70e4afde55908c0caa0617fa42d2f71d9f?s=96&d=mm&r=g\",\"caption\":\"admin\"},\"url\":\"https:\/\/musique-equilibre.com\/me\/index.php\/author\/admin\/\"}]}<\/script>\n<!-- \/ Yoast SEO plugin. -->","yoast_head_json":{"title":"petit bazar","description":"Dernier \u00e9v\u00e9nement de l'ann\u00e9e pour les minis musiciens et musiciennes de Musique et \u00c9quilbre ! Venez les applaudir \u00e0 La Ruche en Sc\u00e8ne.","robots":{"index":"index","follow":"follow","max-snippet":"max-snippet:-1","max-image-preview":"max-image-preview:large","max-video-preview":"max-video-preview:-1"},"canonical":"https:\/\/musique-equilibre.com\/me\/index.php\/2025\/05\/26\/petit-bazar\/","og_locale":"fr_FR","og_type":"article","og_title":"petit bazar","og_description":"Dernier \u00e9v\u00e9nement de l'ann\u00e9e pour les minis musiciens et musiciennes de Musique et \u00c9quilbre ! Venez les applaudir \u00e0 La Ruche en Sc\u00e8ne.","og_url":"https:\/\/musique-equilibre.com\/me\/index.php\/2025\/05\/26\/petit-bazar\/","og_site_name":"Musique et Equilibre","article_publisher":"https:\/\/www.facebook.com\/MusiqueetEquilibre45","article_published_time":"2025-05-26T08:16:23+00:00","article_modified_time":"2025-05-26T08:47:37+00:00","og_image":[{"width":1200,"height":628,"url":"https:\/\/musique-equilibre.com\/me\/wp-content\/uploads\/2025\/05\/Bandeau-petit-bazar.jpg","type":"image\/jpeg"}],"author":"admin","twitter_card":"summary_large_image","twitter_creator":"@Musiquequilibre","twitter_site":"@Musiquequilibre","twitter_misc":{"\u00c9crit par":"admin","Dur\u00e9e de lecture estim\u00e9e":"1 minute"},"schema":{"@context":"https:\/\/schema.org","@graph":[{"@type":"Article","@id":"https:\/\/musique-equilibre.com\/me\/index.php\/2025\/05\/26\/petit-bazar\/#article","isPartOf":{"@id":"https:\/\/musique-equilibre.com\/me\/index.php\/2025\/05\/26\/petit-bazar\/"},"author":{"name":"admin","@id":"https:\/\/musique-equilibre.com\/me\/#\/schema\/person\/d43605ef0d5681c1b27a4ba1fede1cf4"},"headline":"PETIT BAZAR","datePublished":"2025-05-26T08:16:23+00:00","dateModified":"2025-05-26T08:47:37+00:00","mainEntityOfPage":{"@id":"https:\/\/musique-equilibre.com\/me\/index.php\/2025\/05\/26\/petit-bazar\/"},"wordCount":130,"publisher":{"@id":"https:\/\/musique-equilibre.com\/me\/#organization"},"image":{"@id":"https:\/\/musique-equilibre.com\/me\/index.php\/2025\/05\/26\/petit-bazar\/#primaryimage"},"thumbnailUrl":"https:\/\/musique-equilibre.com\/me\/wp-content\/uploads\/2025\/05\/Bandeau-petit-bazar.jpg","articleSection":["Nos \u00e9v\u00e8nements"],"inLanguage":"fr-FR"},{"@type":"WebPage","@id":"https:\/\/musique-equilibre.com\/me\/index.php\/2025\/05\/26\/petit-bazar\/","url":"https:\/\/musique-equilibre.com\/me\/index.php\/2025\/05\/26\/petit-bazar\/","name":"petit bazar","isPartOf":{"@id":"https:\/\/musique-equilibre.com\/me\/#website"},"primaryImageOfPage":{"@id":"https:\/\/musique-equilibre.com\/me\/index.php\/2025\/05\/26\/petit-bazar\/#primaryimage"},"image":{"@id":"https:\/\/musique-equilibre.com\/me\/index.php\/2025\/05\/26\/petit-bazar\/#primaryimage"},"thumbnailUrl":"https:\/\/musique-equilibre.com\/me\/wp-content\/uploads\/2025\/05\/Bandeau-petit-bazar.jpg","datePublished":"2025-05-26T08:16:23+00:00","dateModified":"2025-05-26T08:47:37+00:00","description":"Dernier \u00e9v\u00e9nement de l'ann\u00e9e pour les minis musiciens et musiciennes de Musique et \u00c9quilbre ! Venez les applaudir \u00e0 La Ruche en Sc\u00e8ne.","breadcrumb":{"@id":"https:\/\/musique-equilibre.com\/me\/index.php\/2025\/05\/26\/petit-bazar\/#breadcrumb"},"inLanguage":"fr-FR","potentialAction":[{"@type":"ReadAction","target":["https:\/\/musique-equilibre.com\/me\/index.php\/2025\/05\/26\/petit-bazar\/"]}]},{"@type":"ImageObject","inLanguage":"fr-FR","@id":"https:\/\/musique-equilibre.com\/me\/index.php\/2025\/05\/26\/petit-bazar\/#primaryimage","url":"https:\/\/musique-equilibre.com\/me\/wp-content\/uploads\/2025\/05\/Bandeau-petit-bazar.jpg","contentUrl":"https:\/\/musique-equilibre.com\/me\/wp-content\/uploads\/2025\/05\/Bandeau-petit-bazar.jpg","width":1200,"height":628},{"@type":"BreadcrumbList","@id":"https:\/\/musique-equilibre.com\/me\/index.php\/2025\/05\/26\/petit-bazar\/#breadcrumb","itemListElement":[{"@type":"ListItem","position":1,"name":"Accueil","item":"https:\/\/musique-equilibre.com\/me\/"},{"@type":"ListItem","position":2,"name":"PETIT BAZAR"}]},{"@type":"WebSite","@id":"https:\/\/musique-equilibre.com\/me\/#website","url":"https:\/\/musique-equilibre.com\/me\/","name":"Musique et Equilibre","description":"","publisher":{"@id":"https:\/\/musique-equilibre.com\/me\/#organization"},"potentialAction":[{"@type":"SearchAction","target":{"@type":"EntryPoint","urlTemplate":"https:\/\/musique-equilibre.com\/me\/?s={search_term_string}"},"query-input":{"@type":"PropertyValueSpecification","valueRequired":true,"valueName":"search_term_string"}}],"inLanguage":"fr-FR"},{"@type":"Organization","@id":"https:\/\/musique-equilibre.com\/me\/#organization","name":"Musique et Equilibre","alternateName":"\u00c9cole de musique et salle de concert \u00e0 Orl\u00e9ans","url":"https:\/\/musique-equilibre.com\/me\/","logo":{"@type":"ImageObject","inLanguage":"fr-FR","@id":"https:\/\/musique-equilibre.com\/me\/#\/schema\/logo\/image\/","url":"https:\/\/musique-equilibre.com\/me\/wp-content\/uploads\/2022\/11\/cropped-Logo_orange_texture-1.png","contentUrl":"https:\/\/musique-equilibre.com\/me\/wp-content\/uploads\/2022\/11\/cropped-Logo_orange_texture-1.png","width":512,"height":512,"caption":"Musique et Equilibre"},"image":{"@id":"https:\/\/musique-equilibre.com\/me\/#\/schema\/logo\/image\/"},"sameAs":["https:\/\/www.facebook.com\/MusiqueetEquilibre45","https:\/\/x.com\/Musiquequilibre","https:\/\/www.instagram.com\/musique_et_equilibre_\/","https:\/\/www.linkedin.com\/company\/musique-&amp;-equilibre\/","https:\/\/www.youtube.com\/c\/MusiqueEquilibreOrleans\/"]},{"@type":"Person","@id":"https:\/\/musique-equilibre.com\/me\/#\/schema\/person\/d43605ef0d5681c1b27a4ba1fede1cf4","name":"admin","image":{"@type":"ImageObject","inLanguage":"fr-FR","@id":"https:\/\/musique-equilibre.com\/me\/#\/schema\/person\/image\/","url":"https:\/\/secure.gravatar.com\/avatar\/4cf7b4111456799aef2a50176cfabd70e4afde55908c0caa0617fa42d2f71d9f?s=96&d=mm&r=g","contentUrl":"https:\/\/secure.gravatar.com\/avatar\/4cf7b4111456799aef2a50176cfabd70e4afde55908c0caa0617fa42d2f71d9f?s=96&d=mm&r=g","caption":"admin"},"url":"https:\/\/musique-equilibre.com\/me\/index.php\/author\/admin\/"}]}},"_links":{"self":[{"href":"https:\/\/musique-equilibre.com\/me\/index.php\/wp-json\/wp\/v2\/posts\/17272","targetHints":{"allow":["GET"]}}],"collection":[{"href":"https:\/\/musique-equilibre.com\/me\/index.php\/wp-json\/wp\/v2\/posts"}],"about":[{"href":"https:\/\/musique-equilibre.com\/me\/index.php\/wp-json\/wp\/v2\/types\/post"}],"author":[{"embeddable":true,"href":"https:\/\/musique-equilibre.com\/me\/index.php\/wp-json\/wp\/v2\/users\/1"}],"replies":[{"embeddable":true,"href":"https:\/\/musique-equilibre.com\/me\/index.php\/wp-json\/wp\/v2\/comments?post=17272"}],"version-history":[{"count":2,"href":"https:\/\/musique-equilibre.com\/me\/index.php\/wp-json\/wp\/v2\/posts\/17272\/revisions"}],"predecessor-version":[{"id":17289,"href":"https:\/\/musique-equilibre.com\/me\/index.php\/wp-json\/wp\/v2\/posts\/17272\/revisions\/17289"}],"wp:featuredmedia":[{"embeddable":true,"href":"https:\/\/musique-equilibre.com\/me\/index.php\/wp-json\/wp\/v2\/media\/17274"}],"wp:attachment":[{"href":"https:\/\/musique-equilibre.com\/me\/index.php\/wp-json\/wp\/v2\/media?parent=17272"}],"wp:term":[{"taxonomy":"category","embeddable":true,"href":"https:\/\/musique-equilibre.com\/me\/index.php\/wp-json\/wp\/v2\/categories?post=17272"},{"taxonomy":"post_tag","embeddable":true,"href":"https:\/\/musique-equilibre.com\/me\/index.php\/wp-json\/wp\/v2\/tags?post=17272"}],"curies":[{"name":"wp","href":"https:\/\/api.w.org\/{rel}","templated":true}]}}