{"id":16292,"date":"2025-02-20T10:42:19","date_gmt":"2025-02-20T09:42:19","guid":{"rendered":"https:\/\/musique-equilibre.com\/me\/?p=16292"},"modified":"2025-03-18T17:09:22","modified_gmt":"2025-03-18T16:09:22","slug":"stage-musique-enfants-avril","status":"publish","type":"post","link":"https:\/\/musique-equilibre.com\/me\/index.php\/2025\/02\/20\/stage-musique-enfants-avril\/","title":{"rendered":"Stage Musique Enfants \/ Avril"},"content":{"rendered":"<div class=\"wp-block-image\">\n<figure class=\"aligncenter size-large is-resized\"><img fetchpriority=\"high\" decoding=\"async\" width=\"1024\" height=\"1024\" src=\"https:\/\/musique-equilibre.com\/me\/wp-content\/uploads\/2025\/03\/Stage-musique-enfant-insta-1024x1024.jpg\" alt=\"stage musique enfant vacances printemps activit\u00e9s loisir loiret orl\u00e9ans argonaute stage enfants vacances printemps\" class=\"wp-image-16315\" style=\"width:552px;height:auto\" srcset=\"https:\/\/musique-equilibre.com\/me\/wp-content\/uploads\/2025\/03\/Stage-musique-enfant-insta-1024x1024.jpg 1024w, https:\/\/musique-equilibre.com\/me\/wp-content\/uploads\/2025\/03\/Stage-musique-enfant-insta-300x300.jpg 300w, https:\/\/musique-equilibre.com\/me\/wp-content\/uploads\/2025\/03\/Stage-musique-enfant-insta-150x150.jpg 150w, https:\/\/musique-equilibre.com\/me\/wp-content\/uploads\/2025\/03\/Stage-musique-enfant-insta-768x768.jpg 768w, https:\/\/musique-equilibre.com\/me\/wp-content\/uploads\/2025\/03\/Stage-musique-enfant-insta-1536x1536.jpg 1536w, https:\/\/musique-equilibre.com\/me\/wp-content\/uploads\/2025\/03\/Stage-musique-enfant-insta-2048x2048.jpg 2048w, https:\/\/musique-equilibre.com\/me\/wp-content\/uploads\/2025\/03\/Stage-musique-enfant-insta-510x510.jpg 510w\" sizes=\"(max-width: 1024px) 100vw, 1024px\" \/><\/figure><\/div>\n\n<h2 style=\"text-align: center;\"><span style=\"font-family: coves;\"><strong>STAGE MUSIQUE ENFANTS<\/strong><\/span><\/h2>\n\n\n<div class=\"wp-block-buttons is-layout-flex wp-block-buttons-is-layout-flex\"><\/div>\n\n\n\n<div class=\"wp-block-columns is-layout-flex wp-container-core-columns-is-layout-9d6595d7 wp-block-columns-is-layout-flex\">\n<div class=\"wp-block-column is-layout-flow wp-block-column-is-layout-flow\">\n<div class=\"wp-block-buttons is-layout-flex wp-block-buttons-is-layout-flex\">\n<div class=\"wp-block-button has-custom-width wp-block-button__width-75 has-custom-font-size aligncenter is-style-fill has-medium-font-size\"><a class=\"wp-block-button__link has-background wp-element-button\" href=\"https:\/\/www.helloasso.com\/associations\/musique-et-equilibre-orleans\/evenements\/stage-musique-enfants-avril-1\" style=\"background-color:#e25417\" target=\"_blank\" rel=\"noreferrer noopener\">J&rsquo;inscris mon enfant et je r\u00e8gle l&rsquo;inscription<\/a><\/div>\n<\/div>\n<\/div>\n<\/div>\n\n\n<h3><span style=\"font-family: coves;\"><span style=\"color: #e25417;\">Pour qui ?<\/span><br \/><\/span><\/h3>\n<p><span style=\"font-family: coves;\">Enfants de 3 \u00e0 5 ans<\/span><br \/><span style=\"font-family: coves;\">Enfants de 6 \u00e0 8 ans<\/span><\/p>\n<h3><span style=\"font-family: coves;\"><span style=\"color: #e25417;\">Quand ?<\/span><br \/><\/span><\/h3>\n<p><span style=\"font-family: coves;\">Vacances de printemps : du 07\u00a0 au 11 avril<br \/><\/span><span style=\"font-family: coves-light;\"><span style=\"font-family: coves;\">3 \u00e0 5 ans : de 10h \u00e0 12h (go\u00fbter inclus)<\/span><br \/><span style=\"font-family: coves;\">6 \u00e0 8 ans : de 14h \u00e0 17h (go\u00fbter inclus)\u00a0<\/span><em><br \/><\/em><\/span><\/p>\n<h3><span style=\"font-family: coves; color: #e25417;\">O\u00f9 ?<\/span><\/h3>\n<p><span style=\"font-family: coves;\">\u00c0 l&rsquo;<a href=\"https:\/\/musique-equilibre.com\/me\/index.php\/largonaute-salle-de-concerts\/\" target=\"_blank\" rel=\"noopener\">Argonaute<\/a>, 73 boulevard Marie Stuart \u00e0 Orl\u00e9ans<\/span><br \/><span style=\"font-family: coves;\">Tram B, arr\u00eat Mozart ou Grand Villiers<\/span><br \/><span style=\"font-family: coves;\">Parking voiture et arche \u00e0 v\u00e9lo gratuits \u00e0 proximit\u00e9<\/span><\/p>\n<h3><span style=\"font-family: coves; color: #e25417;\">Contenu<\/span><\/h3>\n<p><span style=\"font-family: coves;\">3 &#8211; 5 ans : jeux vari\u00e9s autour du rythme et de la m\u00e9lodie, \u00e9coute active, chanson, d\u00e9couverte et pratique instrumentale adapt\u00e9e<\/span><\/p>\n<p><span style=\"font-family: coves;\">6 &#8211; 8ans : travail (instrumental et chant) autour de la chanson \u00ab\u00a0La sorci\u00e8re\u00a0\u00bb. Chaque enfant aura un instrument d\u00e9di\u00e9 sur la dur\u00e9e du stage (clavier, batterie, violon, fl\u00fbte, basse, ukul\u00e9l\u00e9).<\/span><\/p>\n<h3><span style=\"font-family: coves; color: #e25417;\">Tarifs<\/span><\/h3>\n<p><span style=\"font-family: coves;\"><strong>3-5 ans<\/strong> <br \/>35\u20ac pour les adh\u00e9rents-es de Musique et \u00c9quilibre (\u00e9l\u00e8ves inscrit-es en formule Kid Libre et Kid Cool sur l&rsquo;ann\u00e9e 24-25)<\/span><br \/><span style=\"font-family: coves;\">85\u20ac pour les ext\u00e9rieurs-es (+5\u20ac\/adh\u00e9sion)<br \/><strong>6-8 ans<\/strong> <br \/>45\u20ac pour les adh\u00e9rents-es de Musique et \u00c9quilibre (\u00e9l\u00e8ves inscrit-es en formule Kid Libre et Kid Cool sur l&rsquo;ann\u00e9e 24-25)<br \/>95\u20ac pour les ext\u00e9rieurs-es (+5\u20ac\/adh\u00e9sion) et \u00e9l\u00e8ves inscrit-es en formule Libert\u00e9 et formule Libert\u00e9 + sur l&rsquo;ann\u00e9e 24-25<br \/><\/span><\/p>\n<p><span style=\"font-family: coves;\"><br \/>Pas de remboursement possible sauf cas de force majeur (en cas de maladie = arr\u00eat m\u00e9dical)<\/span><\/p>\n<h2 style=\"text-align: center;\"><span style=\"font-family: coves; color: #e25417;\">Inscription<\/span><\/h2>\n<p style=\"text-align: left;\"><span style=\"font-family: coves;\"><a href=\"https:\/\/www.helloasso.com\/associations\/musique-et-equilibre-orleans\/evenements\/stage-musique-enfants-fevrier-2025\" target=\"_blank\" rel=\"noopener\">Renseigner les informations et effectuer le\u00a0r\u00e8glement en <\/a><a href=\"_wp_link_placeholder\">ligne<\/a> (via Helloasso), en ch\u00e8que, esp\u00e8ces, carte bancaire ou virement (le r\u00e8glement doit \u00eatre fourni avant le d\u00e9but du stage) \u00e0 d\u00e9poser\/envoyer \u00e0 l&rsquo;accueil de Musique et \u00c9quilibre au 108 rue de Bourgogne.<\/span><\/p>\n<p style=\"text-align: left;\"><span style=\"font-family: coves;\"><br \/><strong><em><span style=\"color: #000000;\">\/!\\ Si votre enfant \u00e0 une allergie\/intol\u00e9rance alimentaire merci de nous en faire part (par mail \u00e0 accueil@musique-equiibre.com) afin de pr\u00e9voir le go\u00fbter en fonction.<\/span><\/em><\/strong><\/span><\/p>\n<h2 style=\"text-align: center;\"><span style=\"font-family: coves; color: #e25417;\">Les parents parlent du stage<\/span><\/h2>\n\n\n<blockquote class=\"wp-block-quote is-layout-flow wp-block-quote-is-layout-flow\">\n<p>Un stage o\u00f9 les enfants sont initi\u00e9s \u00e0 un instrument en une semaine et pr\u00e9parent un petit spectacle. Petit groupe, bonne ambiance, supers profs ! Une bonne exp\u00e9rience pour d\u00e9couvrir la musique.&nbsp;<\/p>\n<cite>Parent d&rsquo;un enfant inscrit au stage de f\u00e9vrier 24<\/cite><\/blockquote>\n\n\n\n<blockquote class=\"wp-block-quote is-layout-flow wp-block-quote-is-layout-flow\">\n<p>Un grand merci pour ce stage, enfin une activit\u00e9 culturelle de qualit\u00e9 pour cette tranche d&rsquo;\u00e2ge ! Bravo !&nbsp;.&nbsp;<\/p>\n<cite>Parent d&rsquo;un enfant inscrit au stage de f\u00e9vrier 24<\/cite><\/blockquote>\n\n\n\n<blockquote class=\"wp-block-quote is-layout-flow wp-block-quote-is-layout-flow\">\n<p>L&rsquo;\u00e9quipe de musique et \u00e9quilibre est au top. Ma fille a \u00e9norm\u00e9ment appr\u00e9ci\u00e9 son stage. Elle \u00e9tait enchant\u00e9e tous les soirs en rentrant et la petite pr\u00e9sentation de fin de stage \u00e9tait un moment fort pour les enfants et leurs parents. Merci \u00e0 l&rsquo;\u00e9quipe d&rsquo;avoir si bien accueilli les enfants. Un beau moment de partage.&nbsp;<\/p>\n\n\n\n<p>Encadrement bienveillant, bonne ambiance, les enfants ont envie d\u2019y aller (:&nbsp;<\/p>\n<cite>Parent d&rsquo;un enfant inscrit au stage de f\u00e9vrier 24<\/cite><\/blockquote>\n\n\n<p><span style=\"font-size: 8pt; color: #ffffff;\">stage musique enfants avril<\/span><\/p>\n<p><span style=\"font-size: 8pt; color: #ffffff;\">stage musique enfants avril<\/span><\/p>\n\n\n<p>\ufeff<\/p>\n","protected":false},"excerpt":{"rendered":"<p>STAGE MUSIQUE ENFANTS Pour qui ? Enfants de 3 \u00e0 5 ansEnfants de 6 \u00e0 8 ans Quand ? Vacances de printemps : du 07\u00a0 au 11 avril3 \u00e0 5 ans : de 10h \u00e0 12h (go\u00fbter inclus)6 \u00e0 8 ans : de 14h \u00e0 17h (go\u00fbter inclus)\u00a0 O\u00f9 ? \u00c0 l&rsquo;Argonaute, 73 boulevard Marie [&hellip;]<\/p>\n","protected":false},"author":1,"featured_media":16293,"comment_status":"closed","ping_status":"closed","sticky":false,"template":"","format":"standard","meta":{"footnotes":""},"categories":[9],"tags":[],"class_list":{"0":"post-16292","1":"post","2":"type-post","3":"status-publish","4":"format-standard","5":"has-post-thumbnail","7":"category-nos-evenements","8":"czr-hentry"},"yoast_head":"<!-- This site is optimized with the Yoast SEO plugin v26.8 - https:\/\/yoast.com\/product\/yoast-seo-wordpress\/ -->\n<title>Stage Musique Enfants Avril<\/title>\n<meta name=\"description\" content=\"En avril, venez faire d\u00e9couvrir la musique \u00e0 votre enfant gr\u00e2ce \u00e0 notre stage Musique Enfants \u00e0 l&#039;Argonaute, Orl\u00e9ans.\" \/>\n<meta name=\"robots\" content=\"index, follow, max-snippet:-1, max-image-preview:large, max-video-preview:-1\" \/>\n<link rel=\"canonical\" href=\"https:\/\/musique-equilibre.com\/me\/index.php\/2025\/02\/20\/stage-musique-enfants-avril\/\" \/>\n<meta property=\"og:locale\" content=\"fr_FR\" \/>\n<meta property=\"og:type\" content=\"article\" \/>\n<meta property=\"og:title\" content=\"Stage Musique Enfants Avril\" \/>\n<meta property=\"og:description\" content=\"En avril, venez faire d\u00e9couvrir la musique \u00e0 votre enfant gr\u00e2ce \u00e0 notre stage Musique Enfants \u00e0 l&#039;Argonaute, Orl\u00e9ans.\" \/>\n<meta property=\"og:url\" content=\"https:\/\/musique-equilibre.com\/me\/index.php\/2025\/02\/20\/stage-musique-enfants-avril\/\" \/>\n<meta property=\"og:site_name\" content=\"Musique et Equilibre\" \/>\n<meta property=\"article:publisher\" content=\"https:\/\/www.facebook.com\/MusiqueetEquilibre45\" \/>\n<meta property=\"article:published_time\" content=\"2025-02-20T09:42:19+00:00\" \/>\n<meta property=\"article:modified_time\" content=\"2025-03-18T16:09:22+00:00\" \/>\n<meta property=\"og:image\" content=\"https:\/\/musique-equilibre.com\/me\/wp-content\/uploads\/2025\/02\/Stage-musique-enfant-bandeau.jpg\" \/>\n\t<meta property=\"og:image:width\" content=\"1200\" \/>\n\t<meta property=\"og:image:height\" content=\"628\" \/>\n\t<meta property=\"og:image:type\" content=\"image\/jpeg\" \/>\n<meta name=\"author\" content=\"admin\" \/>\n<meta name=\"twitter:card\" content=\"summary_large_image\" \/>\n<meta name=\"twitter:creator\" content=\"@Musiquequilibre\" \/>\n<meta name=\"twitter:site\" content=\"@Musiquequilibre\" \/>\n<meta name=\"twitter:label1\" content=\"\u00c9crit par\" \/>\n\t<meta name=\"twitter:data1\" content=\"admin\" \/>\n\t<meta name=\"twitter:label2\" content=\"Dur\u00e9e de lecture estim\u00e9e\" \/>\n\t<meta name=\"twitter:data2\" content=\"2 minutes\" \/>\n<script type=\"application\/ld+json\" class=\"yoast-schema-graph\">{\"@context\":\"https:\/\/schema.org\",\"@graph\":[{\"@type\":\"Article\",\"@id\":\"https:\/\/musique-equilibre.com\/me\/index.php\/2025\/02\/20\/stage-musique-enfants-avril\/#article\",\"isPartOf\":{\"@id\":\"https:\/\/musique-equilibre.com\/me\/index.php\/2025\/02\/20\/stage-musique-enfants-avril\/\"},\"author\":{\"name\":\"admin\",\"@id\":\"https:\/\/musique-equilibre.com\/me\/#\/schema\/person\/d43605ef0d5681c1b27a4ba1fede1cf4\"},\"headline\":\"Stage Musique Enfants \/ Avril\",\"datePublished\":\"2025-02-20T09:42:19+00:00\",\"dateModified\":\"2025-03-18T16:09:22+00:00\",\"mainEntityOfPage\":{\"@id\":\"https:\/\/musique-equilibre.com\/me\/index.php\/2025\/02\/20\/stage-musique-enfants-avril\/\"},\"wordCount\":470,\"publisher\":{\"@id\":\"https:\/\/musique-equilibre.com\/me\/#organization\"},\"image\":{\"@id\":\"https:\/\/musique-equilibre.com\/me\/index.php\/2025\/02\/20\/stage-musique-enfants-avril\/#primaryimage\"},\"thumbnailUrl\":\"https:\/\/musique-equilibre.com\/me\/wp-content\/uploads\/2025\/02\/Stage-musique-enfant-bandeau.jpg\",\"articleSection\":[\"Nos \u00e9v\u00e8nements\"],\"inLanguage\":\"fr-FR\"},{\"@type\":\"WebPage\",\"@id\":\"https:\/\/musique-equilibre.com\/me\/index.php\/2025\/02\/20\/stage-musique-enfants-avril\/\",\"url\":\"https:\/\/musique-equilibre.com\/me\/index.php\/2025\/02\/20\/stage-musique-enfants-avril\/\",\"name\":\"Stage Musique Enfants Avril\",\"isPartOf\":{\"@id\":\"https:\/\/musique-equilibre.com\/me\/#website\"},\"primaryImageOfPage\":{\"@id\":\"https:\/\/musique-equilibre.com\/me\/index.php\/2025\/02\/20\/stage-musique-enfants-avril\/#primaryimage\"},\"image\":{\"@id\":\"https:\/\/musique-equilibre.com\/me\/index.php\/2025\/02\/20\/stage-musique-enfants-avril\/#primaryimage\"},\"thumbnailUrl\":\"https:\/\/musique-equilibre.com\/me\/wp-content\/uploads\/2025\/02\/Stage-musique-enfant-bandeau.jpg\",\"datePublished\":\"2025-02-20T09:42:19+00:00\",\"dateModified\":\"2025-03-18T16:09:22+00:00\",\"description\":\"En avril, venez faire d\u00e9couvrir la musique \u00e0 votre enfant gr\u00e2ce \u00e0 notre stage Musique Enfants \u00e0 l'Argonaute, Orl\u00e9ans.\",\"breadcrumb\":{\"@id\":\"https:\/\/musique-equilibre.com\/me\/index.php\/2025\/02\/20\/stage-musique-enfants-avril\/#breadcrumb\"},\"inLanguage\":\"fr-FR\",\"potentialAction\":[{\"@type\":\"ReadAction\",\"target\":[\"https:\/\/musique-equilibre.com\/me\/index.php\/2025\/02\/20\/stage-musique-enfants-avril\/\"]}]},{\"@type\":\"ImageObject\",\"inLanguage\":\"fr-FR\",\"@id\":\"https:\/\/musique-equilibre.com\/me\/index.php\/2025\/02\/20\/stage-musique-enfants-avril\/#primaryimage\",\"url\":\"https:\/\/musique-equilibre.com\/me\/wp-content\/uploads\/2025\/02\/Stage-musique-enfant-bandeau.jpg\",\"contentUrl\":\"https:\/\/musique-equilibre.com\/me\/wp-content\/uploads\/2025\/02\/Stage-musique-enfant-bandeau.jpg\",\"width\":1200,\"height\":628,\"caption\":\"stage musique enfant vacances printemps activit\u00e9s loisir loiret orl\u00e9ans argonaute\"},{\"@type\":\"BreadcrumbList\",\"@id\":\"https:\/\/musique-equilibre.com\/me\/index.php\/2025\/02\/20\/stage-musique-enfants-avril\/#breadcrumb\",\"itemListElement\":[{\"@type\":\"ListItem\",\"position\":1,\"name\":\"Accueil\",\"item\":\"https:\/\/musique-equilibre.com\/me\/\"},{\"@type\":\"ListItem\",\"position\":2,\"name\":\"Stage Musique Enfants \/ Avril\"}]},{\"@type\":\"WebSite\",\"@id\":\"https:\/\/musique-equilibre.com\/me\/#website\",\"url\":\"https:\/\/musique-equilibre.com\/me\/\",\"name\":\"Musique et Equilibre\",\"description\":\"\",\"publisher\":{\"@id\":\"https:\/\/musique-equilibre.com\/me\/#organization\"},\"potentialAction\":[{\"@type\":\"SearchAction\",\"target\":{\"@type\":\"EntryPoint\",\"urlTemplate\":\"https:\/\/musique-equilibre.com\/me\/?s={search_term_string}\"},\"query-input\":{\"@type\":\"PropertyValueSpecification\",\"valueRequired\":true,\"valueName\":\"search_term_string\"}}],\"inLanguage\":\"fr-FR\"},{\"@type\":\"Organization\",\"@id\":\"https:\/\/musique-equilibre.com\/me\/#organization\",\"name\":\"Musique et Equilibre\",\"alternateName\":\"\u00c9cole de musique et salle de concert \u00e0 Orl\u00e9ans\",\"url\":\"https:\/\/musique-equilibre.com\/me\/\",\"logo\":{\"@type\":\"ImageObject\",\"inLanguage\":\"fr-FR\",\"@id\":\"https:\/\/musique-equilibre.com\/me\/#\/schema\/logo\/image\/\",\"url\":\"https:\/\/musique-equilibre.com\/me\/wp-content\/uploads\/2022\/11\/cropped-Logo_orange_texture-1.png\",\"contentUrl\":\"https:\/\/musique-equilibre.com\/me\/wp-content\/uploads\/2022\/11\/cropped-Logo_orange_texture-1.png\",\"width\":512,\"height\":512,\"caption\":\"Musique et Equilibre\"},\"image\":{\"@id\":\"https:\/\/musique-equilibre.com\/me\/#\/schema\/logo\/image\/\"},\"sameAs\":[\"https:\/\/www.facebook.com\/MusiqueetEquilibre45\",\"https:\/\/x.com\/Musiquequilibre\",\"https:\/\/www.instagram.com\/musique_et_equilibre_\/\",\"https:\/\/www.linkedin.com\/company\/musique-&amp;-equilibre\/\",\"https:\/\/www.youtube.com\/c\/MusiqueEquilibreOrleans\/\"]},{\"@type\":\"Person\",\"@id\":\"https:\/\/musique-equilibre.com\/me\/#\/schema\/person\/d43605ef0d5681c1b27a4ba1fede1cf4\",\"name\":\"admin\",\"image\":{\"@type\":\"ImageObject\",\"inLanguage\":\"fr-FR\",\"@id\":\"https:\/\/musique-equilibre.com\/me\/#\/schema\/person\/image\/\",\"url\":\"https:\/\/secure.gravatar.com\/avatar\/4cf7b4111456799aef2a50176cfabd70e4afde55908c0caa0617fa42d2f71d9f?s=96&d=mm&r=g\",\"contentUrl\":\"https:\/\/secure.gravatar.com\/avatar\/4cf7b4111456799aef2a50176cfabd70e4afde55908c0caa0617fa42d2f71d9f?s=96&d=mm&r=g\",\"caption\":\"admin\"},\"url\":\"https:\/\/musique-equilibre.com\/me\/index.php\/author\/admin\/\"}]}<\/script>\n<!-- \/ Yoast SEO plugin. -->","yoast_head_json":{"title":"Stage Musique Enfants Avril","description":"En avril, venez faire d\u00e9couvrir la musique \u00e0 votre enfant gr\u00e2ce \u00e0 notre stage Musique Enfants \u00e0 l'Argonaute, Orl\u00e9ans.","robots":{"index":"index","follow":"follow","max-snippet":"max-snippet:-1","max-image-preview":"max-image-preview:large","max-video-preview":"max-video-preview:-1"},"canonical":"https:\/\/musique-equilibre.com\/me\/index.php\/2025\/02\/20\/stage-musique-enfants-avril\/","og_locale":"fr_FR","og_type":"article","og_title":"Stage Musique Enfants Avril","og_description":"En avril, venez faire d\u00e9couvrir la musique \u00e0 votre enfant gr\u00e2ce \u00e0 notre stage Musique Enfants \u00e0 l'Argonaute, Orl\u00e9ans.","og_url":"https:\/\/musique-equilibre.com\/me\/index.php\/2025\/02\/20\/stage-musique-enfants-avril\/","og_site_name":"Musique et Equilibre","article_publisher":"https:\/\/www.facebook.com\/MusiqueetEquilibre45","article_published_time":"2025-02-20T09:42:19+00:00","article_modified_time":"2025-03-18T16:09:22+00:00","og_image":[{"width":1200,"height":628,"url":"https:\/\/musique-equilibre.com\/me\/wp-content\/uploads\/2025\/02\/Stage-musique-enfant-bandeau.jpg","type":"image\/jpeg"}],"author":"admin","twitter_card":"summary_large_image","twitter_creator":"@Musiquequilibre","twitter_site":"@Musiquequilibre","twitter_misc":{"\u00c9crit par":"admin","Dur\u00e9e de lecture estim\u00e9e":"2 minutes"},"schema":{"@context":"https:\/\/schema.org","@graph":[{"@type":"Article","@id":"https:\/\/musique-equilibre.com\/me\/index.php\/2025\/02\/20\/stage-musique-enfants-avril\/#article","isPartOf":{"@id":"https:\/\/musique-equilibre.com\/me\/index.php\/2025\/02\/20\/stage-musique-enfants-avril\/"},"author":{"name":"admin","@id":"https:\/\/musique-equilibre.com\/me\/#\/schema\/person\/d43605ef0d5681c1b27a4ba1fede1cf4"},"headline":"Stage Musique Enfants \/ Avril","datePublished":"2025-02-20T09:42:19+00:00","dateModified":"2025-03-18T16:09:22+00:00","mainEntityOfPage":{"@id":"https:\/\/musique-equilibre.com\/me\/index.php\/2025\/02\/20\/stage-musique-enfants-avril\/"},"wordCount":470,"publisher":{"@id":"https:\/\/musique-equilibre.com\/me\/#organization"},"image":{"@id":"https:\/\/musique-equilibre.com\/me\/index.php\/2025\/02\/20\/stage-musique-enfants-avril\/#primaryimage"},"thumbnailUrl":"https:\/\/musique-equilibre.com\/me\/wp-content\/uploads\/2025\/02\/Stage-musique-enfant-bandeau.jpg","articleSection":["Nos \u00e9v\u00e8nements"],"inLanguage":"fr-FR"},{"@type":"WebPage","@id":"https:\/\/musique-equilibre.com\/me\/index.php\/2025\/02\/20\/stage-musique-enfants-avril\/","url":"https:\/\/musique-equilibre.com\/me\/index.php\/2025\/02\/20\/stage-musique-enfants-avril\/","name":"Stage Musique Enfants Avril","isPartOf":{"@id":"https:\/\/musique-equilibre.com\/me\/#website"},"primaryImageOfPage":{"@id":"https:\/\/musique-equilibre.com\/me\/index.php\/2025\/02\/20\/stage-musique-enfants-avril\/#primaryimage"},"image":{"@id":"https:\/\/musique-equilibre.com\/me\/index.php\/2025\/02\/20\/stage-musique-enfants-avril\/#primaryimage"},"thumbnailUrl":"https:\/\/musique-equilibre.com\/me\/wp-content\/uploads\/2025\/02\/Stage-musique-enfant-bandeau.jpg","datePublished":"2025-02-20T09:42:19+00:00","dateModified":"2025-03-18T16:09:22+00:00","description":"En avril, venez faire d\u00e9couvrir la musique \u00e0 votre enfant gr\u00e2ce \u00e0 notre stage Musique Enfants \u00e0 l'Argonaute, Orl\u00e9ans.","breadcrumb":{"@id":"https:\/\/musique-equilibre.com\/me\/index.php\/2025\/02\/20\/stage-musique-enfants-avril\/#breadcrumb"},"inLanguage":"fr-FR","potentialAction":[{"@type":"ReadAction","target":["https:\/\/musique-equilibre.com\/me\/index.php\/2025\/02\/20\/stage-musique-enfants-avril\/"]}]},{"@type":"ImageObject","inLanguage":"fr-FR","@id":"https:\/\/musique-equilibre.com\/me\/index.php\/2025\/02\/20\/stage-musique-enfants-avril\/#primaryimage","url":"https:\/\/musique-equilibre.com\/me\/wp-content\/uploads\/2025\/02\/Stage-musique-enfant-bandeau.jpg","contentUrl":"https:\/\/musique-equilibre.com\/me\/wp-content\/uploads\/2025\/02\/Stage-musique-enfant-bandeau.jpg","width":1200,"height":628,"caption":"stage musique enfant vacances printemps activit\u00e9s loisir loiret orl\u00e9ans argonaute"},{"@type":"BreadcrumbList","@id":"https:\/\/musique-equilibre.com\/me\/index.php\/2025\/02\/20\/stage-musique-enfants-avril\/#breadcrumb","itemListElement":[{"@type":"ListItem","position":1,"name":"Accueil","item":"https:\/\/musique-equilibre.com\/me\/"},{"@type":"ListItem","position":2,"name":"Stage Musique Enfants \/ Avril"}]},{"@type":"WebSite","@id":"https:\/\/musique-equilibre.com\/me\/#website","url":"https:\/\/musique-equilibre.com\/me\/","name":"Musique et Equilibre","description":"","publisher":{"@id":"https:\/\/musique-equilibre.com\/me\/#organization"},"potentialAction":[{"@type":"SearchAction","target":{"@type":"EntryPoint","urlTemplate":"https:\/\/musique-equilibre.com\/me\/?s={search_term_string}"},"query-input":{"@type":"PropertyValueSpecification","valueRequired":true,"valueName":"search_term_string"}}],"inLanguage":"fr-FR"},{"@type":"Organization","@id":"https:\/\/musique-equilibre.com\/me\/#organization","name":"Musique et Equilibre","alternateName":"\u00c9cole de musique et salle de concert \u00e0 Orl\u00e9ans","url":"https:\/\/musique-equilibre.com\/me\/","logo":{"@type":"ImageObject","inLanguage":"fr-FR","@id":"https:\/\/musique-equilibre.com\/me\/#\/schema\/logo\/image\/","url":"https:\/\/musique-equilibre.com\/me\/wp-content\/uploads\/2022\/11\/cropped-Logo_orange_texture-1.png","contentUrl":"https:\/\/musique-equilibre.com\/me\/wp-content\/uploads\/2022\/11\/cropped-Logo_orange_texture-1.png","width":512,"height":512,"caption":"Musique et Equilibre"},"image":{"@id":"https:\/\/musique-equilibre.com\/me\/#\/schema\/logo\/image\/"},"sameAs":["https:\/\/www.facebook.com\/MusiqueetEquilibre45","https:\/\/x.com\/Musiquequilibre","https:\/\/www.instagram.com\/musique_et_equilibre_\/","https:\/\/www.linkedin.com\/company\/musique-&amp;-equilibre\/","https:\/\/www.youtube.com\/c\/MusiqueEquilibreOrleans\/"]},{"@type":"Person","@id":"https:\/\/musique-equilibre.com\/me\/#\/schema\/person\/d43605ef0d5681c1b27a4ba1fede1cf4","name":"admin","image":{"@type":"ImageObject","inLanguage":"fr-FR","@id":"https:\/\/musique-equilibre.com\/me\/#\/schema\/person\/image\/","url":"https:\/\/secure.gravatar.com\/avatar\/4cf7b4111456799aef2a50176cfabd70e4afde55908c0caa0617fa42d2f71d9f?s=96&d=mm&r=g","contentUrl":"https:\/\/secure.gravatar.com\/avatar\/4cf7b4111456799aef2a50176cfabd70e4afde55908c0caa0617fa42d2f71d9f?s=96&d=mm&r=g","caption":"admin"},"url":"https:\/\/musique-equilibre.com\/me\/index.php\/author\/admin\/"}]}},"_links":{"self":[{"href":"https:\/\/musique-equilibre.com\/me\/index.php\/wp-json\/wp\/v2\/posts\/16292","targetHints":{"allow":["GET"]}}],"collection":[{"href":"https:\/\/musique-equilibre.com\/me\/index.php\/wp-json\/wp\/v2\/posts"}],"about":[{"href":"https:\/\/musique-equilibre.com\/me\/index.php\/wp-json\/wp\/v2\/types\/post"}],"author":[{"embeddable":true,"href":"https:\/\/musique-equilibre.com\/me\/index.php\/wp-json\/wp\/v2\/users\/1"}],"replies":[{"embeddable":true,"href":"https:\/\/musique-equilibre.com\/me\/index.php\/wp-json\/wp\/v2\/comments?post=16292"}],"version-history":[{"count":3,"href":"https:\/\/musique-equilibre.com\/me\/index.php\/wp-json\/wp\/v2\/posts\/16292\/revisions"}],"predecessor-version":[{"id":16439,"href":"https:\/\/musique-equilibre.com\/me\/index.php\/wp-json\/wp\/v2\/posts\/16292\/revisions\/16439"}],"wp:featuredmedia":[{"embeddable":true,"href":"https:\/\/musique-equilibre.com\/me\/index.php\/wp-json\/wp\/v2\/media\/16293"}],"wp:attachment":[{"href":"https:\/\/musique-equilibre.com\/me\/index.php\/wp-json\/wp\/v2\/media?parent=16292"}],"wp:term":[{"taxonomy":"category","embeddable":true,"href":"https:\/\/musique-equilibre.com\/me\/index.php\/wp-json\/wp\/v2\/categories?post=16292"},{"taxonomy":"post_tag","embeddable":true,"href":"https:\/\/musique-equilibre.com\/me\/index.php\/wp-json\/wp\/v2\/tags?post=16292"}],"curies":[{"name":"wp","href":"https:\/\/api.w.org\/{rel}","templated":true}]}}