{"id":16284,"date":"2025-02-20T10:49:28","date_gmt":"2025-02-20T09:49:28","guid":{"rendered":"https:\/\/musique-equilibre.com\/me\/?p=16284"},"modified":"2025-02-20T10:49:49","modified_gmt":"2025-02-20T09:49:49","slug":"stage-mixage-avril","status":"publish","type":"post","link":"https:\/\/musique-equilibre.com\/me\/index.php\/2025\/02\/20\/stage-mixage-avril\/","title":{"rendered":"Stage Mixage \/ Avril"},"content":{"rendered":"<div class=\"wp-block-image\">\n<figure class=\"aligncenter size-large\"><img fetchpriority=\"high\" decoding=\"async\" width=\"1024\" height=\"536\" src=\"https:\/\/musique-equilibre.com\/me\/wp-content\/uploads\/2025\/02\/Stage-mixage-bandeau-avril-1024x536.jpg\" alt=\"stage mixage avril orl\u00e9ans loiret studio romain cl\u00e9ment technicien son enregistrer enregistrement mix mixage\" class=\"wp-image-16290\" srcset=\"https:\/\/musique-equilibre.com\/me\/wp-content\/uploads\/2025\/02\/Stage-mixage-bandeau-avril-1024x536.jpg 1024w, https:\/\/musique-equilibre.com\/me\/wp-content\/uploads\/2025\/02\/Stage-mixage-bandeau-avril-300x157.jpg 300w, https:\/\/musique-equilibre.com\/me\/wp-content\/uploads\/2025\/02\/Stage-mixage-bandeau-avril-150x79.jpg 150w, https:\/\/musique-equilibre.com\/me\/wp-content\/uploads\/2025\/02\/Stage-mixage-bandeau-avril-768x402.jpg 768w, https:\/\/musique-equilibre.com\/me\/wp-content\/uploads\/2025\/02\/Stage-mixage-bandeau-avril.jpg 1200w\" sizes=\"(max-width: 1024px) 100vw, 1024px\" \/><\/figure><\/div>\n\n\n<p class=\"has-white-color has-text-color\">stage mixage<\/p>\n\n\n<h2 style=\"text-align: center;\"><strong><span style=\"font-family: coves-light;\">STAGE MIXAGE<\/span><\/strong><\/h2>\n\n\n<div class=\"wp-block-columns is-layout-flex wp-container-core-columns-is-layout-9d6595d7 wp-block-columns-is-layout-flex\">\n<div class=\"wp-block-column is-layout-flow wp-block-column-is-layout-flow\">\n<div class=\"wp-block-buttons is-layout-flex wp-block-buttons-is-layout-flex\">\n<div class=\"wp-block-button has-custom-width wp-block-button__width-100 has-custom-font-size aligncenter has-medium-font-size\"><a class=\"wp-block-button__link has-background wp-element-button\" href=\"https:\/\/www.helloasso.com\/associations\/musique-et-equilibre-orleans\/evenements\/stage-mixage-avril\" style=\"background-color:#e25417\">Je r\u00e8gle mon inscription<\/a><\/div>\n<\/div>\n<\/div>\n<\/div>\n\n\n<h2 style=\"text-align: center;\">\u00a0<\/h2>\n<h3><span style=\"font-family: coves;\"><span style=\"color: #e25417;\">Pour qui ?<\/span><br \/><\/span><\/h3>\n<p><span style=\"font-family: coves;\">Ouvert \u00e0 tous-tes, d\u00e9butant-es, initi\u00e9-es ou confirm\u00e9-es, ce stage est con\u00e7u pour r\u00e9pondre \u00e0 la diversit\u00e9 des niveaux et des attentes.<br \/>\u00c0\u00a0partir de 14ans.<\/span><\/p>\n<h3><span style=\"font-family: coves;\"><span style=\"color: #e25417;\">Quand ?<\/span><br \/><\/span><\/h3>\n<p><span style=\"font-family: coves;\">Du 7 au 10 avril<br \/>10h-12h \/ 13h-17h<br \/><\/span><\/p>\n<p><span style=\"font-family: coves;\">6 personnes maximum par stage<\/span><\/p>\n<h3><span style=\"font-family: coves; color: #e25417;\">O\u00f9 ?<\/span><\/h3>\n<p><span style=\"font-family: coves;\">Au <a href=\"https:\/\/le108.org\/\" target=\"_blank\" rel=\"noopener\">108<\/a><br \/>108 rue de Bourgogne, Orl\u00e9ans<\/span><\/p>\n<h3><span style=\"font-family: coves; color: #e25417;\">Contenu<\/span><\/h3>\n<p><span style=\"font-family: coves;\">Stage dispens\u00e9 par <a href=\"https:\/\/musique-equilibre.com\/me\/index.php\/2019\/11\/06\/bio-romain-clement\/\" target=\"_blank\" rel=\"noopener\">Romain Cl\u00e9ment<\/a> (technicien son au sein de Mojosound Studio et r\u00e9gisseur au sein de Musique et \u00c9quilibre).<br \/>De la simple maquette \u00e0 la production de son album, le travail de mixage peut s&rsquo;apparenter \u00e0 un long parcours du combattant. Ensemble, travaillons autour des outils permettant de fa\u00e7onner l&rsquo;image sonore d&rsquo;un morceau. Nous mixerons \u00ab\u00a0in the box\u00a0\u00bb un titre de A \u00e0 Z et \u00e9changerons autour de diff\u00e9rents th\u00e8mes:<\/span><\/p>\n<ul>\n<li><span style=\"font-family: coves;\">Organiser sa session<\/span><\/li>\n<li><span style=\"font-family: coves;\">L&rsquo;importance d&rsquo;une bonne balance : Gestion des niveaux, la panoramique<\/span><\/li>\n<li><span style=\"font-family: coves;\">Qu&rsquo;est ce qu&rsquo;un EQ et comment l&rsquo;utiliser<\/span><\/li>\n<li><span style=\"font-family: coves;\">Modeler, contr\u00f4ler et donner plus d&rsquo;impact gr\u00e2ce \u00e0 la compression<\/span><\/li>\n<li><span style=\"font-family: coves;\">D\u00e9finir un espace sonore gr\u00e2ce \u00e0 la Reverb et au Delay .<\/span><\/li>\n<li><span style=\"font-family: coves;\">\u00c9paissir et colorer gr\u00e2ce \u00e0 la Saturation<\/span><\/li>\n<li><span style=\"font-family: coves;\">Le mixbus ou \u00ab\u00a0Arme Secr\u00e8te\u00a0\u00bb du mixeur <\/span><\/li>\n<\/ul>\n<h3><span style=\"font-family: coves; color: #e25417;\">Tarifs<\/span><\/h3>\n<p><span style=\"font-family: coves;\">100\u20ac pour les adh\u00e9rent-es de Musique et \u00c9quilibre (\u00e9l\u00e8ves inscrit-es en formule \u00c9quilibre sur l&rsquo;ann\u00e9e 24-25)<br \/>245\u20ac pour les adh\u00e9rent-es de Musique et \u00c9quilibre (\u00e9l\u00e8ves inscrit-es en atelier, formule Libert\u00e9 et formule Libert\u00e9 + sur l&rsquo;ann\u00e9e 24-25)<\/span><br \/><span style=\"font-family: coves;\">250\u20ac pour les ext\u00e9rieur-es<br \/>Pas de remboursement possible sauf cas de force majeur (en cas de maladie = arr\u00eat m\u00e9dical).<\/span><\/p>\n<h2 style=\"text-align: center;\"><span style=\"font-family: coves; color: #e25417;\">Inscription<\/span><\/h2>\n<p style=\"text-align: left;\"><span style=\"font-family: coves;\">Renseigner les informations et effectuer le r\u00e8glement (via Helloasso), en ch\u00e8que, esp\u00e8ces, carte bancaire ou virement (le r\u00e8glement doit \u00eatre fourni avant le d\u00e9but du stage) \u00e0 d\u00e9poser\/envoyer \u00e0 l&rsquo;accueil de Musique et \u00c9quilibre au 108 rue de Bourgogne.<\/span><\/p>\n<p><span style=\"font-size: 8pt; color: #ffffff;\">Stage Mixage \/ avril<br \/>Stage Mixage \/ avril<br \/><\/span><\/p>\n<p><span style=\"font-size: 8pt; color: #ffffff;\">\u00a0<\/span><\/p>","protected":false},"excerpt":{"rendered":"<p>stage mixage STAGE MIXAGE \u00a0 Pour qui ? Ouvert \u00e0 tous-tes, d\u00e9butant-es, initi\u00e9-es ou confirm\u00e9-es, ce stage est con\u00e7u pour r\u00e9pondre \u00e0 la diversit\u00e9 des niveaux et des attentes.\u00c0\u00a0partir de 14ans. Quand ? Du 7 au 10 avril10h-12h \/ 13h-17h 6 personnes maximum par stage O\u00f9 ? Au 108108 rue de Bourgogne, Orl\u00e9ans Contenu Stage [&hellip;]<\/p>\n","protected":false},"author":1,"featured_media":16290,"comment_status":"closed","ping_status":"closed","sticky":false,"template":"","format":"standard","meta":{"footnotes":""},"categories":[9],"tags":[],"class_list":{"0":"post-16284","1":"post","2":"type-post","3":"status-publish","4":"format-standard","5":"has-post-thumbnail","7":"category-nos-evenements","8":"czr-hentry"},"yoast_head":"<!-- This site is optimized with the Yoast SEO plugin v26.8 - https:\/\/yoast.com\/product\/yoast-seo-wordpress\/ -->\n<title>stage mixage avril<\/title>\n<meta name=\"description\" content=\"Pendant 4 jours, venez d\u00e9couvrir le mixage gr\u00e2ce au stage mixage en avril de Romain Cl\u00e9ment ! Le stage se d\u00e9roule au 108, \u00e0 Orl\u00e9ans.\" \/>\n<meta name=\"robots\" content=\"index, follow, max-snippet:-1, max-image-preview:large, max-video-preview:-1\" \/>\n<link rel=\"canonical\" href=\"https:\/\/musique-equilibre.com\/me\/index.php\/2025\/02\/20\/stage-mixage-avril\/\" \/>\n<meta property=\"og:locale\" content=\"fr_FR\" \/>\n<meta property=\"og:type\" content=\"article\" \/>\n<meta property=\"og:title\" content=\"stage mixage avril\" \/>\n<meta property=\"og:description\" content=\"Pendant 4 jours, venez d\u00e9couvrir le mixage gr\u00e2ce au stage mixage en avril de Romain Cl\u00e9ment ! Le stage se d\u00e9roule au 108, \u00e0 Orl\u00e9ans.\" \/>\n<meta property=\"og:url\" content=\"https:\/\/musique-equilibre.com\/me\/index.php\/2025\/02\/20\/stage-mixage-avril\/\" \/>\n<meta property=\"og:site_name\" content=\"Musique et Equilibre\" \/>\n<meta property=\"article:publisher\" content=\"https:\/\/www.facebook.com\/MusiqueetEquilibre45\" \/>\n<meta property=\"article:published_time\" content=\"2025-02-20T09:49:28+00:00\" \/>\n<meta property=\"article:modified_time\" content=\"2025-02-20T09:49:49+00:00\" \/>\n<meta property=\"og:image\" content=\"https:\/\/musique-equilibre.com\/me\/wp-content\/uploads\/2025\/02\/Stage-mixage-bandeau-avril.jpg\" \/>\n\t<meta property=\"og:image:width\" content=\"1200\" \/>\n\t<meta property=\"og:image:height\" content=\"628\" \/>\n\t<meta property=\"og:image:type\" content=\"image\/jpeg\" \/>\n<meta name=\"author\" content=\"admin\" \/>\n<meta name=\"twitter:card\" content=\"summary_large_image\" \/>\n<meta name=\"twitter:creator\" content=\"@Musiquequilibre\" \/>\n<meta name=\"twitter:site\" content=\"@Musiquequilibre\" \/>\n<meta name=\"twitter:label1\" content=\"\u00c9crit par\" \/>\n\t<meta name=\"twitter:data1\" content=\"admin\" \/>\n\t<meta name=\"twitter:label2\" content=\"Dur\u00e9e de lecture estim\u00e9e\" \/>\n\t<meta name=\"twitter:data2\" content=\"2 minutes\" \/>\n<script type=\"application\/ld+json\" class=\"yoast-schema-graph\">{\"@context\":\"https:\/\/schema.org\",\"@graph\":[{\"@type\":\"Article\",\"@id\":\"https:\/\/musique-equilibre.com\/me\/index.php\/2025\/02\/20\/stage-mixage-avril\/#article\",\"isPartOf\":{\"@id\":\"https:\/\/musique-equilibre.com\/me\/index.php\/2025\/02\/20\/stage-mixage-avril\/\"},\"author\":{\"name\":\"admin\",\"@id\":\"https:\/\/musique-equilibre.com\/me\/#\/schema\/person\/d43605ef0d5681c1b27a4ba1fede1cf4\"},\"headline\":\"Stage Mixage \/ Avril\",\"datePublished\":\"2025-02-20T09:49:28+00:00\",\"dateModified\":\"2025-02-20T09:49:49+00:00\",\"mainEntityOfPage\":{\"@id\":\"https:\/\/musique-equilibre.com\/me\/index.php\/2025\/02\/20\/stage-mixage-avril\/\"},\"wordCount\":313,\"publisher\":{\"@id\":\"https:\/\/musique-equilibre.com\/me\/#organization\"},\"image\":{\"@id\":\"https:\/\/musique-equilibre.com\/me\/index.php\/2025\/02\/20\/stage-mixage-avril\/#primaryimage\"},\"thumbnailUrl\":\"https:\/\/musique-equilibre.com\/me\/wp-content\/uploads\/2025\/02\/Stage-mixage-bandeau-avril.jpg\",\"articleSection\":[\"Nos \u00e9v\u00e8nements\"],\"inLanguage\":\"fr-FR\"},{\"@type\":\"WebPage\",\"@id\":\"https:\/\/musique-equilibre.com\/me\/index.php\/2025\/02\/20\/stage-mixage-avril\/\",\"url\":\"https:\/\/musique-equilibre.com\/me\/index.php\/2025\/02\/20\/stage-mixage-avril\/\",\"name\":\"stage mixage avril\",\"isPartOf\":{\"@id\":\"https:\/\/musique-equilibre.com\/me\/#website\"},\"primaryImageOfPage\":{\"@id\":\"https:\/\/musique-equilibre.com\/me\/index.php\/2025\/02\/20\/stage-mixage-avril\/#primaryimage\"},\"image\":{\"@id\":\"https:\/\/musique-equilibre.com\/me\/index.php\/2025\/02\/20\/stage-mixage-avril\/#primaryimage\"},\"thumbnailUrl\":\"https:\/\/musique-equilibre.com\/me\/wp-content\/uploads\/2025\/02\/Stage-mixage-bandeau-avril.jpg\",\"datePublished\":\"2025-02-20T09:49:28+00:00\",\"dateModified\":\"2025-02-20T09:49:49+00:00\",\"description\":\"Pendant 4 jours, venez d\u00e9couvrir le mixage gr\u00e2ce au stage mixage en avril de Romain Cl\u00e9ment ! Le stage se d\u00e9roule au 108, \u00e0 Orl\u00e9ans.\",\"breadcrumb\":{\"@id\":\"https:\/\/musique-equilibre.com\/me\/index.php\/2025\/02\/20\/stage-mixage-avril\/#breadcrumb\"},\"inLanguage\":\"fr-FR\",\"potentialAction\":[{\"@type\":\"ReadAction\",\"target\":[\"https:\/\/musique-equilibre.com\/me\/index.php\/2025\/02\/20\/stage-mixage-avril\/\"]}]},{\"@type\":\"ImageObject\",\"inLanguage\":\"fr-FR\",\"@id\":\"https:\/\/musique-equilibre.com\/me\/index.php\/2025\/02\/20\/stage-mixage-avril\/#primaryimage\",\"url\":\"https:\/\/musique-equilibre.com\/me\/wp-content\/uploads\/2025\/02\/Stage-mixage-bandeau-avril.jpg\",\"contentUrl\":\"https:\/\/musique-equilibre.com\/me\/wp-content\/uploads\/2025\/02\/Stage-mixage-bandeau-avril.jpg\",\"width\":1200,\"height\":628,\"caption\":\"stage mixage avril orl\u00e9ans loiret studio romain cl\u00e9ment technicien son enregistrer enregistrement mix mixage\"},{\"@type\":\"BreadcrumbList\",\"@id\":\"https:\/\/musique-equilibre.com\/me\/index.php\/2025\/02\/20\/stage-mixage-avril\/#breadcrumb\",\"itemListElement\":[{\"@type\":\"ListItem\",\"position\":1,\"name\":\"Accueil\",\"item\":\"https:\/\/musique-equilibre.com\/me\/\"},{\"@type\":\"ListItem\",\"position\":2,\"name\":\"Stage Mixage \/ Avril\"}]},{\"@type\":\"WebSite\",\"@id\":\"https:\/\/musique-equilibre.com\/me\/#website\",\"url\":\"https:\/\/musique-equilibre.com\/me\/\",\"name\":\"Musique et Equilibre\",\"description\":\"\",\"publisher\":{\"@id\":\"https:\/\/musique-equilibre.com\/me\/#organization\"},\"potentialAction\":[{\"@type\":\"SearchAction\",\"target\":{\"@type\":\"EntryPoint\",\"urlTemplate\":\"https:\/\/musique-equilibre.com\/me\/?s={search_term_string}\"},\"query-input\":{\"@type\":\"PropertyValueSpecification\",\"valueRequired\":true,\"valueName\":\"search_term_string\"}}],\"inLanguage\":\"fr-FR\"},{\"@type\":\"Organization\",\"@id\":\"https:\/\/musique-equilibre.com\/me\/#organization\",\"name\":\"Musique et Equilibre\",\"alternateName\":\"\u00c9cole de musique et salle de concert \u00e0 Orl\u00e9ans\",\"url\":\"https:\/\/musique-equilibre.com\/me\/\",\"logo\":{\"@type\":\"ImageObject\",\"inLanguage\":\"fr-FR\",\"@id\":\"https:\/\/musique-equilibre.com\/me\/#\/schema\/logo\/image\/\",\"url\":\"https:\/\/musique-equilibre.com\/me\/wp-content\/uploads\/2022\/11\/cropped-Logo_orange_texture-1.png\",\"contentUrl\":\"https:\/\/musique-equilibre.com\/me\/wp-content\/uploads\/2022\/11\/cropped-Logo_orange_texture-1.png\",\"width\":512,\"height\":512,\"caption\":\"Musique et Equilibre\"},\"image\":{\"@id\":\"https:\/\/musique-equilibre.com\/me\/#\/schema\/logo\/image\/\"},\"sameAs\":[\"https:\/\/www.facebook.com\/MusiqueetEquilibre45\",\"https:\/\/x.com\/Musiquequilibre\",\"https:\/\/www.instagram.com\/musique_et_equilibre_\/\",\"https:\/\/www.linkedin.com\/company\/musique-&amp;-equilibre\/\",\"https:\/\/www.youtube.com\/c\/MusiqueEquilibreOrleans\/\"]},{\"@type\":\"Person\",\"@id\":\"https:\/\/musique-equilibre.com\/me\/#\/schema\/person\/d43605ef0d5681c1b27a4ba1fede1cf4\",\"name\":\"admin\",\"image\":{\"@type\":\"ImageObject\",\"inLanguage\":\"fr-FR\",\"@id\":\"https:\/\/musique-equilibre.com\/me\/#\/schema\/person\/image\/\",\"url\":\"https:\/\/secure.gravatar.com\/avatar\/4cf7b4111456799aef2a50176cfabd70e4afde55908c0caa0617fa42d2f71d9f?s=96&d=mm&r=g\",\"contentUrl\":\"https:\/\/secure.gravatar.com\/avatar\/4cf7b4111456799aef2a50176cfabd70e4afde55908c0caa0617fa42d2f71d9f?s=96&d=mm&r=g\",\"caption\":\"admin\"},\"url\":\"https:\/\/musique-equilibre.com\/me\/index.php\/author\/admin\/\"}]}<\/script>\n<!-- \/ Yoast SEO plugin. -->","yoast_head_json":{"title":"stage mixage avril","description":"Pendant 4 jours, venez d\u00e9couvrir le mixage gr\u00e2ce au stage mixage en avril de Romain Cl\u00e9ment ! Le stage se d\u00e9roule au 108, \u00e0 Orl\u00e9ans.","robots":{"index":"index","follow":"follow","max-snippet":"max-snippet:-1","max-image-preview":"max-image-preview:large","max-video-preview":"max-video-preview:-1"},"canonical":"https:\/\/musique-equilibre.com\/me\/index.php\/2025\/02\/20\/stage-mixage-avril\/","og_locale":"fr_FR","og_type":"article","og_title":"stage mixage avril","og_description":"Pendant 4 jours, venez d\u00e9couvrir le mixage gr\u00e2ce au stage mixage en avril de Romain Cl\u00e9ment ! Le stage se d\u00e9roule au 108, \u00e0 Orl\u00e9ans.","og_url":"https:\/\/musique-equilibre.com\/me\/index.php\/2025\/02\/20\/stage-mixage-avril\/","og_site_name":"Musique et Equilibre","article_publisher":"https:\/\/www.facebook.com\/MusiqueetEquilibre45","article_published_time":"2025-02-20T09:49:28+00:00","article_modified_time":"2025-02-20T09:49:49+00:00","og_image":[{"width":1200,"height":628,"url":"https:\/\/musique-equilibre.com\/me\/wp-content\/uploads\/2025\/02\/Stage-mixage-bandeau-avril.jpg","type":"image\/jpeg"}],"author":"admin","twitter_card":"summary_large_image","twitter_creator":"@Musiquequilibre","twitter_site":"@Musiquequilibre","twitter_misc":{"\u00c9crit par":"admin","Dur\u00e9e de lecture estim\u00e9e":"2 minutes"},"schema":{"@context":"https:\/\/schema.org","@graph":[{"@type":"Article","@id":"https:\/\/musique-equilibre.com\/me\/index.php\/2025\/02\/20\/stage-mixage-avril\/#article","isPartOf":{"@id":"https:\/\/musique-equilibre.com\/me\/index.php\/2025\/02\/20\/stage-mixage-avril\/"},"author":{"name":"admin","@id":"https:\/\/musique-equilibre.com\/me\/#\/schema\/person\/d43605ef0d5681c1b27a4ba1fede1cf4"},"headline":"Stage Mixage \/ Avril","datePublished":"2025-02-20T09:49:28+00:00","dateModified":"2025-02-20T09:49:49+00:00","mainEntityOfPage":{"@id":"https:\/\/musique-equilibre.com\/me\/index.php\/2025\/02\/20\/stage-mixage-avril\/"},"wordCount":313,"publisher":{"@id":"https:\/\/musique-equilibre.com\/me\/#organization"},"image":{"@id":"https:\/\/musique-equilibre.com\/me\/index.php\/2025\/02\/20\/stage-mixage-avril\/#primaryimage"},"thumbnailUrl":"https:\/\/musique-equilibre.com\/me\/wp-content\/uploads\/2025\/02\/Stage-mixage-bandeau-avril.jpg","articleSection":["Nos \u00e9v\u00e8nements"],"inLanguage":"fr-FR"},{"@type":"WebPage","@id":"https:\/\/musique-equilibre.com\/me\/index.php\/2025\/02\/20\/stage-mixage-avril\/","url":"https:\/\/musique-equilibre.com\/me\/index.php\/2025\/02\/20\/stage-mixage-avril\/","name":"stage mixage avril","isPartOf":{"@id":"https:\/\/musique-equilibre.com\/me\/#website"},"primaryImageOfPage":{"@id":"https:\/\/musique-equilibre.com\/me\/index.php\/2025\/02\/20\/stage-mixage-avril\/#primaryimage"},"image":{"@id":"https:\/\/musique-equilibre.com\/me\/index.php\/2025\/02\/20\/stage-mixage-avril\/#primaryimage"},"thumbnailUrl":"https:\/\/musique-equilibre.com\/me\/wp-content\/uploads\/2025\/02\/Stage-mixage-bandeau-avril.jpg","datePublished":"2025-02-20T09:49:28+00:00","dateModified":"2025-02-20T09:49:49+00:00","description":"Pendant 4 jours, venez d\u00e9couvrir le mixage gr\u00e2ce au stage mixage en avril de Romain Cl\u00e9ment ! Le stage se d\u00e9roule au 108, \u00e0 Orl\u00e9ans.","breadcrumb":{"@id":"https:\/\/musique-equilibre.com\/me\/index.php\/2025\/02\/20\/stage-mixage-avril\/#breadcrumb"},"inLanguage":"fr-FR","potentialAction":[{"@type":"ReadAction","target":["https:\/\/musique-equilibre.com\/me\/index.php\/2025\/02\/20\/stage-mixage-avril\/"]}]},{"@type":"ImageObject","inLanguage":"fr-FR","@id":"https:\/\/musique-equilibre.com\/me\/index.php\/2025\/02\/20\/stage-mixage-avril\/#primaryimage","url":"https:\/\/musique-equilibre.com\/me\/wp-content\/uploads\/2025\/02\/Stage-mixage-bandeau-avril.jpg","contentUrl":"https:\/\/musique-equilibre.com\/me\/wp-content\/uploads\/2025\/02\/Stage-mixage-bandeau-avril.jpg","width":1200,"height":628,"caption":"stage mixage avril orl\u00e9ans loiret studio romain cl\u00e9ment technicien son enregistrer enregistrement mix mixage"},{"@type":"BreadcrumbList","@id":"https:\/\/musique-equilibre.com\/me\/index.php\/2025\/02\/20\/stage-mixage-avril\/#breadcrumb","itemListElement":[{"@type":"ListItem","position":1,"name":"Accueil","item":"https:\/\/musique-equilibre.com\/me\/"},{"@type":"ListItem","position":2,"name":"Stage Mixage \/ Avril"}]},{"@type":"WebSite","@id":"https:\/\/musique-equilibre.com\/me\/#website","url":"https:\/\/musique-equilibre.com\/me\/","name":"Musique et Equilibre","description":"","publisher":{"@id":"https:\/\/musique-equilibre.com\/me\/#organization"},"potentialAction":[{"@type":"SearchAction","target":{"@type":"EntryPoint","urlTemplate":"https:\/\/musique-equilibre.com\/me\/?s={search_term_string}"},"query-input":{"@type":"PropertyValueSpecification","valueRequired":true,"valueName":"search_term_string"}}],"inLanguage":"fr-FR"},{"@type":"Organization","@id":"https:\/\/musique-equilibre.com\/me\/#organization","name":"Musique et Equilibre","alternateName":"\u00c9cole de musique et salle de concert \u00e0 Orl\u00e9ans","url":"https:\/\/musique-equilibre.com\/me\/","logo":{"@type":"ImageObject","inLanguage":"fr-FR","@id":"https:\/\/musique-equilibre.com\/me\/#\/schema\/logo\/image\/","url":"https:\/\/musique-equilibre.com\/me\/wp-content\/uploads\/2022\/11\/cropped-Logo_orange_texture-1.png","contentUrl":"https:\/\/musique-equilibre.com\/me\/wp-content\/uploads\/2022\/11\/cropped-Logo_orange_texture-1.png","width":512,"height":512,"caption":"Musique et Equilibre"},"image":{"@id":"https:\/\/musique-equilibre.com\/me\/#\/schema\/logo\/image\/"},"sameAs":["https:\/\/www.facebook.com\/MusiqueetEquilibre45","https:\/\/x.com\/Musiquequilibre","https:\/\/www.instagram.com\/musique_et_equilibre_\/","https:\/\/www.linkedin.com\/company\/musique-&amp;-equilibre\/","https:\/\/www.youtube.com\/c\/MusiqueEquilibreOrleans\/"]},{"@type":"Person","@id":"https:\/\/musique-equilibre.com\/me\/#\/schema\/person\/d43605ef0d5681c1b27a4ba1fede1cf4","name":"admin","image":{"@type":"ImageObject","inLanguage":"fr-FR","@id":"https:\/\/musique-equilibre.com\/me\/#\/schema\/person\/image\/","url":"https:\/\/secure.gravatar.com\/avatar\/4cf7b4111456799aef2a50176cfabd70e4afde55908c0caa0617fa42d2f71d9f?s=96&d=mm&r=g","contentUrl":"https:\/\/secure.gravatar.com\/avatar\/4cf7b4111456799aef2a50176cfabd70e4afde55908c0caa0617fa42d2f71d9f?s=96&d=mm&r=g","caption":"admin"},"url":"https:\/\/musique-equilibre.com\/me\/index.php\/author\/admin\/"}]}},"_links":{"self":[{"href":"https:\/\/musique-equilibre.com\/me\/index.php\/wp-json\/wp\/v2\/posts\/16284","targetHints":{"allow":["GET"]}}],"collection":[{"href":"https:\/\/musique-equilibre.com\/me\/index.php\/wp-json\/wp\/v2\/posts"}],"about":[{"href":"https:\/\/musique-equilibre.com\/me\/index.php\/wp-json\/wp\/v2\/types\/post"}],"author":[{"embeddable":true,"href":"https:\/\/musique-equilibre.com\/me\/index.php\/wp-json\/wp\/v2\/users\/1"}],"replies":[{"embeddable":true,"href":"https:\/\/musique-equilibre.com\/me\/index.php\/wp-json\/wp\/v2\/comments?post=16284"}],"version-history":[{"count":1,"href":"https:\/\/musique-equilibre.com\/me\/index.php\/wp-json\/wp\/v2\/posts\/16284\/revisions"}],"predecessor-version":[{"id":16291,"href":"https:\/\/musique-equilibre.com\/me\/index.php\/wp-json\/wp\/v2\/posts\/16284\/revisions\/16291"}],"wp:featuredmedia":[{"embeddable":true,"href":"https:\/\/musique-equilibre.com\/me\/index.php\/wp-json\/wp\/v2\/media\/16290"}],"wp:attachment":[{"href":"https:\/\/musique-equilibre.com\/me\/index.php\/wp-json\/wp\/v2\/media?parent=16284"}],"wp:term":[{"taxonomy":"category","embeddable":true,"href":"https:\/\/musique-equilibre.com\/me\/index.php\/wp-json\/wp\/v2\/categories?post=16284"},{"taxonomy":"post_tag","embeddable":true,"href":"https:\/\/musique-equilibre.com\/me\/index.php\/wp-json\/wp\/v2\/tags?post=16284"}],"curies":[{"name":"wp","href":"https:\/\/api.w.org\/{rel}","templated":true}]}}