{"id":16100,"date":"2025-02-10T10:05:03","date_gmt":"2025-02-10T09:05:03","guid":{"rendered":"https:\/\/musique-equilibre.com\/me\/?p=16100"},"modified":"2025-02-10T10:05:27","modified_gmt":"2025-02-10T09:05:27","slug":"live-atelier-chanson-et-guitare-et-chant","status":"publish","type":"post","link":"https:\/\/musique-equilibre.com\/me\/index.php\/2025\/02\/10\/live-atelier-chanson-et-guitare-et-chant\/","title":{"rendered":"Live Atelier : Chanson et Guitare et chant"},"content":{"rendered":"\n<p class=\"has-white-color has-text-color has-small-font-size\">live atelier blues pop rock<\/p>\n\n\n\n<div class=\"wp-block-media-text alignwide is-stacked-on-mobile\" style=\"grid-template-columns:31% auto\"><figure class=\"wp-block-media-text__media\"><img fetchpriority=\"high\" decoding=\"async\" width=\"900\" height=\"900\" src=\"https:\/\/musique-equilibre.com\/me\/wp-content\/uploads\/2025\/02\/carre-live-atelier-mars-small.jpg\" alt=\"Live Atelier : Chanson et Guitare et chant\" class=\"wp-image-16101 size-full\" srcset=\"https:\/\/musique-equilibre.com\/me\/wp-content\/uploads\/2025\/02\/carre-live-atelier-mars-small.jpg 900w, https:\/\/musique-equilibre.com\/me\/wp-content\/uploads\/2025\/02\/carre-live-atelier-mars-small-300x300.jpg 300w, https:\/\/musique-equilibre.com\/me\/wp-content\/uploads\/2025\/02\/carre-live-atelier-mars-small-150x150.jpg 150w, https:\/\/musique-equilibre.com\/me\/wp-content\/uploads\/2025\/02\/carre-live-atelier-mars-small-768x768.jpg 768w, https:\/\/musique-equilibre.com\/me\/wp-content\/uploads\/2025\/02\/carre-live-atelier-mars-small-510x510.jpg 510w\" sizes=\"(max-width: 900px) 100vw, 900px\" \/><\/figure><div class=\"wp-block-media-text__content\">\n<h2><span style=\"font-family: coves-light;\">LIVE ATELIER &#8211; Chanson et Guitare et chant<\/span><\/h2>\n\n\n\n<h3 style=\"text-align: left;\"><span style=\"font-family: coves; color: #d41919;\"><strong>VENDREDI 14 MARS &#8211; 20H30<\/strong><\/span><\/h3>\n\n\n\n<p><span style=\"font-family: coves;\">Le chant est \u00e0 l\u2019honneur ce soir\u00a0! En effet pour ce dernier concert de la semaine, l\u2019Argonaute portera sur sc\u00e8ne l\u2019atelier Chanson de Franck Sall\u00e9 ainsi que les \u00e9l\u00e8ves de l&rsquo;atelier Guitare et chant d\u2019Agn\u00e8s Orsingher pour un programme tout en douceur.<\/span><\/p>\n<p><span style=\"font-family: coves;\">Gratuit<\/span><\/p>\n<\/div><\/div>\n\n\n<p style=\"text-align: center;\"><span style=\"font-family: coves;\"><a href=\"https:\/\/www.orleans-metropole.fr\/sport\/etablissements-et-lieux-de-pratique\/largonaute\" target=\"_blank\" rel=\"noopener\">Argonaute<\/a> &#8211; 73 boulevard Marie Stuart, Orl\u00e9ans<\/span><br \/><span style=\"font-family: coves;\">Tram (ligne B) : arr\u00eat Mozart ou Grand Villiers<\/span><br \/><span style=\"font-family: coves;\">Parking gratuit + arche \u00e0 v\u00e9lo \u00e0 proximit\u00e9<br \/><a href=\"https:\/\/musique-equilibre.com\/me\/index.php\/bar-associatif\/\" target=\"_blank\" rel=\"noopener\">Bar associatif<\/a> ouvert<\/span><\/p>\n\n\n<p class=\"has-white-color has-text-color has-small-font-size\">Live Atelier Rock enfants et Musiques satur\u00e9es<\/p>\n\n\n\n<p class=\"has-white-color has-text-color has-small-font-size\">Live Atelier Rock enfants et Musiques satur\u00e9es<\/p>\n\n\n\n<p class=\"has-text-align-center\"><br><\/p>\n","protected":false},"excerpt":{"rendered":"<p>live atelier blues pop rock LIVE ATELIER &#8211; Chanson et Guitare et chant VENDREDI 14 MARS &#8211; 20H30 Le chant est \u00e0 l\u2019honneur ce soir\u00a0! En effet pour ce dernier concert de la semaine, l\u2019Argonaute portera sur sc\u00e8ne l\u2019atelier Chanson de Franck Sall\u00e9 ainsi que les \u00e9l\u00e8ves de l&rsquo;atelier Guitare et chant d\u2019Agn\u00e8s Orsingher pour [&hellip;]<\/p>\n","protected":false},"author":1,"featured_media":16101,"comment_status":"closed","ping_status":"closed","sticky":false,"template":"","format":"standard","meta":{"footnotes":""},"categories":[9],"tags":[],"class_list":{"0":"post-16100","1":"post","2":"type-post","3":"status-publish","4":"format-standard","5":"has-post-thumbnail","7":"category-nos-evenements","8":"czr-hentry"},"yoast_head":"<!-- This site is optimized with the Yoast SEO plugin v26.8 - https:\/\/yoast.com\/product\/yoast-seo-wordpress\/ -->\n<title>Live Atelier : Chanson et Guitare et chant<\/title>\n<meta name=\"description\" content=\"Ce vendredi 14 mars, nouveau LIVE ATELIER : chanson et Guitare et chant ! Venez applaudir ces deux ateliers, \u00e0 l&#039;Argonaute, Orl\u00e9ans.\" \/>\n<meta name=\"robots\" content=\"index, follow, max-snippet:-1, max-image-preview:large, max-video-preview:-1\" \/>\n<link rel=\"canonical\" href=\"https:\/\/musique-equilibre.com\/me\/index.php\/2025\/02\/10\/live-atelier-chanson-et-guitare-et-chant\/\" \/>\n<meta property=\"og:locale\" content=\"fr_FR\" \/>\n<meta property=\"og:type\" content=\"article\" \/>\n<meta property=\"og:title\" content=\"Live Atelier : Chanson et Guitare et chant\" \/>\n<meta property=\"og:description\" content=\"Ce vendredi 14 mars, nouveau LIVE ATELIER : chanson et Guitare et chant ! Venez applaudir ces deux ateliers, \u00e0 l&#039;Argonaute, Orl\u00e9ans.\" \/>\n<meta property=\"og:url\" content=\"https:\/\/musique-equilibre.com\/me\/index.php\/2025\/02\/10\/live-atelier-chanson-et-guitare-et-chant\/\" \/>\n<meta property=\"og:site_name\" content=\"Musique et Equilibre\" \/>\n<meta property=\"article:publisher\" content=\"https:\/\/www.facebook.com\/MusiqueetEquilibre45\" \/>\n<meta property=\"article:published_time\" content=\"2025-02-10T09:05:03+00:00\" \/>\n<meta property=\"article:modified_time\" content=\"2025-02-10T09:05:27+00:00\" \/>\n<meta property=\"og:image\" content=\"https:\/\/musique-equilibre.com\/me\/wp-content\/uploads\/2025\/02\/carre-live-atelier-mars-small.jpg\" \/>\n\t<meta property=\"og:image:width\" content=\"900\" \/>\n\t<meta property=\"og:image:height\" content=\"900\" \/>\n\t<meta property=\"og:image:type\" content=\"image\/jpeg\" \/>\n<meta name=\"author\" content=\"admin\" \/>\n<meta name=\"twitter:card\" content=\"summary_large_image\" \/>\n<meta name=\"twitter:creator\" content=\"@Musiquequilibre\" \/>\n<meta name=\"twitter:site\" content=\"@Musiquequilibre\" \/>\n<meta name=\"twitter:label1\" content=\"\u00c9crit par\" \/>\n\t<meta name=\"twitter:data1\" content=\"admin\" \/>\n\t<meta name=\"twitter:label2\" content=\"Dur\u00e9e de lecture estim\u00e9e\" \/>\n\t<meta name=\"twitter:data2\" content=\"1 minute\" \/>\n<script type=\"application\/ld+json\" class=\"yoast-schema-graph\">{\"@context\":\"https:\/\/schema.org\",\"@graph\":[{\"@type\":\"Article\",\"@id\":\"https:\/\/musique-equilibre.com\/me\/index.php\/2025\/02\/10\/live-atelier-chanson-et-guitare-et-chant\/#article\",\"isPartOf\":{\"@id\":\"https:\/\/musique-equilibre.com\/me\/index.php\/2025\/02\/10\/live-atelier-chanson-et-guitare-et-chant\/\"},\"author\":{\"name\":\"admin\",\"@id\":\"https:\/\/musique-equilibre.com\/me\/#\/schema\/person\/d43605ef0d5681c1b27a4ba1fede1cf4\"},\"headline\":\"Live Atelier : Chanson et Guitare et chant\",\"datePublished\":\"2025-02-10T09:05:03+00:00\",\"dateModified\":\"2025-02-10T09:05:27+00:00\",\"mainEntityOfPage\":{\"@id\":\"https:\/\/musique-equilibre.com\/me\/index.php\/2025\/02\/10\/live-atelier-chanson-et-guitare-et-chant\/\"},\"wordCount\":115,\"publisher\":{\"@id\":\"https:\/\/musique-equilibre.com\/me\/#organization\"},\"image\":{\"@id\":\"https:\/\/musique-equilibre.com\/me\/index.php\/2025\/02\/10\/live-atelier-chanson-et-guitare-et-chant\/#primaryimage\"},\"thumbnailUrl\":\"https:\/\/musique-equilibre.com\/me\/wp-content\/uploads\/2025\/02\/carre-live-atelier-mars-small.jpg\",\"articleSection\":[\"Nos \u00e9v\u00e8nements\"],\"inLanguage\":\"fr-FR\"},{\"@type\":\"WebPage\",\"@id\":\"https:\/\/musique-equilibre.com\/me\/index.php\/2025\/02\/10\/live-atelier-chanson-et-guitare-et-chant\/\",\"url\":\"https:\/\/musique-equilibre.com\/me\/index.php\/2025\/02\/10\/live-atelier-chanson-et-guitare-et-chant\/\",\"name\":\"Live Atelier : Chanson et Guitare et chant\",\"isPartOf\":{\"@id\":\"https:\/\/musique-equilibre.com\/me\/#website\"},\"primaryImageOfPage\":{\"@id\":\"https:\/\/musique-equilibre.com\/me\/index.php\/2025\/02\/10\/live-atelier-chanson-et-guitare-et-chant\/#primaryimage\"},\"image\":{\"@id\":\"https:\/\/musique-equilibre.com\/me\/index.php\/2025\/02\/10\/live-atelier-chanson-et-guitare-et-chant\/#primaryimage\"},\"thumbnailUrl\":\"https:\/\/musique-equilibre.com\/me\/wp-content\/uploads\/2025\/02\/carre-live-atelier-mars-small.jpg\",\"datePublished\":\"2025-02-10T09:05:03+00:00\",\"dateModified\":\"2025-02-10T09:05:27+00:00\",\"description\":\"Ce vendredi 14 mars, nouveau LIVE ATELIER : chanson et Guitare et chant ! Venez applaudir ces deux ateliers, \u00e0 l'Argonaute, Orl\u00e9ans.\",\"breadcrumb\":{\"@id\":\"https:\/\/musique-equilibre.com\/me\/index.php\/2025\/02\/10\/live-atelier-chanson-et-guitare-et-chant\/#breadcrumb\"},\"inLanguage\":\"fr-FR\",\"potentialAction\":[{\"@type\":\"ReadAction\",\"target\":[\"https:\/\/musique-equilibre.com\/me\/index.php\/2025\/02\/10\/live-atelier-chanson-et-guitare-et-chant\/\"]}]},{\"@type\":\"ImageObject\",\"inLanguage\":\"fr-FR\",\"@id\":\"https:\/\/musique-equilibre.com\/me\/index.php\/2025\/02\/10\/live-atelier-chanson-et-guitare-et-chant\/#primaryimage\",\"url\":\"https:\/\/musique-equilibre.com\/me\/wp-content\/uploads\/2025\/02\/carre-live-atelier-mars-small.jpg\",\"contentUrl\":\"https:\/\/musique-equilibre.com\/me\/wp-content\/uploads\/2025\/02\/carre-live-atelier-mars-small.jpg\",\"width\":900,\"height\":900,\"caption\":\"Live Atelier : Chanson et Guitare et chant\"},{\"@type\":\"BreadcrumbList\",\"@id\":\"https:\/\/musique-equilibre.com\/me\/index.php\/2025\/02\/10\/live-atelier-chanson-et-guitare-et-chant\/#breadcrumb\",\"itemListElement\":[{\"@type\":\"ListItem\",\"position\":1,\"name\":\"Accueil\",\"item\":\"https:\/\/musique-equilibre.com\/me\/\"},{\"@type\":\"ListItem\",\"position\":2,\"name\":\"Live Atelier : Chanson et Guitare et chant\"}]},{\"@type\":\"WebSite\",\"@id\":\"https:\/\/musique-equilibre.com\/me\/#website\",\"url\":\"https:\/\/musique-equilibre.com\/me\/\",\"name\":\"Musique et Equilibre\",\"description\":\"\",\"publisher\":{\"@id\":\"https:\/\/musique-equilibre.com\/me\/#organization\"},\"potentialAction\":[{\"@type\":\"SearchAction\",\"target\":{\"@type\":\"EntryPoint\",\"urlTemplate\":\"https:\/\/musique-equilibre.com\/me\/?s={search_term_string}\"},\"query-input\":{\"@type\":\"PropertyValueSpecification\",\"valueRequired\":true,\"valueName\":\"search_term_string\"}}],\"inLanguage\":\"fr-FR\"},{\"@type\":\"Organization\",\"@id\":\"https:\/\/musique-equilibre.com\/me\/#organization\",\"name\":\"Musique et Equilibre\",\"alternateName\":\"\u00c9cole de musique et salle de concert \u00e0 Orl\u00e9ans\",\"url\":\"https:\/\/musique-equilibre.com\/me\/\",\"logo\":{\"@type\":\"ImageObject\",\"inLanguage\":\"fr-FR\",\"@id\":\"https:\/\/musique-equilibre.com\/me\/#\/schema\/logo\/image\/\",\"url\":\"https:\/\/musique-equilibre.com\/me\/wp-content\/uploads\/2022\/11\/cropped-Logo_orange_texture-1.png\",\"contentUrl\":\"https:\/\/musique-equilibre.com\/me\/wp-content\/uploads\/2022\/11\/cropped-Logo_orange_texture-1.png\",\"width\":512,\"height\":512,\"caption\":\"Musique et Equilibre\"},\"image\":{\"@id\":\"https:\/\/musique-equilibre.com\/me\/#\/schema\/logo\/image\/\"},\"sameAs\":[\"https:\/\/www.facebook.com\/MusiqueetEquilibre45\",\"https:\/\/x.com\/Musiquequilibre\",\"https:\/\/www.instagram.com\/musique_et_equilibre_\/\",\"https:\/\/www.linkedin.com\/company\/musique-&amp;-equilibre\/\",\"https:\/\/www.youtube.com\/c\/MusiqueEquilibreOrleans\/\"]},{\"@type\":\"Person\",\"@id\":\"https:\/\/musique-equilibre.com\/me\/#\/schema\/person\/d43605ef0d5681c1b27a4ba1fede1cf4\",\"name\":\"admin\",\"image\":{\"@type\":\"ImageObject\",\"inLanguage\":\"fr-FR\",\"@id\":\"https:\/\/musique-equilibre.com\/me\/#\/schema\/person\/image\/\",\"url\":\"https:\/\/secure.gravatar.com\/avatar\/4cf7b4111456799aef2a50176cfabd70e4afde55908c0caa0617fa42d2f71d9f?s=96&d=mm&r=g\",\"contentUrl\":\"https:\/\/secure.gravatar.com\/avatar\/4cf7b4111456799aef2a50176cfabd70e4afde55908c0caa0617fa42d2f71d9f?s=96&d=mm&r=g\",\"caption\":\"admin\"},\"url\":\"https:\/\/musique-equilibre.com\/me\/index.php\/author\/admin\/\"}]}<\/script>\n<!-- \/ Yoast SEO plugin. -->","yoast_head_json":{"title":"Live Atelier : Chanson et Guitare et chant","description":"Ce vendredi 14 mars, nouveau LIVE ATELIER : chanson et Guitare et chant ! Venez applaudir ces deux ateliers, \u00e0 l'Argonaute, Orl\u00e9ans.","robots":{"index":"index","follow":"follow","max-snippet":"max-snippet:-1","max-image-preview":"max-image-preview:large","max-video-preview":"max-video-preview:-1"},"canonical":"https:\/\/musique-equilibre.com\/me\/index.php\/2025\/02\/10\/live-atelier-chanson-et-guitare-et-chant\/","og_locale":"fr_FR","og_type":"article","og_title":"Live Atelier : Chanson et Guitare et chant","og_description":"Ce vendredi 14 mars, nouveau LIVE ATELIER : chanson et Guitare et chant ! Venez applaudir ces deux ateliers, \u00e0 l'Argonaute, Orl\u00e9ans.","og_url":"https:\/\/musique-equilibre.com\/me\/index.php\/2025\/02\/10\/live-atelier-chanson-et-guitare-et-chant\/","og_site_name":"Musique et Equilibre","article_publisher":"https:\/\/www.facebook.com\/MusiqueetEquilibre45","article_published_time":"2025-02-10T09:05:03+00:00","article_modified_time":"2025-02-10T09:05:27+00:00","og_image":[{"width":900,"height":900,"url":"https:\/\/musique-equilibre.com\/me\/wp-content\/uploads\/2025\/02\/carre-live-atelier-mars-small.jpg","type":"image\/jpeg"}],"author":"admin","twitter_card":"summary_large_image","twitter_creator":"@Musiquequilibre","twitter_site":"@Musiquequilibre","twitter_misc":{"\u00c9crit par":"admin","Dur\u00e9e de lecture estim\u00e9e":"1 minute"},"schema":{"@context":"https:\/\/schema.org","@graph":[{"@type":"Article","@id":"https:\/\/musique-equilibre.com\/me\/index.php\/2025\/02\/10\/live-atelier-chanson-et-guitare-et-chant\/#article","isPartOf":{"@id":"https:\/\/musique-equilibre.com\/me\/index.php\/2025\/02\/10\/live-atelier-chanson-et-guitare-et-chant\/"},"author":{"name":"admin","@id":"https:\/\/musique-equilibre.com\/me\/#\/schema\/person\/d43605ef0d5681c1b27a4ba1fede1cf4"},"headline":"Live Atelier : Chanson et Guitare et chant","datePublished":"2025-02-10T09:05:03+00:00","dateModified":"2025-02-10T09:05:27+00:00","mainEntityOfPage":{"@id":"https:\/\/musique-equilibre.com\/me\/index.php\/2025\/02\/10\/live-atelier-chanson-et-guitare-et-chant\/"},"wordCount":115,"publisher":{"@id":"https:\/\/musique-equilibre.com\/me\/#organization"},"image":{"@id":"https:\/\/musique-equilibre.com\/me\/index.php\/2025\/02\/10\/live-atelier-chanson-et-guitare-et-chant\/#primaryimage"},"thumbnailUrl":"https:\/\/musique-equilibre.com\/me\/wp-content\/uploads\/2025\/02\/carre-live-atelier-mars-small.jpg","articleSection":["Nos \u00e9v\u00e8nements"],"inLanguage":"fr-FR"},{"@type":"WebPage","@id":"https:\/\/musique-equilibre.com\/me\/index.php\/2025\/02\/10\/live-atelier-chanson-et-guitare-et-chant\/","url":"https:\/\/musique-equilibre.com\/me\/index.php\/2025\/02\/10\/live-atelier-chanson-et-guitare-et-chant\/","name":"Live Atelier : Chanson et Guitare et chant","isPartOf":{"@id":"https:\/\/musique-equilibre.com\/me\/#website"},"primaryImageOfPage":{"@id":"https:\/\/musique-equilibre.com\/me\/index.php\/2025\/02\/10\/live-atelier-chanson-et-guitare-et-chant\/#primaryimage"},"image":{"@id":"https:\/\/musique-equilibre.com\/me\/index.php\/2025\/02\/10\/live-atelier-chanson-et-guitare-et-chant\/#primaryimage"},"thumbnailUrl":"https:\/\/musique-equilibre.com\/me\/wp-content\/uploads\/2025\/02\/carre-live-atelier-mars-small.jpg","datePublished":"2025-02-10T09:05:03+00:00","dateModified":"2025-02-10T09:05:27+00:00","description":"Ce vendredi 14 mars, nouveau LIVE ATELIER : chanson et Guitare et chant ! Venez applaudir ces deux ateliers, \u00e0 l'Argonaute, Orl\u00e9ans.","breadcrumb":{"@id":"https:\/\/musique-equilibre.com\/me\/index.php\/2025\/02\/10\/live-atelier-chanson-et-guitare-et-chant\/#breadcrumb"},"inLanguage":"fr-FR","potentialAction":[{"@type":"ReadAction","target":["https:\/\/musique-equilibre.com\/me\/index.php\/2025\/02\/10\/live-atelier-chanson-et-guitare-et-chant\/"]}]},{"@type":"ImageObject","inLanguage":"fr-FR","@id":"https:\/\/musique-equilibre.com\/me\/index.php\/2025\/02\/10\/live-atelier-chanson-et-guitare-et-chant\/#primaryimage","url":"https:\/\/musique-equilibre.com\/me\/wp-content\/uploads\/2025\/02\/carre-live-atelier-mars-small.jpg","contentUrl":"https:\/\/musique-equilibre.com\/me\/wp-content\/uploads\/2025\/02\/carre-live-atelier-mars-small.jpg","width":900,"height":900,"caption":"Live Atelier : Chanson et Guitare et chant"},{"@type":"BreadcrumbList","@id":"https:\/\/musique-equilibre.com\/me\/index.php\/2025\/02\/10\/live-atelier-chanson-et-guitare-et-chant\/#breadcrumb","itemListElement":[{"@type":"ListItem","position":1,"name":"Accueil","item":"https:\/\/musique-equilibre.com\/me\/"},{"@type":"ListItem","position":2,"name":"Live Atelier : Chanson et Guitare et chant"}]},{"@type":"WebSite","@id":"https:\/\/musique-equilibre.com\/me\/#website","url":"https:\/\/musique-equilibre.com\/me\/","name":"Musique et Equilibre","description":"","publisher":{"@id":"https:\/\/musique-equilibre.com\/me\/#organization"},"potentialAction":[{"@type":"SearchAction","target":{"@type":"EntryPoint","urlTemplate":"https:\/\/musique-equilibre.com\/me\/?s={search_term_string}"},"query-input":{"@type":"PropertyValueSpecification","valueRequired":true,"valueName":"search_term_string"}}],"inLanguage":"fr-FR"},{"@type":"Organization","@id":"https:\/\/musique-equilibre.com\/me\/#organization","name":"Musique et Equilibre","alternateName":"\u00c9cole de musique et salle de concert \u00e0 Orl\u00e9ans","url":"https:\/\/musique-equilibre.com\/me\/","logo":{"@type":"ImageObject","inLanguage":"fr-FR","@id":"https:\/\/musique-equilibre.com\/me\/#\/schema\/logo\/image\/","url":"https:\/\/musique-equilibre.com\/me\/wp-content\/uploads\/2022\/11\/cropped-Logo_orange_texture-1.png","contentUrl":"https:\/\/musique-equilibre.com\/me\/wp-content\/uploads\/2022\/11\/cropped-Logo_orange_texture-1.png","width":512,"height":512,"caption":"Musique et Equilibre"},"image":{"@id":"https:\/\/musique-equilibre.com\/me\/#\/schema\/logo\/image\/"},"sameAs":["https:\/\/www.facebook.com\/MusiqueetEquilibre45","https:\/\/x.com\/Musiquequilibre","https:\/\/www.instagram.com\/musique_et_equilibre_\/","https:\/\/www.linkedin.com\/company\/musique-&amp;-equilibre\/","https:\/\/www.youtube.com\/c\/MusiqueEquilibreOrleans\/"]},{"@type":"Person","@id":"https:\/\/musique-equilibre.com\/me\/#\/schema\/person\/d43605ef0d5681c1b27a4ba1fede1cf4","name":"admin","image":{"@type":"ImageObject","inLanguage":"fr-FR","@id":"https:\/\/musique-equilibre.com\/me\/#\/schema\/person\/image\/","url":"https:\/\/secure.gravatar.com\/avatar\/4cf7b4111456799aef2a50176cfabd70e4afde55908c0caa0617fa42d2f71d9f?s=96&d=mm&r=g","contentUrl":"https:\/\/secure.gravatar.com\/avatar\/4cf7b4111456799aef2a50176cfabd70e4afde55908c0caa0617fa42d2f71d9f?s=96&d=mm&r=g","caption":"admin"},"url":"https:\/\/musique-equilibre.com\/me\/index.php\/author\/admin\/"}]}},"_links":{"self":[{"href":"https:\/\/musique-equilibre.com\/me\/index.php\/wp-json\/wp\/v2\/posts\/16100","targetHints":{"allow":["GET"]}}],"collection":[{"href":"https:\/\/musique-equilibre.com\/me\/index.php\/wp-json\/wp\/v2\/posts"}],"about":[{"href":"https:\/\/musique-equilibre.com\/me\/index.php\/wp-json\/wp\/v2\/types\/post"}],"author":[{"embeddable":true,"href":"https:\/\/musique-equilibre.com\/me\/index.php\/wp-json\/wp\/v2\/users\/1"}],"replies":[{"embeddable":true,"href":"https:\/\/musique-equilibre.com\/me\/index.php\/wp-json\/wp\/v2\/comments?post=16100"}],"version-history":[{"count":1,"href":"https:\/\/musique-equilibre.com\/me\/index.php\/wp-json\/wp\/v2\/posts\/16100\/revisions"}],"predecessor-version":[{"id":16102,"href":"https:\/\/musique-equilibre.com\/me\/index.php\/wp-json\/wp\/v2\/posts\/16100\/revisions\/16102"}],"wp:featuredmedia":[{"embeddable":true,"href":"https:\/\/musique-equilibre.com\/me\/index.php\/wp-json\/wp\/v2\/media\/16101"}],"wp:attachment":[{"href":"https:\/\/musique-equilibre.com\/me\/index.php\/wp-json\/wp\/v2\/media?parent=16100"}],"wp:term":[{"taxonomy":"category","embeddable":true,"href":"https:\/\/musique-equilibre.com\/me\/index.php\/wp-json\/wp\/v2\/categories?post=16100"},{"taxonomy":"post_tag","embeddable":true,"href":"https:\/\/musique-equilibre.com\/me\/index.php\/wp-json\/wp\/v2\/tags?post=16100"}],"curies":[{"name":"wp","href":"https:\/\/api.w.org\/{rel}","templated":true}]}}