{"id":15148,"date":"2024-10-08T10:30:40","date_gmt":"2024-10-08T08:30:40","guid":{"rendered":"https:\/\/musique-equilibre.com\/me\/?p=15148"},"modified":"2024-10-18T10:43:32","modified_gmt":"2024-10-18T08:43:32","slug":"concert-in-human-hume","status":"publish","type":"post","link":"https:\/\/musique-equilibre.com\/me\/index.php\/2024\/10\/08\/concert-in-human-hume\/","title":{"rendered":"Concert &#8211; In Human Hume"},"content":{"rendered":"\n<p class=\"has-white-color has-text-color has-small-font-size\">live atelier blues pop rock<\/p>\n\n\n\n<div class=\"wp-block-media-text alignwide is-stacked-on-mobile\" style=\"grid-template-columns:31% auto\"><figure class=\"wp-block-media-text__media\"><img fetchpriority=\"high\" decoding=\"async\" width=\"1024\" height=\"1024\" src=\"https:\/\/musique-equilibre.com\/me\/wp-content\/uploads\/2024\/10\/cadre-insta-affiche-concert-in-human-hume-test-2-1024x1024.jpg\" alt=\"concert in human hume atsushi saka\u00ef ensemble la reveuse th\u00e9atre de l'\u00e9ventail musique ancienne argonaute th\u00e9\u00e2tre n\u00f4 ensmeble la r\u00e9veuse\" class=\"wp-image-15204 size-full\" srcset=\"https:\/\/musique-equilibre.com\/me\/wp-content\/uploads\/2024\/10\/cadre-insta-affiche-concert-in-human-hume-test-2-1024x1024.jpg 1024w, https:\/\/musique-equilibre.com\/me\/wp-content\/uploads\/2024\/10\/cadre-insta-affiche-concert-in-human-hume-test-2-300x300.jpg 300w, https:\/\/musique-equilibre.com\/me\/wp-content\/uploads\/2024\/10\/cadre-insta-affiche-concert-in-human-hume-test-2-150x150.jpg 150w, https:\/\/musique-equilibre.com\/me\/wp-content\/uploads\/2024\/10\/cadre-insta-affiche-concert-in-human-hume-test-2-768x768.jpg 768w, https:\/\/musique-equilibre.com\/me\/wp-content\/uploads\/2024\/10\/cadre-insta-affiche-concert-in-human-hume-test-2-1536x1536.jpg 1536w, https:\/\/musique-equilibre.com\/me\/wp-content\/uploads\/2024\/10\/cadre-insta-affiche-concert-in-human-hume-test-2-2048x2048.jpg 2048w, https:\/\/musique-equilibre.com\/me\/wp-content\/uploads\/2024\/10\/cadre-insta-affiche-concert-in-human-hume-test-2-510x510.jpg 510w\" sizes=\"(max-width: 1024px) 100vw, 1024px\" \/><\/figure><div class=\"wp-block-media-text__content\">\n<h2><span style=\"font-family: coves-light;\">CONCERT &#8211; In Human Hume<\/span><\/h2>\n\n\n\n<h3 style=\"text-align: left;\"><span style=\"font-family: coves-light; color: #d41919;\"><strong>SAMEDI 30 NOVEMBRE &#8211; 19H30<\/strong><\/span><\/h3>\n\n\n\n<p><span style=\"font-family: coves-light;\">Cr\u00e9ation \u00e9crite par Atsushi Sakai (violiste), \u00ab\u00a0In Human Hume\u00a0\u00bb est l&rsquo;histoire de ponts entre les mondes, entre les individualit\u00e9s et les autres, entre les univers qui deviennent perm\u00e9ables et se r\u00e9pondent. La pi\u00e8ce se construit autour de la vie de Tobias Hume (soldat, compositeur et violiste du 16\u00e8me) et de celle de Natassja Martin (anthropologue fran\u00e7aise contemporaine \u00e9pargn\u00e9e par un ours aux confins de la Sib\u00e9rie) tout en s&rsquo;impr\u00e9gnant de principes et des choeurs du Th\u00e9\u00e2tre n\u00f4. Le projet, dont la vocation est de rassembler des artistes d&rsquo;horizons vari\u00e9s, regroupe les \u00e9l\u00e8ves des Ateliers de Musique Ancienne de <a href=\"https:\/\/ensemblelareveuse.com\/\" target=\"_blank\" rel=\"noopener\">La R\u00eaveuse<\/a>, un groupe de musiciens en amateur de <a href=\"https:\/\/musique-equilibre.com\/me\/index.php\/ecole-de-musique-associative-orleans\/\" target=\"_blank\" rel=\"noopener\">Musique et Equilibre<\/a> ainsi que des r\u00e9citants amateurs du Th\u00e9\u00e2tre de l&rsquo;Eventail.<\/span><\/p>\n<p><span style=\"font-family: coves-light;\">Gratuit. R\u00e9servation conseill\u00e9e <a href=\"https:\/\/www.helloasso.com\/associations\/musique-et-equilibre-orleans\/evenements\/conferences-concerts\" target=\"_blank\" rel=\"noopener\">ici<\/a><\/span><\/p>\n<p><em><span style=\"font-family: coves-light;\">Projet en partenariat avec le <a href=\"https:\/\/theatredeleventail.com\/\" target=\"_blank\" rel=\"noopener\">Th\u00e9\u00e2tre de l&rsquo;\u00c9ventail<\/a><\/span><\/em><br><em><span style=\"font-family: coves-light;\">avec le soutien du Centre National de la Musique<\/span><\/em><\/p>\n<\/div><\/div>\n\n\n<p style=\"text-align: center;\"><span style=\"font-family: coves-light;\"><a href=\"https:\/\/www.orleans-metropole.fr\/sport\/etablissements-et-lieux-de-pratique\/largonaute\" target=\"_blank\" rel=\"noopener\" data-wplink-edit=\"true\">Argonaute<\/a> &#8211; 73 boulevard Marie Stuart, Orl\u00e9ans<\/span><br><span style=\"font-family: coves-light;\">Tram (ligne B) : arr\u00eat Mozart ou Grand Villiers<\/span><br><span style=\"font-family: coves-light;\">Parking gratuit + arche \u00e0 v\u00e9lo \u00e0 proximit\u00e9<br><\/span><\/p>\n\n\n<p class=\"has-white-color has-text-color has-small-font-size\">Live Atelier Rock enfants et Musiques satur\u00e9es<\/p>\n\n\n\n<p class=\"has-white-color has-text-color has-small-font-size\">Live Atelier Rock enfants et Musiques satur\u00e9es<\/p>\n\n\n\n<p class=\"has-text-align-center\"><br><\/p>\n","protected":false},"excerpt":{"rendered":"<p>live atelier blues pop rock CONCERT &#8211; In Human Hume SAMEDI 30 NOVEMBRE &#8211; 19H30 Cr\u00e9ation \u00e9crite par Atsushi Sakai (violiste), \u00ab\u00a0In Human Hume\u00a0\u00bb est l&rsquo;histoire de ponts entre les mondes, entre les individualit\u00e9s et les autres, entre les univers qui deviennent perm\u00e9ables et se r\u00e9pondent. La pi\u00e8ce se construit autour de la vie de [&hellip;]<\/p>\n","protected":false},"author":1,"featured_media":15204,"comment_status":"closed","ping_status":"closed","sticky":false,"template":"","format":"standard","meta":{"footnotes":""},"categories":[9],"tags":[],"class_list":{"0":"post-15148","1":"post","2":"type-post","3":"status-publish","4":"format-standard","5":"has-post-thumbnail","7":"category-nos-evenements","8":"czr-hentry"},"yoast_head":"<!-- This site is optimized with the Yoast SEO plugin v26.8 - https:\/\/yoast.com\/product\/yoast-seo-wordpress\/ -->\n<title>Concert - In Human Hume - Musique et Equilibre<\/title>\n<meta name=\"description\" content=\"Concert In Humn Hume : un concert avec les musiciens de La R\u00eaveuse et Musique et Equilibre ainsi que des r\u00e9citants du Th\u00e9\u00e2tre de l&#039; \u00c9ventail.\" \/>\n<meta name=\"robots\" content=\"index, follow, max-snippet:-1, max-image-preview:large, max-video-preview:-1\" \/>\n<link rel=\"canonical\" href=\"https:\/\/musique-equilibre.com\/me\/index.php\/2024\/10\/08\/concert-in-human-hume\/\" \/>\n<meta property=\"og:locale\" content=\"fr_FR\" \/>\n<meta property=\"og:type\" content=\"article\" \/>\n<meta property=\"og:title\" content=\"Concert - In Human Hume - Musique et Equilibre\" \/>\n<meta property=\"og:description\" content=\"Concert In Humn Hume : un concert avec les musiciens de La R\u00eaveuse et Musique et Equilibre ainsi que des r\u00e9citants du Th\u00e9\u00e2tre de l&#039; \u00c9ventail.\" \/>\n<meta property=\"og:url\" content=\"https:\/\/musique-equilibre.com\/me\/index.php\/2024\/10\/08\/concert-in-human-hume\/\" \/>\n<meta property=\"og:site_name\" content=\"Musique et Equilibre\" \/>\n<meta property=\"article:publisher\" content=\"https:\/\/www.facebook.com\/MusiqueetEquilibre45\" \/>\n<meta property=\"article:published_time\" content=\"2024-10-08T08:30:40+00:00\" \/>\n<meta property=\"article:modified_time\" content=\"2024-10-18T08:43:32+00:00\" \/>\n<meta property=\"og:image\" content=\"https:\/\/musique-equilibre.com\/me\/wp-content\/uploads\/2024\/10\/cadre-insta-affiche-concert-in-human-hume-test-2-scaled.jpg\" \/>\n\t<meta property=\"og:image:width\" content=\"2560\" \/>\n\t<meta property=\"og:image:height\" content=\"2560\" \/>\n\t<meta property=\"og:image:type\" content=\"image\/jpeg\" \/>\n<meta name=\"author\" content=\"admin\" \/>\n<meta name=\"twitter:card\" content=\"summary_large_image\" \/>\n<meta name=\"twitter:creator\" content=\"@Musiquequilibre\" \/>\n<meta name=\"twitter:site\" content=\"@Musiquequilibre\" \/>\n<meta name=\"twitter:label1\" content=\"\u00c9crit par\" \/>\n\t<meta name=\"twitter:data1\" content=\"admin\" \/>\n\t<meta name=\"twitter:label2\" content=\"Dur\u00e9e de lecture estim\u00e9e\" \/>\n\t<meta name=\"twitter:data2\" content=\"2 minutes\" \/>\n<script type=\"application\/ld+json\" class=\"yoast-schema-graph\">{\"@context\":\"https:\/\/schema.org\",\"@graph\":[{\"@type\":\"Article\",\"@id\":\"https:\/\/musique-equilibre.com\/me\/index.php\/2024\/10\/08\/concert-in-human-hume\/#article\",\"isPartOf\":{\"@id\":\"https:\/\/musique-equilibre.com\/me\/index.php\/2024\/10\/08\/concert-in-human-hume\/\"},\"author\":{\"name\":\"admin\",\"@id\":\"https:\/\/musique-equilibre.com\/me\/#\/schema\/person\/d43605ef0d5681c1b27a4ba1fede1cf4\"},\"headline\":\"Concert &#8211; In Human Hume\",\"datePublished\":\"2024-10-08T08:30:40+00:00\",\"dateModified\":\"2024-10-18T08:43:32+00:00\",\"mainEntityOfPage\":{\"@id\":\"https:\/\/musique-equilibre.com\/me\/index.php\/2024\/10\/08\/concert-in-human-hume\/\"},\"wordCount\":220,\"publisher\":{\"@id\":\"https:\/\/musique-equilibre.com\/me\/#organization\"},\"image\":{\"@id\":\"https:\/\/musique-equilibre.com\/me\/index.php\/2024\/10\/08\/concert-in-human-hume\/#primaryimage\"},\"thumbnailUrl\":\"https:\/\/musique-equilibre.com\/me\/wp-content\/uploads\/2024\/10\/cadre-insta-affiche-concert-in-human-hume-test-2-scaled.jpg\",\"articleSection\":[\"Nos \u00e9v\u00e8nements\"],\"inLanguage\":\"fr-FR\"},{\"@type\":\"WebPage\",\"@id\":\"https:\/\/musique-equilibre.com\/me\/index.php\/2024\/10\/08\/concert-in-human-hume\/\",\"url\":\"https:\/\/musique-equilibre.com\/me\/index.php\/2024\/10\/08\/concert-in-human-hume\/\",\"name\":\"Concert - In Human Hume - Musique et Equilibre\",\"isPartOf\":{\"@id\":\"https:\/\/musique-equilibre.com\/me\/#website\"},\"primaryImageOfPage\":{\"@id\":\"https:\/\/musique-equilibre.com\/me\/index.php\/2024\/10\/08\/concert-in-human-hume\/#primaryimage\"},\"image\":{\"@id\":\"https:\/\/musique-equilibre.com\/me\/index.php\/2024\/10\/08\/concert-in-human-hume\/#primaryimage\"},\"thumbnailUrl\":\"https:\/\/musique-equilibre.com\/me\/wp-content\/uploads\/2024\/10\/cadre-insta-affiche-concert-in-human-hume-test-2-scaled.jpg\",\"datePublished\":\"2024-10-08T08:30:40+00:00\",\"dateModified\":\"2024-10-18T08:43:32+00:00\",\"description\":\"Concert In Humn Hume : un concert avec les musiciens de La R\u00eaveuse et Musique et Equilibre ainsi que des r\u00e9citants du Th\u00e9\u00e2tre de l' \u00c9ventail.\",\"breadcrumb\":{\"@id\":\"https:\/\/musique-equilibre.com\/me\/index.php\/2024\/10\/08\/concert-in-human-hume\/#breadcrumb\"},\"inLanguage\":\"fr-FR\",\"potentialAction\":[{\"@type\":\"ReadAction\",\"target\":[\"https:\/\/musique-equilibre.com\/me\/index.php\/2024\/10\/08\/concert-in-human-hume\/\"]}]},{\"@type\":\"ImageObject\",\"inLanguage\":\"fr-FR\",\"@id\":\"https:\/\/musique-equilibre.com\/me\/index.php\/2024\/10\/08\/concert-in-human-hume\/#primaryimage\",\"url\":\"https:\/\/musique-equilibre.com\/me\/wp-content\/uploads\/2024\/10\/cadre-insta-affiche-concert-in-human-hume-test-2-scaled.jpg\",\"contentUrl\":\"https:\/\/musique-equilibre.com\/me\/wp-content\/uploads\/2024\/10\/cadre-insta-affiche-concert-in-human-hume-test-2-scaled.jpg\",\"width\":2560,\"height\":2560,\"caption\":\"concert in human hume atsushi saka\u00ef ensemble la reveuse th\u00e9atre de l'\u00e9ventail musique ancienne argonaute th\u00e9\u00e2tre n\u00f4 ensmeble la r\u00e9veuse\"},{\"@type\":\"BreadcrumbList\",\"@id\":\"https:\/\/musique-equilibre.com\/me\/index.php\/2024\/10\/08\/concert-in-human-hume\/#breadcrumb\",\"itemListElement\":[{\"@type\":\"ListItem\",\"position\":1,\"name\":\"Accueil\",\"item\":\"https:\/\/musique-equilibre.com\/me\/\"},{\"@type\":\"ListItem\",\"position\":2,\"name\":\"Concert &#8211; In Human Hume\"}]},{\"@type\":\"WebSite\",\"@id\":\"https:\/\/musique-equilibre.com\/me\/#website\",\"url\":\"https:\/\/musique-equilibre.com\/me\/\",\"name\":\"Musique et Equilibre\",\"description\":\"\",\"publisher\":{\"@id\":\"https:\/\/musique-equilibre.com\/me\/#organization\"},\"potentialAction\":[{\"@type\":\"SearchAction\",\"target\":{\"@type\":\"EntryPoint\",\"urlTemplate\":\"https:\/\/musique-equilibre.com\/me\/?s={search_term_string}\"},\"query-input\":{\"@type\":\"PropertyValueSpecification\",\"valueRequired\":true,\"valueName\":\"search_term_string\"}}],\"inLanguage\":\"fr-FR\"},{\"@type\":\"Organization\",\"@id\":\"https:\/\/musique-equilibre.com\/me\/#organization\",\"name\":\"Musique et Equilibre\",\"alternateName\":\"\u00c9cole de musique et salle de concert \u00e0 Orl\u00e9ans\",\"url\":\"https:\/\/musique-equilibre.com\/me\/\",\"logo\":{\"@type\":\"ImageObject\",\"inLanguage\":\"fr-FR\",\"@id\":\"https:\/\/musique-equilibre.com\/me\/#\/schema\/logo\/image\/\",\"url\":\"https:\/\/musique-equilibre.com\/me\/wp-content\/uploads\/2022\/11\/cropped-Logo_orange_texture-1.png\",\"contentUrl\":\"https:\/\/musique-equilibre.com\/me\/wp-content\/uploads\/2022\/11\/cropped-Logo_orange_texture-1.png\",\"width\":512,\"height\":512,\"caption\":\"Musique et Equilibre\"},\"image\":{\"@id\":\"https:\/\/musique-equilibre.com\/me\/#\/schema\/logo\/image\/\"},\"sameAs\":[\"https:\/\/www.facebook.com\/MusiqueetEquilibre45\",\"https:\/\/x.com\/Musiquequilibre\",\"https:\/\/www.instagram.com\/musique_et_equilibre_\/\",\"https:\/\/www.linkedin.com\/company\/musique-&amp;-equilibre\/\",\"https:\/\/www.youtube.com\/c\/MusiqueEquilibreOrleans\/\"]},{\"@type\":\"Person\",\"@id\":\"https:\/\/musique-equilibre.com\/me\/#\/schema\/person\/d43605ef0d5681c1b27a4ba1fede1cf4\",\"name\":\"admin\",\"image\":{\"@type\":\"ImageObject\",\"inLanguage\":\"fr-FR\",\"@id\":\"https:\/\/musique-equilibre.com\/me\/#\/schema\/person\/image\/\",\"url\":\"https:\/\/secure.gravatar.com\/avatar\/4cf7b4111456799aef2a50176cfabd70e4afde55908c0caa0617fa42d2f71d9f?s=96&d=mm&r=g\",\"contentUrl\":\"https:\/\/secure.gravatar.com\/avatar\/4cf7b4111456799aef2a50176cfabd70e4afde55908c0caa0617fa42d2f71d9f?s=96&d=mm&r=g\",\"caption\":\"admin\"},\"url\":\"https:\/\/musique-equilibre.com\/me\/index.php\/author\/admin\/\"}]}<\/script>\n<!-- \/ Yoast SEO plugin. -->","yoast_head_json":{"title":"Concert - In Human Hume - Musique et Equilibre","description":"Concert In Humn Hume : un concert avec les musiciens de La R\u00eaveuse et Musique et Equilibre ainsi que des r\u00e9citants du Th\u00e9\u00e2tre de l' \u00c9ventail.","robots":{"index":"index","follow":"follow","max-snippet":"max-snippet:-1","max-image-preview":"max-image-preview:large","max-video-preview":"max-video-preview:-1"},"canonical":"https:\/\/musique-equilibre.com\/me\/index.php\/2024\/10\/08\/concert-in-human-hume\/","og_locale":"fr_FR","og_type":"article","og_title":"Concert - In Human Hume - Musique et Equilibre","og_description":"Concert In Humn Hume : un concert avec les musiciens de La R\u00eaveuse et Musique et Equilibre ainsi que des r\u00e9citants du Th\u00e9\u00e2tre de l' \u00c9ventail.","og_url":"https:\/\/musique-equilibre.com\/me\/index.php\/2024\/10\/08\/concert-in-human-hume\/","og_site_name":"Musique et Equilibre","article_publisher":"https:\/\/www.facebook.com\/MusiqueetEquilibre45","article_published_time":"2024-10-08T08:30:40+00:00","article_modified_time":"2024-10-18T08:43:32+00:00","og_image":[{"width":2560,"height":2560,"url":"https:\/\/musique-equilibre.com\/me\/wp-content\/uploads\/2024\/10\/cadre-insta-affiche-concert-in-human-hume-test-2-scaled.jpg","type":"image\/jpeg"}],"author":"admin","twitter_card":"summary_large_image","twitter_creator":"@Musiquequilibre","twitter_site":"@Musiquequilibre","twitter_misc":{"\u00c9crit par":"admin","Dur\u00e9e de lecture estim\u00e9e":"2 minutes"},"schema":{"@context":"https:\/\/schema.org","@graph":[{"@type":"Article","@id":"https:\/\/musique-equilibre.com\/me\/index.php\/2024\/10\/08\/concert-in-human-hume\/#article","isPartOf":{"@id":"https:\/\/musique-equilibre.com\/me\/index.php\/2024\/10\/08\/concert-in-human-hume\/"},"author":{"name":"admin","@id":"https:\/\/musique-equilibre.com\/me\/#\/schema\/person\/d43605ef0d5681c1b27a4ba1fede1cf4"},"headline":"Concert &#8211; In Human Hume","datePublished":"2024-10-08T08:30:40+00:00","dateModified":"2024-10-18T08:43:32+00:00","mainEntityOfPage":{"@id":"https:\/\/musique-equilibre.com\/me\/index.php\/2024\/10\/08\/concert-in-human-hume\/"},"wordCount":220,"publisher":{"@id":"https:\/\/musique-equilibre.com\/me\/#organization"},"image":{"@id":"https:\/\/musique-equilibre.com\/me\/index.php\/2024\/10\/08\/concert-in-human-hume\/#primaryimage"},"thumbnailUrl":"https:\/\/musique-equilibre.com\/me\/wp-content\/uploads\/2024\/10\/cadre-insta-affiche-concert-in-human-hume-test-2-scaled.jpg","articleSection":["Nos \u00e9v\u00e8nements"],"inLanguage":"fr-FR"},{"@type":"WebPage","@id":"https:\/\/musique-equilibre.com\/me\/index.php\/2024\/10\/08\/concert-in-human-hume\/","url":"https:\/\/musique-equilibre.com\/me\/index.php\/2024\/10\/08\/concert-in-human-hume\/","name":"Concert - In Human Hume - Musique et Equilibre","isPartOf":{"@id":"https:\/\/musique-equilibre.com\/me\/#website"},"primaryImageOfPage":{"@id":"https:\/\/musique-equilibre.com\/me\/index.php\/2024\/10\/08\/concert-in-human-hume\/#primaryimage"},"image":{"@id":"https:\/\/musique-equilibre.com\/me\/index.php\/2024\/10\/08\/concert-in-human-hume\/#primaryimage"},"thumbnailUrl":"https:\/\/musique-equilibre.com\/me\/wp-content\/uploads\/2024\/10\/cadre-insta-affiche-concert-in-human-hume-test-2-scaled.jpg","datePublished":"2024-10-08T08:30:40+00:00","dateModified":"2024-10-18T08:43:32+00:00","description":"Concert In Humn Hume : un concert avec les musiciens de La R\u00eaveuse et Musique et Equilibre ainsi que des r\u00e9citants du Th\u00e9\u00e2tre de l' \u00c9ventail.","breadcrumb":{"@id":"https:\/\/musique-equilibre.com\/me\/index.php\/2024\/10\/08\/concert-in-human-hume\/#breadcrumb"},"inLanguage":"fr-FR","potentialAction":[{"@type":"ReadAction","target":["https:\/\/musique-equilibre.com\/me\/index.php\/2024\/10\/08\/concert-in-human-hume\/"]}]},{"@type":"ImageObject","inLanguage":"fr-FR","@id":"https:\/\/musique-equilibre.com\/me\/index.php\/2024\/10\/08\/concert-in-human-hume\/#primaryimage","url":"https:\/\/musique-equilibre.com\/me\/wp-content\/uploads\/2024\/10\/cadre-insta-affiche-concert-in-human-hume-test-2-scaled.jpg","contentUrl":"https:\/\/musique-equilibre.com\/me\/wp-content\/uploads\/2024\/10\/cadre-insta-affiche-concert-in-human-hume-test-2-scaled.jpg","width":2560,"height":2560,"caption":"concert in human hume atsushi saka\u00ef ensemble la reveuse th\u00e9atre de l'\u00e9ventail musique ancienne argonaute th\u00e9\u00e2tre n\u00f4 ensmeble la r\u00e9veuse"},{"@type":"BreadcrumbList","@id":"https:\/\/musique-equilibre.com\/me\/index.php\/2024\/10\/08\/concert-in-human-hume\/#breadcrumb","itemListElement":[{"@type":"ListItem","position":1,"name":"Accueil","item":"https:\/\/musique-equilibre.com\/me\/"},{"@type":"ListItem","position":2,"name":"Concert &#8211; In Human Hume"}]},{"@type":"WebSite","@id":"https:\/\/musique-equilibre.com\/me\/#website","url":"https:\/\/musique-equilibre.com\/me\/","name":"Musique et Equilibre","description":"","publisher":{"@id":"https:\/\/musique-equilibre.com\/me\/#organization"},"potentialAction":[{"@type":"SearchAction","target":{"@type":"EntryPoint","urlTemplate":"https:\/\/musique-equilibre.com\/me\/?s={search_term_string}"},"query-input":{"@type":"PropertyValueSpecification","valueRequired":true,"valueName":"search_term_string"}}],"inLanguage":"fr-FR"},{"@type":"Organization","@id":"https:\/\/musique-equilibre.com\/me\/#organization","name":"Musique et Equilibre","alternateName":"\u00c9cole de musique et salle de concert \u00e0 Orl\u00e9ans","url":"https:\/\/musique-equilibre.com\/me\/","logo":{"@type":"ImageObject","inLanguage":"fr-FR","@id":"https:\/\/musique-equilibre.com\/me\/#\/schema\/logo\/image\/","url":"https:\/\/musique-equilibre.com\/me\/wp-content\/uploads\/2022\/11\/cropped-Logo_orange_texture-1.png","contentUrl":"https:\/\/musique-equilibre.com\/me\/wp-content\/uploads\/2022\/11\/cropped-Logo_orange_texture-1.png","width":512,"height":512,"caption":"Musique et Equilibre"},"image":{"@id":"https:\/\/musique-equilibre.com\/me\/#\/schema\/logo\/image\/"},"sameAs":["https:\/\/www.facebook.com\/MusiqueetEquilibre45","https:\/\/x.com\/Musiquequilibre","https:\/\/www.instagram.com\/musique_et_equilibre_\/","https:\/\/www.linkedin.com\/company\/musique-&amp;-equilibre\/","https:\/\/www.youtube.com\/c\/MusiqueEquilibreOrleans\/"]},{"@type":"Person","@id":"https:\/\/musique-equilibre.com\/me\/#\/schema\/person\/d43605ef0d5681c1b27a4ba1fede1cf4","name":"admin","image":{"@type":"ImageObject","inLanguage":"fr-FR","@id":"https:\/\/musique-equilibre.com\/me\/#\/schema\/person\/image\/","url":"https:\/\/secure.gravatar.com\/avatar\/4cf7b4111456799aef2a50176cfabd70e4afde55908c0caa0617fa42d2f71d9f?s=96&d=mm&r=g","contentUrl":"https:\/\/secure.gravatar.com\/avatar\/4cf7b4111456799aef2a50176cfabd70e4afde55908c0caa0617fa42d2f71d9f?s=96&d=mm&r=g","caption":"admin"},"url":"https:\/\/musique-equilibre.com\/me\/index.php\/author\/admin\/"}]}},"_links":{"self":[{"href":"https:\/\/musique-equilibre.com\/me\/index.php\/wp-json\/wp\/v2\/posts\/15148","targetHints":{"allow":["GET"]}}],"collection":[{"href":"https:\/\/musique-equilibre.com\/me\/index.php\/wp-json\/wp\/v2\/posts"}],"about":[{"href":"https:\/\/musique-equilibre.com\/me\/index.php\/wp-json\/wp\/v2\/types\/post"}],"author":[{"embeddable":true,"href":"https:\/\/musique-equilibre.com\/me\/index.php\/wp-json\/wp\/v2\/users\/1"}],"replies":[{"embeddable":true,"href":"https:\/\/musique-equilibre.com\/me\/index.php\/wp-json\/wp\/v2\/comments?post=15148"}],"version-history":[{"count":6,"href":"https:\/\/musique-equilibre.com\/me\/index.php\/wp-json\/wp\/v2\/posts\/15148\/revisions"}],"predecessor-version":[{"id":15215,"href":"https:\/\/musique-equilibre.com\/me\/index.php\/wp-json\/wp\/v2\/posts\/15148\/revisions\/15215"}],"wp:featuredmedia":[{"embeddable":true,"href":"https:\/\/musique-equilibre.com\/me\/index.php\/wp-json\/wp\/v2\/media\/15204"}],"wp:attachment":[{"href":"https:\/\/musique-equilibre.com\/me\/index.php\/wp-json\/wp\/v2\/media?parent=15148"}],"wp:term":[{"taxonomy":"category","embeddable":true,"href":"https:\/\/musique-equilibre.com\/me\/index.php\/wp-json\/wp\/v2\/categories?post=15148"},{"taxonomy":"post_tag","embeddable":true,"href":"https:\/\/musique-equilibre.com\/me\/index.php\/wp-json\/wp\/v2\/tags?post=15148"}],"curies":[{"name":"wp","href":"https:\/\/api.w.org\/{rel}","templated":true}]}}