{"id":15143,"date":"2024-10-08T10:27:57","date_gmt":"2024-10-08T08:27:57","guid":{"rendered":"https:\/\/musique-equilibre.com\/me\/?p=15143"},"modified":"2024-10-21T12:02:26","modified_gmt":"2024-10-21T10:02:26","slug":"conference-raphael-trano","status":"publish","type":"post","link":"https:\/\/musique-equilibre.com\/me\/index.php\/2024\/10\/08\/conference-raphael-trano\/","title":{"rendered":"Conf\u00e9rence &#8211; Rapha\u00ebl Trano"},"content":{"rendered":"\n<p class=\"has-white-color has-text-color has-small-font-size\">live atelier blues pop rock<\/p>\n\n\n\n<div class=\"wp-block-media-text alignwide is-stacked-on-mobile\" style=\"grid-template-columns:31% auto\"><figure class=\"wp-block-media-text__media\"><img fetchpriority=\"high\" decoding=\"async\" width=\"1024\" height=\"1024\" src=\"https:\/\/musique-equilibre.com\/me\/wp-content\/uploads\/2024\/10\/cadre-insta-affiche-conference-2-test-2-1024x1024.jpg\" alt=\"conf\u00e9rence raphael trano argonaute th\u00e9\u00e2tre de l'\u00e9ventail n\u00f4\" class=\"wp-image-15201 size-full\" srcset=\"https:\/\/musique-equilibre.com\/me\/wp-content\/uploads\/2024\/10\/cadre-insta-affiche-conference-2-test-2-1024x1024.jpg 1024w, https:\/\/musique-equilibre.com\/me\/wp-content\/uploads\/2024\/10\/cadre-insta-affiche-conference-2-test-2-300x300.jpg 300w, https:\/\/musique-equilibre.com\/me\/wp-content\/uploads\/2024\/10\/cadre-insta-affiche-conference-2-test-2-150x150.jpg 150w, https:\/\/musique-equilibre.com\/me\/wp-content\/uploads\/2024\/10\/cadre-insta-affiche-conference-2-test-2-768x768.jpg 768w, https:\/\/musique-equilibre.com\/me\/wp-content\/uploads\/2024\/10\/cadre-insta-affiche-conference-2-test-2-1536x1536.jpg 1536w, https:\/\/musique-equilibre.com\/me\/wp-content\/uploads\/2024\/10\/cadre-insta-affiche-conference-2-test-2-2048x2048.jpg 2048w, https:\/\/musique-equilibre.com\/me\/wp-content\/uploads\/2024\/10\/cadre-insta-affiche-conference-2-test-2-510x510.jpg 510w\" sizes=\"(max-width: 1024px) 100vw, 1024px\" \/><\/figure><div class=\"wp-block-media-text__content\">\n<h2><span style=\"font-family: coves-light;\">CONF\u00c9RENCE &#8211; Rapha\u00ebl Trano<br><\/span><\/h2>\n<h2><em><span style=\"font-family: coves-light;\">Autour du n\u00f4<\/span><\/em><\/h2>\n\n\n\n<h3 style=\"text-align: left;\"><span style=\"font-family: coves-light; color: #d41919;\"><strong>SAMEDI 16 NOVEMBRE &#8211; 16H30<\/strong><\/span><\/h3>\n\n\n\n<p><span style=\"font-family: coves-light;\">Le n\u00f4 est une forme dramatique psalmodi\u00e9e, chant\u00e9e, dans\u00e9e et accompagn\u00e9e d\u2019un petit orchestre de 3 ou 4 instruments. Cr\u00e9\u00e9 au XIV\u00e8me si\u00e8cle pour apaiser le c\u0153ur des humains et leur transmettre le prolongement de la vie, il a pour fonction de chasser les tourments caus\u00e9s par les passions humaines en montrant la douleur et la souffrance dont sont atteints les personnages qu\u2019il convoque. Cr\u00e9\u00e9 et interpr\u00e9t\u00e9 par des hommes, le th\u00e9\u00e2tre n\u00f4 pr\u00e9sente cependant dans une grande partie des \u0153uvres, des personnages f\u00e9minins. Conserv\u00e9 intact jusqu\u2019\u00e0 nos jours, le r\u00e9pertoire du n\u00f4 se constitue \u00e0 l\u2019\u00e9poque m\u00e9di\u00e9vale japonaise. Les discours sur la f\u00e9minit\u00e9 v\u00e9hicul\u00e9s dans le r\u00e9pertoire traditionnel se font donc le reflet des d\u00e9bats th\u00e9ologiques de l\u2019\u00e9poque, partag\u00e9s entre rejet asc\u00e9tique et fascination esth\u00e9tique.<\/span><\/p>\n<p><span style=\"font-family: coves-light;\">Depuis plusieurs mois et \u00e0 travers un processus de work in progress, Rapha\u00ebl Trano m\u00e8ne un travail de recherche\/laboratoire avec un groupe d\u2019artistes instrumentistes, vocalistes et danseuses issus des pratiques improvis\u00e9es. Ils interrogent les imaginaires contemporains li\u00e9s aux f\u00e9minit\u00e9s, et questionnent le processus d\u2019\u00e9criture collective (musique\/th\u00e9\u00e2tre\/danse) pour cr\u00e9er un th\u00e9\u00e2tre n\u00f4 r\u00e9solument actuel.<\/span><\/p>\n<p><span style=\"font-family: coves-light;\">Gratuit. R\u00e9servation conseill\u00e9e <a href=\"https:\/\/www.helloasso.com\/associations\/musique-et-equilibre-orleans\/evenements\/conferences-concerts\" target=\"_blank\" rel=\"noopener\">ici<\/a><\/span><\/p>\n<p><em><span style=\"font-family: coves-light;\">Projet en partenariat avec le <a href=\"https:\/\/theatredeleventail.com\/\" target=\"_blank\" rel=\"noopener\">Th\u00e9\u00e2tre de l&rsquo;\u00c9ventail<\/a><\/span><\/em><br \/><em><span style=\"font-family: coves-light;\">avec le soutien du Centre National de la Musique<\/span><\/em><\/p>\n<\/div><\/div>\n\n\n<p style=\"text-align: center;\"><span style=\"font-family: coves-light;\"><a href=\"https:\/\/musique-equilibre.com\/me\/index.php\/largonaute-salle-de-concerts\/\" target=\"_blank\" rel=\"noopener\">Argonaute<\/a> &#8211; 73 boulevard Marie Stuart, Orl\u00e9ans<\/span><br><span style=\"font-family: coves-light;\">Tram (ligne B) : arr\u00eat Mozart ou Grand Villiers<\/span><br><span style=\"font-family: coves-light;\">Parking gratuit + arche \u00e0 v\u00e9lo \u00e0 proximit\u00e9<br><\/span><\/p>\n\n\n<p class=\"has-white-color has-text-color has-small-font-size\">Live Atelier Rock enfants et Musiques satur\u00e9es<\/p>\n\n\n\n<p class=\"has-white-color has-text-color has-small-font-size\">Live Atelier Rock enfants et Musiques satur\u00e9es<\/p>\n\n\n\n<p class=\"has-text-align-center\"><br><\/p>\n","protected":false},"excerpt":{"rendered":"<p>live atelier blues pop rock CONF\u00c9RENCE &#8211; Rapha\u00ebl Trano Autour du n\u00f4 SAMEDI 16 NOVEMBRE &#8211; 16H30 Le n\u00f4 est une forme dramatique psalmodi\u00e9e, chant\u00e9e, dans\u00e9e et accompagn\u00e9e d\u2019un petit orchestre de 3 ou 4 instruments. Cr\u00e9\u00e9 au XIV\u00e8me si\u00e8cle pour apaiser le c\u0153ur des humains et leur transmettre le prolongement de la vie, il [&hellip;]<\/p>\n","protected":false},"author":1,"featured_media":15201,"comment_status":"closed","ping_status":"closed","sticky":false,"template":"","format":"standard","meta":{"footnotes":""},"categories":[9],"tags":[],"class_list":{"0":"post-15143","1":"post","2":"type-post","3":"status-publish","4":"format-standard","5":"has-post-thumbnail","7":"category-nos-evenements","8":"czr-hentry"},"yoast_head":"<!-- This site is optimized with the Yoast SEO plugin v26.8 - https:\/\/yoast.com\/product\/yoast-seo-wordpress\/ -->\n<title>Conf\u00e9rence - Rapha\u00ebl Trano - Musique et Equilibre<\/title>\n<meta name=\"description\" content=\"Musique et \u00c9quilibre et le th\u00e9\u00e2tre de l&#039;\u00c9ventail vous propose une conf\u00e9rence avec Rapha\u00ebl Trano (metteur en sc\u00e8ne).\" \/>\n<meta name=\"robots\" content=\"index, follow, max-snippet:-1, max-image-preview:large, max-video-preview:-1\" \/>\n<link rel=\"canonical\" href=\"https:\/\/musique-equilibre.com\/me\/index.php\/2024\/10\/08\/conference-raphael-trano\/\" \/>\n<meta property=\"og:locale\" content=\"fr_FR\" \/>\n<meta property=\"og:type\" content=\"article\" \/>\n<meta property=\"og:title\" content=\"Conf\u00e9rence - Rapha\u00ebl Trano - Musique et Equilibre\" \/>\n<meta property=\"og:description\" content=\"Musique et \u00c9quilibre et le th\u00e9\u00e2tre de l&#039;\u00c9ventail vous propose une conf\u00e9rence avec Rapha\u00ebl Trano (metteur en sc\u00e8ne).\" \/>\n<meta property=\"og:url\" content=\"https:\/\/musique-equilibre.com\/me\/index.php\/2024\/10\/08\/conference-raphael-trano\/\" \/>\n<meta property=\"og:site_name\" content=\"Musique et Equilibre\" \/>\n<meta property=\"article:publisher\" content=\"https:\/\/www.facebook.com\/MusiqueetEquilibre45\" \/>\n<meta property=\"article:published_time\" content=\"2024-10-08T08:27:57+00:00\" \/>\n<meta property=\"article:modified_time\" content=\"2024-10-21T10:02:26+00:00\" \/>\n<meta property=\"og:image\" content=\"https:\/\/musique-equilibre.com\/me\/wp-content\/uploads\/2024\/10\/cadre-insta-affiche-conference-2-test-2-scaled.jpg\" \/>\n\t<meta property=\"og:image:width\" content=\"2560\" \/>\n\t<meta property=\"og:image:height\" content=\"2560\" \/>\n\t<meta property=\"og:image:type\" content=\"image\/jpeg\" \/>\n<meta name=\"author\" content=\"admin\" \/>\n<meta name=\"twitter:card\" content=\"summary_large_image\" \/>\n<meta name=\"twitter:creator\" content=\"@Musiquequilibre\" \/>\n<meta name=\"twitter:site\" content=\"@Musiquequilibre\" \/>\n<meta name=\"twitter:label1\" content=\"\u00c9crit par\" \/>\n\t<meta name=\"twitter:data1\" content=\"admin\" \/>\n\t<meta name=\"twitter:label2\" content=\"Dur\u00e9e de lecture estim\u00e9e\" \/>\n\t<meta name=\"twitter:data2\" content=\"2 minutes\" \/>\n<script type=\"application\/ld+json\" class=\"yoast-schema-graph\">{\"@context\":\"https:\/\/schema.org\",\"@graph\":[{\"@type\":\"Article\",\"@id\":\"https:\/\/musique-equilibre.com\/me\/index.php\/2024\/10\/08\/conference-raphael-trano\/#article\",\"isPartOf\":{\"@id\":\"https:\/\/musique-equilibre.com\/me\/index.php\/2024\/10\/08\/conference-raphael-trano\/\"},\"author\":{\"name\":\"admin\",\"@id\":\"https:\/\/musique-equilibre.com\/me\/#\/schema\/person\/d43605ef0d5681c1b27a4ba1fede1cf4\"},\"headline\":\"Conf\u00e9rence &#8211; Rapha\u00ebl Trano\",\"datePublished\":\"2024-10-08T08:27:57+00:00\",\"dateModified\":\"2024-10-21T10:02:26+00:00\",\"mainEntityOfPage\":{\"@id\":\"https:\/\/musique-equilibre.com\/me\/index.php\/2024\/10\/08\/conference-raphael-trano\/\"},\"wordCount\":305,\"publisher\":{\"@id\":\"https:\/\/musique-equilibre.com\/me\/#organization\"},\"image\":{\"@id\":\"https:\/\/musique-equilibre.com\/me\/index.php\/2024\/10\/08\/conference-raphael-trano\/#primaryimage\"},\"thumbnailUrl\":\"https:\/\/musique-equilibre.com\/me\/wp-content\/uploads\/2024\/10\/cadre-insta-affiche-conference-2-test-2-scaled.jpg\",\"articleSection\":[\"Nos \u00e9v\u00e8nements\"],\"inLanguage\":\"fr-FR\"},{\"@type\":\"WebPage\",\"@id\":\"https:\/\/musique-equilibre.com\/me\/index.php\/2024\/10\/08\/conference-raphael-trano\/\",\"url\":\"https:\/\/musique-equilibre.com\/me\/index.php\/2024\/10\/08\/conference-raphael-trano\/\",\"name\":\"Conf\u00e9rence - Rapha\u00ebl Trano - Musique et Equilibre\",\"isPartOf\":{\"@id\":\"https:\/\/musique-equilibre.com\/me\/#website\"},\"primaryImageOfPage\":{\"@id\":\"https:\/\/musique-equilibre.com\/me\/index.php\/2024\/10\/08\/conference-raphael-trano\/#primaryimage\"},\"image\":{\"@id\":\"https:\/\/musique-equilibre.com\/me\/index.php\/2024\/10\/08\/conference-raphael-trano\/#primaryimage\"},\"thumbnailUrl\":\"https:\/\/musique-equilibre.com\/me\/wp-content\/uploads\/2024\/10\/cadre-insta-affiche-conference-2-test-2-scaled.jpg\",\"datePublished\":\"2024-10-08T08:27:57+00:00\",\"dateModified\":\"2024-10-21T10:02:26+00:00\",\"description\":\"Musique et \u00c9quilibre et le th\u00e9\u00e2tre de l'\u00c9ventail vous propose une conf\u00e9rence avec Rapha\u00ebl Trano (metteur en sc\u00e8ne).\",\"breadcrumb\":{\"@id\":\"https:\/\/musique-equilibre.com\/me\/index.php\/2024\/10\/08\/conference-raphael-trano\/#breadcrumb\"},\"inLanguage\":\"fr-FR\",\"potentialAction\":[{\"@type\":\"ReadAction\",\"target\":[\"https:\/\/musique-equilibre.com\/me\/index.php\/2024\/10\/08\/conference-raphael-trano\/\"]}]},{\"@type\":\"ImageObject\",\"inLanguage\":\"fr-FR\",\"@id\":\"https:\/\/musique-equilibre.com\/me\/index.php\/2024\/10\/08\/conference-raphael-trano\/#primaryimage\",\"url\":\"https:\/\/musique-equilibre.com\/me\/wp-content\/uploads\/2024\/10\/cadre-insta-affiche-conference-2-test-2-scaled.jpg\",\"contentUrl\":\"https:\/\/musique-equilibre.com\/me\/wp-content\/uploads\/2024\/10\/cadre-insta-affiche-conference-2-test-2-scaled.jpg\",\"width\":2560,\"height\":2560,\"caption\":\"conf\u00e9rence raphael trano argonaute th\u00e9\u00e2tre de l'\u00e9ventail n\u00f4\"},{\"@type\":\"BreadcrumbList\",\"@id\":\"https:\/\/musique-equilibre.com\/me\/index.php\/2024\/10\/08\/conference-raphael-trano\/#breadcrumb\",\"itemListElement\":[{\"@type\":\"ListItem\",\"position\":1,\"name\":\"Accueil\",\"item\":\"https:\/\/musique-equilibre.com\/me\/\"},{\"@type\":\"ListItem\",\"position\":2,\"name\":\"Conf\u00e9rence &#8211; Rapha\u00ebl Trano\"}]},{\"@type\":\"WebSite\",\"@id\":\"https:\/\/musique-equilibre.com\/me\/#website\",\"url\":\"https:\/\/musique-equilibre.com\/me\/\",\"name\":\"Musique et Equilibre\",\"description\":\"\",\"publisher\":{\"@id\":\"https:\/\/musique-equilibre.com\/me\/#organization\"},\"potentialAction\":[{\"@type\":\"SearchAction\",\"target\":{\"@type\":\"EntryPoint\",\"urlTemplate\":\"https:\/\/musique-equilibre.com\/me\/?s={search_term_string}\"},\"query-input\":{\"@type\":\"PropertyValueSpecification\",\"valueRequired\":true,\"valueName\":\"search_term_string\"}}],\"inLanguage\":\"fr-FR\"},{\"@type\":\"Organization\",\"@id\":\"https:\/\/musique-equilibre.com\/me\/#organization\",\"name\":\"Musique et Equilibre\",\"alternateName\":\"\u00c9cole de musique et salle de concert \u00e0 Orl\u00e9ans\",\"url\":\"https:\/\/musique-equilibre.com\/me\/\",\"logo\":{\"@type\":\"ImageObject\",\"inLanguage\":\"fr-FR\",\"@id\":\"https:\/\/musique-equilibre.com\/me\/#\/schema\/logo\/image\/\",\"url\":\"https:\/\/musique-equilibre.com\/me\/wp-content\/uploads\/2022\/11\/cropped-Logo_orange_texture-1.png\",\"contentUrl\":\"https:\/\/musique-equilibre.com\/me\/wp-content\/uploads\/2022\/11\/cropped-Logo_orange_texture-1.png\",\"width\":512,\"height\":512,\"caption\":\"Musique et Equilibre\"},\"image\":{\"@id\":\"https:\/\/musique-equilibre.com\/me\/#\/schema\/logo\/image\/\"},\"sameAs\":[\"https:\/\/www.facebook.com\/MusiqueetEquilibre45\",\"https:\/\/x.com\/Musiquequilibre\",\"https:\/\/www.instagram.com\/musique_et_equilibre_\/\",\"https:\/\/www.linkedin.com\/company\/musique-&amp;-equilibre\/\",\"https:\/\/www.youtube.com\/c\/MusiqueEquilibreOrleans\/\"]},{\"@type\":\"Person\",\"@id\":\"https:\/\/musique-equilibre.com\/me\/#\/schema\/person\/d43605ef0d5681c1b27a4ba1fede1cf4\",\"name\":\"admin\",\"image\":{\"@type\":\"ImageObject\",\"inLanguage\":\"fr-FR\",\"@id\":\"https:\/\/musique-equilibre.com\/me\/#\/schema\/person\/image\/\",\"url\":\"https:\/\/secure.gravatar.com\/avatar\/4cf7b4111456799aef2a50176cfabd70e4afde55908c0caa0617fa42d2f71d9f?s=96&d=mm&r=g\",\"contentUrl\":\"https:\/\/secure.gravatar.com\/avatar\/4cf7b4111456799aef2a50176cfabd70e4afde55908c0caa0617fa42d2f71d9f?s=96&d=mm&r=g\",\"caption\":\"admin\"},\"url\":\"https:\/\/musique-equilibre.com\/me\/index.php\/author\/admin\/\"}]}<\/script>\n<!-- \/ Yoast SEO plugin. -->","yoast_head_json":{"title":"Conf\u00e9rence - Rapha\u00ebl Trano - Musique et Equilibre","description":"Musique et \u00c9quilibre et le th\u00e9\u00e2tre de l'\u00c9ventail vous propose une conf\u00e9rence avec Rapha\u00ebl Trano (metteur en sc\u00e8ne).","robots":{"index":"index","follow":"follow","max-snippet":"max-snippet:-1","max-image-preview":"max-image-preview:large","max-video-preview":"max-video-preview:-1"},"canonical":"https:\/\/musique-equilibre.com\/me\/index.php\/2024\/10\/08\/conference-raphael-trano\/","og_locale":"fr_FR","og_type":"article","og_title":"Conf\u00e9rence - Rapha\u00ebl Trano - Musique et Equilibre","og_description":"Musique et \u00c9quilibre et le th\u00e9\u00e2tre de l'\u00c9ventail vous propose une conf\u00e9rence avec Rapha\u00ebl Trano (metteur en sc\u00e8ne).","og_url":"https:\/\/musique-equilibre.com\/me\/index.php\/2024\/10\/08\/conference-raphael-trano\/","og_site_name":"Musique et Equilibre","article_publisher":"https:\/\/www.facebook.com\/MusiqueetEquilibre45","article_published_time":"2024-10-08T08:27:57+00:00","article_modified_time":"2024-10-21T10:02:26+00:00","og_image":[{"width":2560,"height":2560,"url":"https:\/\/musique-equilibre.com\/me\/wp-content\/uploads\/2024\/10\/cadre-insta-affiche-conference-2-test-2-scaled.jpg","type":"image\/jpeg"}],"author":"admin","twitter_card":"summary_large_image","twitter_creator":"@Musiquequilibre","twitter_site":"@Musiquequilibre","twitter_misc":{"\u00c9crit par":"admin","Dur\u00e9e de lecture estim\u00e9e":"2 minutes"},"schema":{"@context":"https:\/\/schema.org","@graph":[{"@type":"Article","@id":"https:\/\/musique-equilibre.com\/me\/index.php\/2024\/10\/08\/conference-raphael-trano\/#article","isPartOf":{"@id":"https:\/\/musique-equilibre.com\/me\/index.php\/2024\/10\/08\/conference-raphael-trano\/"},"author":{"name":"admin","@id":"https:\/\/musique-equilibre.com\/me\/#\/schema\/person\/d43605ef0d5681c1b27a4ba1fede1cf4"},"headline":"Conf\u00e9rence &#8211; Rapha\u00ebl Trano","datePublished":"2024-10-08T08:27:57+00:00","dateModified":"2024-10-21T10:02:26+00:00","mainEntityOfPage":{"@id":"https:\/\/musique-equilibre.com\/me\/index.php\/2024\/10\/08\/conference-raphael-trano\/"},"wordCount":305,"publisher":{"@id":"https:\/\/musique-equilibre.com\/me\/#organization"},"image":{"@id":"https:\/\/musique-equilibre.com\/me\/index.php\/2024\/10\/08\/conference-raphael-trano\/#primaryimage"},"thumbnailUrl":"https:\/\/musique-equilibre.com\/me\/wp-content\/uploads\/2024\/10\/cadre-insta-affiche-conference-2-test-2-scaled.jpg","articleSection":["Nos \u00e9v\u00e8nements"],"inLanguage":"fr-FR"},{"@type":"WebPage","@id":"https:\/\/musique-equilibre.com\/me\/index.php\/2024\/10\/08\/conference-raphael-trano\/","url":"https:\/\/musique-equilibre.com\/me\/index.php\/2024\/10\/08\/conference-raphael-trano\/","name":"Conf\u00e9rence - Rapha\u00ebl Trano - Musique et Equilibre","isPartOf":{"@id":"https:\/\/musique-equilibre.com\/me\/#website"},"primaryImageOfPage":{"@id":"https:\/\/musique-equilibre.com\/me\/index.php\/2024\/10\/08\/conference-raphael-trano\/#primaryimage"},"image":{"@id":"https:\/\/musique-equilibre.com\/me\/index.php\/2024\/10\/08\/conference-raphael-trano\/#primaryimage"},"thumbnailUrl":"https:\/\/musique-equilibre.com\/me\/wp-content\/uploads\/2024\/10\/cadre-insta-affiche-conference-2-test-2-scaled.jpg","datePublished":"2024-10-08T08:27:57+00:00","dateModified":"2024-10-21T10:02:26+00:00","description":"Musique et \u00c9quilibre et le th\u00e9\u00e2tre de l'\u00c9ventail vous propose une conf\u00e9rence avec Rapha\u00ebl Trano (metteur en sc\u00e8ne).","breadcrumb":{"@id":"https:\/\/musique-equilibre.com\/me\/index.php\/2024\/10\/08\/conference-raphael-trano\/#breadcrumb"},"inLanguage":"fr-FR","potentialAction":[{"@type":"ReadAction","target":["https:\/\/musique-equilibre.com\/me\/index.php\/2024\/10\/08\/conference-raphael-trano\/"]}]},{"@type":"ImageObject","inLanguage":"fr-FR","@id":"https:\/\/musique-equilibre.com\/me\/index.php\/2024\/10\/08\/conference-raphael-trano\/#primaryimage","url":"https:\/\/musique-equilibre.com\/me\/wp-content\/uploads\/2024\/10\/cadre-insta-affiche-conference-2-test-2-scaled.jpg","contentUrl":"https:\/\/musique-equilibre.com\/me\/wp-content\/uploads\/2024\/10\/cadre-insta-affiche-conference-2-test-2-scaled.jpg","width":2560,"height":2560,"caption":"conf\u00e9rence raphael trano argonaute th\u00e9\u00e2tre de l'\u00e9ventail n\u00f4"},{"@type":"BreadcrumbList","@id":"https:\/\/musique-equilibre.com\/me\/index.php\/2024\/10\/08\/conference-raphael-trano\/#breadcrumb","itemListElement":[{"@type":"ListItem","position":1,"name":"Accueil","item":"https:\/\/musique-equilibre.com\/me\/"},{"@type":"ListItem","position":2,"name":"Conf\u00e9rence &#8211; Rapha\u00ebl Trano"}]},{"@type":"WebSite","@id":"https:\/\/musique-equilibre.com\/me\/#website","url":"https:\/\/musique-equilibre.com\/me\/","name":"Musique et Equilibre","description":"","publisher":{"@id":"https:\/\/musique-equilibre.com\/me\/#organization"},"potentialAction":[{"@type":"SearchAction","target":{"@type":"EntryPoint","urlTemplate":"https:\/\/musique-equilibre.com\/me\/?s={search_term_string}"},"query-input":{"@type":"PropertyValueSpecification","valueRequired":true,"valueName":"search_term_string"}}],"inLanguage":"fr-FR"},{"@type":"Organization","@id":"https:\/\/musique-equilibre.com\/me\/#organization","name":"Musique et Equilibre","alternateName":"\u00c9cole de musique et salle de concert \u00e0 Orl\u00e9ans","url":"https:\/\/musique-equilibre.com\/me\/","logo":{"@type":"ImageObject","inLanguage":"fr-FR","@id":"https:\/\/musique-equilibre.com\/me\/#\/schema\/logo\/image\/","url":"https:\/\/musique-equilibre.com\/me\/wp-content\/uploads\/2022\/11\/cropped-Logo_orange_texture-1.png","contentUrl":"https:\/\/musique-equilibre.com\/me\/wp-content\/uploads\/2022\/11\/cropped-Logo_orange_texture-1.png","width":512,"height":512,"caption":"Musique et Equilibre"},"image":{"@id":"https:\/\/musique-equilibre.com\/me\/#\/schema\/logo\/image\/"},"sameAs":["https:\/\/www.facebook.com\/MusiqueetEquilibre45","https:\/\/x.com\/Musiquequilibre","https:\/\/www.instagram.com\/musique_et_equilibre_\/","https:\/\/www.linkedin.com\/company\/musique-&amp;-equilibre\/","https:\/\/www.youtube.com\/c\/MusiqueEquilibreOrleans\/"]},{"@type":"Person","@id":"https:\/\/musique-equilibre.com\/me\/#\/schema\/person\/d43605ef0d5681c1b27a4ba1fede1cf4","name":"admin","image":{"@type":"ImageObject","inLanguage":"fr-FR","@id":"https:\/\/musique-equilibre.com\/me\/#\/schema\/person\/image\/","url":"https:\/\/secure.gravatar.com\/avatar\/4cf7b4111456799aef2a50176cfabd70e4afde55908c0caa0617fa42d2f71d9f?s=96&d=mm&r=g","contentUrl":"https:\/\/secure.gravatar.com\/avatar\/4cf7b4111456799aef2a50176cfabd70e4afde55908c0caa0617fa42d2f71d9f?s=96&d=mm&r=g","caption":"admin"},"url":"https:\/\/musique-equilibre.com\/me\/index.php\/author\/admin\/"}]}},"_links":{"self":[{"href":"https:\/\/musique-equilibre.com\/me\/index.php\/wp-json\/wp\/v2\/posts\/15143","targetHints":{"allow":["GET"]}}],"collection":[{"href":"https:\/\/musique-equilibre.com\/me\/index.php\/wp-json\/wp\/v2\/posts"}],"about":[{"href":"https:\/\/musique-equilibre.com\/me\/index.php\/wp-json\/wp\/v2\/types\/post"}],"author":[{"embeddable":true,"href":"https:\/\/musique-equilibre.com\/me\/index.php\/wp-json\/wp\/v2\/users\/1"}],"replies":[{"embeddable":true,"href":"https:\/\/musique-equilibre.com\/me\/index.php\/wp-json\/wp\/v2\/comments?post=15143"}],"version-history":[{"count":10,"href":"https:\/\/musique-equilibre.com\/me\/index.php\/wp-json\/wp\/v2\/posts\/15143\/revisions"}],"predecessor-version":[{"id":15228,"href":"https:\/\/musique-equilibre.com\/me\/index.php\/wp-json\/wp\/v2\/posts\/15143\/revisions\/15228"}],"wp:featuredmedia":[{"embeddable":true,"href":"https:\/\/musique-equilibre.com\/me\/index.php\/wp-json\/wp\/v2\/media\/15201"}],"wp:attachment":[{"href":"https:\/\/musique-equilibre.com\/me\/index.php\/wp-json\/wp\/v2\/media?parent=15143"}],"wp:term":[{"taxonomy":"category","embeddable":true,"href":"https:\/\/musique-equilibre.com\/me\/index.php\/wp-json\/wp\/v2\/categories?post=15143"},{"taxonomy":"post_tag","embeddable":true,"href":"https:\/\/musique-equilibre.com\/me\/index.php\/wp-json\/wp\/v2\/tags?post=15143"}],"curies":[{"name":"wp","href":"https:\/\/api.w.org\/{rel}","templated":true}]}}