{"id":15120,"date":"2024-09-26T16:18:06","date_gmt":"2024-09-26T14:18:06","guid":{"rendered":"https:\/\/musique-equilibre.com\/me\/?p=15120"},"modified":"2025-01-28T18:31:41","modified_gmt":"2025-01-28T17:31:41","slug":"jorge-burbano-coursmusiqueorleans","status":"publish","type":"post","link":"https:\/\/musique-equilibre.com\/me\/index.php\/2024\/09\/26\/jorge-burbano-coursmusiqueorleans\/","title":{"rendered":"BIO &#8211; Jorge Burbano"},"content":{"rendered":"<p style=\"text-align: center;\"><span style=\"color: #f15d20; font-family: Nexa Rust Sans;\">Jorge Burbano<\/span><\/p>\n<p style=\"text-align: center;\"><span style=\"font-weight: 400; font-family: coves;\">N\u00e9 \u00e0 Guayaquil (\u00c9quateur) le 26 ao\u00fbt 1999, est un violoniste et altiste \u00e9quatorien. Il d\u00e9bute dans la musique avec la fl\u00fbte au lyc\u00e9e \u00e0 l\u2019\u00e2ge de 13 ans et tr\u00e8s rapidement il change pour le violon, instrument dont il tombe amoureux. A 15ans, il rejoint l\u2019Orchestre de Chambre du IEMUG (Institut Exp\u00e9rimental de Musique de l\u2019Universit\u00e9 de Guayaquil), et l&rsquo;ann\u00e9e suivante, l\u2019Orchestre de Chambre du lyc\u00e9e R\u00e9publique de France.<\/span><\/p>\n<p style=\"text-align: center;\"><span style=\"font-family: coves;\">Il finit ses \u00e9tudes de musique au IEMUG en 2018 o\u00f9 il obtient le dipl\u00f4me de violoniste. Il commence son parcours p\u00e9dagogique professionnel en 2019 dans l\u2019acad\u00e9mie de musique \u201cCamille Saint-Saens\u201d o\u00f9 il est professeur de violon pendant un an et demi.<\/span><br \/><span style=\"font-family: coves;\">Il obtient un poste \u00e0 l\u2019Orchestre Symphonique de Guayaquil en septembre 2020 autant qu\u2019altiste. Au d\u00e9but de 2022 il donne des cours de violon et alto dans l\u2019acad\u00e9mie de musique \u201cCrescendo\u201d. Il passe une audition par visioconf\u00e9rence pour entrer au CRD d\u2019Orl\u00e9ans o\u00f9 il est admis. Il quitte son poste de professeur pour voyager en France en ao\u00fbt 2022 et continuer ses \u00e9tudes. Il est d\u00e9sormais \u00e9l\u00e8ve d\u2019alto en cycle sp\u00e9cialis\u00e9 dans la classe de <a href=\"https:\/\/www.facebook.com\/jeanphilippe.bardon\/?locale=fr_FR\" target=\"_blank\" rel=\"noopener\">Jean-Philippe Bardon<\/a> et dans la classe dominante de formation musicale. Il participe \u00e0 des tourn\u00e9es en France et \u00e0 l\u2019ext\u00e9rieur avec plusieurs orchestres. Il est professeur en Musique \u00c9quilibre depuis septembre 2024.\u00a0<\/span><\/p>\n\n\n<p class=\"has-white-color has-text-color has-small-font-size\">bio baptiste soisson cours de piano<\/p>\n","protected":false},"excerpt":{"rendered":"<p>Jorge Burbano N\u00e9 \u00e0 Guayaquil (\u00c9quateur) le 26 ao\u00fbt 1999, est un violoniste et altiste \u00e9quatorien. Il d\u00e9bute dans la musique avec la fl\u00fbte au lyc\u00e9e \u00e0 l\u2019\u00e2ge de 13 ans et tr\u00e8s rapidement il change pour le violon, instrument dont il tombe amoureux. A 15ans, il rejoint l\u2019Orchestre de Chambre du IEMUG (Institut Exp\u00e9rimental [&hellip;]<\/p>\n","protected":false},"author":1,"featured_media":0,"comment_status":"open","ping_status":"closed","sticky":false,"template":"","format":"standard","meta":{"footnotes":""},"categories":[20],"tags":[],"class_list":{"0":"post-15120","1":"post","2":"type-post","3":"status-publish","4":"format-standard","6":"category-biographie","7":"czr-hentry"},"yoast_head":"<!-- This site is optimized with the Yoast SEO plugin v26.8 - https:\/\/yoast.com\/product\/yoast-seo-wordpress\/ -->\n<title>BIO - Jorge Burbano - Musique et Equilibre<\/title>\n<meta name=\"description\" content=\"Cliquez ici pour d\u00e9couvrir la bio de Jorge Burbano, professeur de violon au sein de Musique et Equilibre \u00e0 Orl\u00e9ans.\" \/>\n<meta name=\"robots\" content=\"index, follow, max-snippet:-1, max-image-preview:large, max-video-preview:-1\" \/>\n<link rel=\"canonical\" href=\"https:\/\/musique-equilibre.com\/me\/index.php\/2024\/09\/26\/jorge-burbano-coursmusiqueorleans\/\" \/>\n<meta property=\"og:locale\" content=\"fr_FR\" \/>\n<meta property=\"og:type\" content=\"article\" \/>\n<meta property=\"og:title\" content=\"BIO - Jorge Burbano - Musique et Equilibre\" \/>\n<meta property=\"og:description\" content=\"Cliquez ici pour d\u00e9couvrir la bio de Jorge Burbano, professeur de violon au sein de Musique et Equilibre \u00e0 Orl\u00e9ans.\" \/>\n<meta property=\"og:url\" content=\"https:\/\/musique-equilibre.com\/me\/index.php\/2024\/09\/26\/jorge-burbano-coursmusiqueorleans\/\" \/>\n<meta property=\"og:site_name\" content=\"Musique et Equilibre\" \/>\n<meta property=\"article:publisher\" content=\"https:\/\/www.facebook.com\/MusiqueetEquilibre45\" \/>\n<meta property=\"article:published_time\" content=\"2024-09-26T14:18:06+00:00\" \/>\n<meta property=\"article:modified_time\" content=\"2025-01-28T17:31:41+00:00\" \/>\n<meta name=\"author\" content=\"admin\" \/>\n<meta name=\"twitter:card\" content=\"summary_large_image\" \/>\n<meta name=\"twitter:creator\" content=\"@Musiquequilibre\" \/>\n<meta name=\"twitter:site\" content=\"@Musiquequilibre\" \/>\n<meta name=\"twitter:label1\" content=\"\u00c9crit par\" \/>\n\t<meta name=\"twitter:data1\" content=\"admin\" \/>\n\t<meta name=\"twitter:label2\" content=\"Dur\u00e9e de lecture estim\u00e9e\" \/>\n\t<meta name=\"twitter:data2\" content=\"2 minutes\" \/>\n<script type=\"application\/ld+json\" class=\"yoast-schema-graph\">{\"@context\":\"https:\/\/schema.org\",\"@graph\":[{\"@type\":\"Article\",\"@id\":\"https:\/\/musique-equilibre.com\/me\/index.php\/2024\/09\/26\/jorge-burbano-coursmusiqueorleans\/#article\",\"isPartOf\":{\"@id\":\"https:\/\/musique-equilibre.com\/me\/index.php\/2024\/09\/26\/jorge-burbano-coursmusiqueorleans\/\"},\"author\":{\"name\":\"admin\",\"@id\":\"https:\/\/musique-equilibre.com\/me\/#\/schema\/person\/d43605ef0d5681c1b27a4ba1fede1cf4\"},\"headline\":\"BIO &#8211; Jorge Burbano\",\"datePublished\":\"2024-09-26T14:18:06+00:00\",\"dateModified\":\"2025-01-28T17:31:41+00:00\",\"mainEntityOfPage\":{\"@id\":\"https:\/\/musique-equilibre.com\/me\/index.php\/2024\/09\/26\/jorge-burbano-coursmusiqueorleans\/\"},\"wordCount\":251,\"commentCount\":0,\"publisher\":{\"@id\":\"https:\/\/musique-equilibre.com\/me\/#organization\"},\"articleSection\":[\"Biographie\"],\"inLanguage\":\"fr-FR\",\"potentialAction\":[{\"@type\":\"CommentAction\",\"name\":\"Comment\",\"target\":[\"https:\/\/musique-equilibre.com\/me\/index.php\/2024\/09\/26\/jorge-burbano-coursmusiqueorleans\/#respond\"]}]},{\"@type\":\"WebPage\",\"@id\":\"https:\/\/musique-equilibre.com\/me\/index.php\/2024\/09\/26\/jorge-burbano-coursmusiqueorleans\/\",\"url\":\"https:\/\/musique-equilibre.com\/me\/index.php\/2024\/09\/26\/jorge-burbano-coursmusiqueorleans\/\",\"name\":\"BIO - Jorge Burbano - Musique et Equilibre\",\"isPartOf\":{\"@id\":\"https:\/\/musique-equilibre.com\/me\/#website\"},\"datePublished\":\"2024-09-26T14:18:06+00:00\",\"dateModified\":\"2025-01-28T17:31:41+00:00\",\"description\":\"Cliquez ici pour d\u00e9couvrir la bio de Jorge Burbano, professeur de violon au sein de Musique et Equilibre \u00e0 Orl\u00e9ans.\",\"breadcrumb\":{\"@id\":\"https:\/\/musique-equilibre.com\/me\/index.php\/2024\/09\/26\/jorge-burbano-coursmusiqueorleans\/#breadcrumb\"},\"inLanguage\":\"fr-FR\",\"potentialAction\":[{\"@type\":\"ReadAction\",\"target\":[\"https:\/\/musique-equilibre.com\/me\/index.php\/2024\/09\/26\/jorge-burbano-coursmusiqueorleans\/\"]}]},{\"@type\":\"BreadcrumbList\",\"@id\":\"https:\/\/musique-equilibre.com\/me\/index.php\/2024\/09\/26\/jorge-burbano-coursmusiqueorleans\/#breadcrumb\",\"itemListElement\":[{\"@type\":\"ListItem\",\"position\":1,\"name\":\"Accueil\",\"item\":\"https:\/\/musique-equilibre.com\/me\/\"},{\"@type\":\"ListItem\",\"position\":2,\"name\":\"BIO &#8211; Jorge Burbano\"}]},{\"@type\":\"WebSite\",\"@id\":\"https:\/\/musique-equilibre.com\/me\/#website\",\"url\":\"https:\/\/musique-equilibre.com\/me\/\",\"name\":\"Musique et Equilibre\",\"description\":\"\",\"publisher\":{\"@id\":\"https:\/\/musique-equilibre.com\/me\/#organization\"},\"potentialAction\":[{\"@type\":\"SearchAction\",\"target\":{\"@type\":\"EntryPoint\",\"urlTemplate\":\"https:\/\/musique-equilibre.com\/me\/?s={search_term_string}\"},\"query-input\":{\"@type\":\"PropertyValueSpecification\",\"valueRequired\":true,\"valueName\":\"search_term_string\"}}],\"inLanguage\":\"fr-FR\"},{\"@type\":\"Organization\",\"@id\":\"https:\/\/musique-equilibre.com\/me\/#organization\",\"name\":\"Musique et Equilibre\",\"alternateName\":\"\u00c9cole de musique et salle de concert \u00e0 Orl\u00e9ans\",\"url\":\"https:\/\/musique-equilibre.com\/me\/\",\"logo\":{\"@type\":\"ImageObject\",\"inLanguage\":\"fr-FR\",\"@id\":\"https:\/\/musique-equilibre.com\/me\/#\/schema\/logo\/image\/\",\"url\":\"https:\/\/musique-equilibre.com\/me\/wp-content\/uploads\/2022\/11\/cropped-Logo_orange_texture-1.png\",\"contentUrl\":\"https:\/\/musique-equilibre.com\/me\/wp-content\/uploads\/2022\/11\/cropped-Logo_orange_texture-1.png\",\"width\":512,\"height\":512,\"caption\":\"Musique et Equilibre\"},\"image\":{\"@id\":\"https:\/\/musique-equilibre.com\/me\/#\/schema\/logo\/image\/\"},\"sameAs\":[\"https:\/\/www.facebook.com\/MusiqueetEquilibre45\",\"https:\/\/x.com\/Musiquequilibre\",\"https:\/\/www.instagram.com\/musique_et_equilibre_\/\",\"https:\/\/www.linkedin.com\/company\/musique-&amp;-equilibre\/\",\"https:\/\/www.youtube.com\/c\/MusiqueEquilibreOrleans\/\"]},{\"@type\":\"Person\",\"@id\":\"https:\/\/musique-equilibre.com\/me\/#\/schema\/person\/d43605ef0d5681c1b27a4ba1fede1cf4\",\"name\":\"admin\",\"image\":{\"@type\":\"ImageObject\",\"inLanguage\":\"fr-FR\",\"@id\":\"https:\/\/musique-equilibre.com\/me\/#\/schema\/person\/image\/\",\"url\":\"https:\/\/secure.gravatar.com\/avatar\/4cf7b4111456799aef2a50176cfabd70e4afde55908c0caa0617fa42d2f71d9f?s=96&d=mm&r=g\",\"contentUrl\":\"https:\/\/secure.gravatar.com\/avatar\/4cf7b4111456799aef2a50176cfabd70e4afde55908c0caa0617fa42d2f71d9f?s=96&d=mm&r=g\",\"caption\":\"admin\"},\"url\":\"https:\/\/musique-equilibre.com\/me\/index.php\/author\/admin\/\"}]}<\/script>\n<!-- \/ Yoast SEO plugin. -->","yoast_head_json":{"title":"BIO - Jorge Burbano - Musique et Equilibre","description":"Cliquez ici pour d\u00e9couvrir la bio de Jorge Burbano, professeur de violon au sein de Musique et Equilibre \u00e0 Orl\u00e9ans.","robots":{"index":"index","follow":"follow","max-snippet":"max-snippet:-1","max-image-preview":"max-image-preview:large","max-video-preview":"max-video-preview:-1"},"canonical":"https:\/\/musique-equilibre.com\/me\/index.php\/2024\/09\/26\/jorge-burbano-coursmusiqueorleans\/","og_locale":"fr_FR","og_type":"article","og_title":"BIO - Jorge Burbano - Musique et Equilibre","og_description":"Cliquez ici pour d\u00e9couvrir la bio de Jorge Burbano, professeur de violon au sein de Musique et Equilibre \u00e0 Orl\u00e9ans.","og_url":"https:\/\/musique-equilibre.com\/me\/index.php\/2024\/09\/26\/jorge-burbano-coursmusiqueorleans\/","og_site_name":"Musique et Equilibre","article_publisher":"https:\/\/www.facebook.com\/MusiqueetEquilibre45","article_published_time":"2024-09-26T14:18:06+00:00","article_modified_time":"2025-01-28T17:31:41+00:00","author":"admin","twitter_card":"summary_large_image","twitter_creator":"@Musiquequilibre","twitter_site":"@Musiquequilibre","twitter_misc":{"\u00c9crit par":"admin","Dur\u00e9e de lecture estim\u00e9e":"2 minutes"},"schema":{"@context":"https:\/\/schema.org","@graph":[{"@type":"Article","@id":"https:\/\/musique-equilibre.com\/me\/index.php\/2024\/09\/26\/jorge-burbano-coursmusiqueorleans\/#article","isPartOf":{"@id":"https:\/\/musique-equilibre.com\/me\/index.php\/2024\/09\/26\/jorge-burbano-coursmusiqueorleans\/"},"author":{"name":"admin","@id":"https:\/\/musique-equilibre.com\/me\/#\/schema\/person\/d43605ef0d5681c1b27a4ba1fede1cf4"},"headline":"BIO &#8211; Jorge Burbano","datePublished":"2024-09-26T14:18:06+00:00","dateModified":"2025-01-28T17:31:41+00:00","mainEntityOfPage":{"@id":"https:\/\/musique-equilibre.com\/me\/index.php\/2024\/09\/26\/jorge-burbano-coursmusiqueorleans\/"},"wordCount":251,"commentCount":0,"publisher":{"@id":"https:\/\/musique-equilibre.com\/me\/#organization"},"articleSection":["Biographie"],"inLanguage":"fr-FR","potentialAction":[{"@type":"CommentAction","name":"Comment","target":["https:\/\/musique-equilibre.com\/me\/index.php\/2024\/09\/26\/jorge-burbano-coursmusiqueorleans\/#respond"]}]},{"@type":"WebPage","@id":"https:\/\/musique-equilibre.com\/me\/index.php\/2024\/09\/26\/jorge-burbano-coursmusiqueorleans\/","url":"https:\/\/musique-equilibre.com\/me\/index.php\/2024\/09\/26\/jorge-burbano-coursmusiqueorleans\/","name":"BIO - Jorge Burbano - Musique et Equilibre","isPartOf":{"@id":"https:\/\/musique-equilibre.com\/me\/#website"},"datePublished":"2024-09-26T14:18:06+00:00","dateModified":"2025-01-28T17:31:41+00:00","description":"Cliquez ici pour d\u00e9couvrir la bio de Jorge Burbano, professeur de violon au sein de Musique et Equilibre \u00e0 Orl\u00e9ans.","breadcrumb":{"@id":"https:\/\/musique-equilibre.com\/me\/index.php\/2024\/09\/26\/jorge-burbano-coursmusiqueorleans\/#breadcrumb"},"inLanguage":"fr-FR","potentialAction":[{"@type":"ReadAction","target":["https:\/\/musique-equilibre.com\/me\/index.php\/2024\/09\/26\/jorge-burbano-coursmusiqueorleans\/"]}]},{"@type":"BreadcrumbList","@id":"https:\/\/musique-equilibre.com\/me\/index.php\/2024\/09\/26\/jorge-burbano-coursmusiqueorleans\/#breadcrumb","itemListElement":[{"@type":"ListItem","position":1,"name":"Accueil","item":"https:\/\/musique-equilibre.com\/me\/"},{"@type":"ListItem","position":2,"name":"BIO &#8211; Jorge Burbano"}]},{"@type":"WebSite","@id":"https:\/\/musique-equilibre.com\/me\/#website","url":"https:\/\/musique-equilibre.com\/me\/","name":"Musique et Equilibre","description":"","publisher":{"@id":"https:\/\/musique-equilibre.com\/me\/#organization"},"potentialAction":[{"@type":"SearchAction","target":{"@type":"EntryPoint","urlTemplate":"https:\/\/musique-equilibre.com\/me\/?s={search_term_string}"},"query-input":{"@type":"PropertyValueSpecification","valueRequired":true,"valueName":"search_term_string"}}],"inLanguage":"fr-FR"},{"@type":"Organization","@id":"https:\/\/musique-equilibre.com\/me\/#organization","name":"Musique et Equilibre","alternateName":"\u00c9cole de musique et salle de concert \u00e0 Orl\u00e9ans","url":"https:\/\/musique-equilibre.com\/me\/","logo":{"@type":"ImageObject","inLanguage":"fr-FR","@id":"https:\/\/musique-equilibre.com\/me\/#\/schema\/logo\/image\/","url":"https:\/\/musique-equilibre.com\/me\/wp-content\/uploads\/2022\/11\/cropped-Logo_orange_texture-1.png","contentUrl":"https:\/\/musique-equilibre.com\/me\/wp-content\/uploads\/2022\/11\/cropped-Logo_orange_texture-1.png","width":512,"height":512,"caption":"Musique et Equilibre"},"image":{"@id":"https:\/\/musique-equilibre.com\/me\/#\/schema\/logo\/image\/"},"sameAs":["https:\/\/www.facebook.com\/MusiqueetEquilibre45","https:\/\/x.com\/Musiquequilibre","https:\/\/www.instagram.com\/musique_et_equilibre_\/","https:\/\/www.linkedin.com\/company\/musique-&amp;-equilibre\/","https:\/\/www.youtube.com\/c\/MusiqueEquilibreOrleans\/"]},{"@type":"Person","@id":"https:\/\/musique-equilibre.com\/me\/#\/schema\/person\/d43605ef0d5681c1b27a4ba1fede1cf4","name":"admin","image":{"@type":"ImageObject","inLanguage":"fr-FR","@id":"https:\/\/musique-equilibre.com\/me\/#\/schema\/person\/image\/","url":"https:\/\/secure.gravatar.com\/avatar\/4cf7b4111456799aef2a50176cfabd70e4afde55908c0caa0617fa42d2f71d9f?s=96&d=mm&r=g","contentUrl":"https:\/\/secure.gravatar.com\/avatar\/4cf7b4111456799aef2a50176cfabd70e4afde55908c0caa0617fa42d2f71d9f?s=96&d=mm&r=g","caption":"admin"},"url":"https:\/\/musique-equilibre.com\/me\/index.php\/author\/admin\/"}]}},"_links":{"self":[{"href":"https:\/\/musique-equilibre.com\/me\/index.php\/wp-json\/wp\/v2\/posts\/15120","targetHints":{"allow":["GET"]}}],"collection":[{"href":"https:\/\/musique-equilibre.com\/me\/index.php\/wp-json\/wp\/v2\/posts"}],"about":[{"href":"https:\/\/musique-equilibre.com\/me\/index.php\/wp-json\/wp\/v2\/types\/post"}],"author":[{"embeddable":true,"href":"https:\/\/musique-equilibre.com\/me\/index.php\/wp-json\/wp\/v2\/users\/1"}],"replies":[{"embeddable":true,"href":"https:\/\/musique-equilibre.com\/me\/index.php\/wp-json\/wp\/v2\/comments?post=15120"}],"version-history":[{"count":5,"href":"https:\/\/musique-equilibre.com\/me\/index.php\/wp-json\/wp\/v2\/posts\/15120\/revisions"}],"predecessor-version":[{"id":16000,"href":"https:\/\/musique-equilibre.com\/me\/index.php\/wp-json\/wp\/v2\/posts\/15120\/revisions\/16000"}],"wp:attachment":[{"href":"https:\/\/musique-equilibre.com\/me\/index.php\/wp-json\/wp\/v2\/media?parent=15120"}],"wp:term":[{"taxonomy":"category","embeddable":true,"href":"https:\/\/musique-equilibre.com\/me\/index.php\/wp-json\/wp\/v2\/categories?post=15120"},{"taxonomy":"post_tag","embeddable":true,"href":"https:\/\/musique-equilibre.com\/me\/index.php\/wp-json\/wp\/v2\/tags?post=15120"}],"curies":[{"name":"wp","href":"https:\/\/api.w.org\/{rel}","templated":true}]}}