{"id":14962,"date":"2024-09-02T09:59:16","date_gmt":"2024-09-02T07:59:16","guid":{"rendered":"https:\/\/musique-equilibre.com\/me\/?p=14962"},"modified":"2025-10-03T12:50:15","modified_gmt":"2025-10-03T10:50:15","slug":"anita-farmine-coursmusiqueorleans","status":"publish","type":"post","link":"https:\/\/musique-equilibre.com\/me\/index.php\/2024\/09\/02\/anita-farmine-coursmusiqueorleans\/","title":{"rendered":"BIO Anita Farmine"},"content":{"rendered":"<p style=\"text-align: center;\"><img fetchpriority=\"high\" decoding=\"async\" class=\"alignnone wp-image-14967 size-medium\" src=\"https:\/\/musique-equilibre.com\/me\/wp-content\/uploads\/2024\/09\/Anita-Farmine-site-300x300.png\" alt=\"anita farmine cours de chant orl\u00e9ans \" width=\"300\" height=\"300\" srcset=\"https:\/\/musique-equilibre.com\/me\/wp-content\/uploads\/2024\/09\/Anita-Farmine-site-300x300.png 300w, https:\/\/musique-equilibre.com\/me\/wp-content\/uploads\/2024\/09\/Anita-Farmine-site-1024x1024.png 1024w, https:\/\/musique-equilibre.com\/me\/wp-content\/uploads\/2024\/09\/Anita-Farmine-site-150x150.png 150w, https:\/\/musique-equilibre.com\/me\/wp-content\/uploads\/2024\/09\/Anita-Farmine-site-768x768.png 768w, https:\/\/musique-equilibre.com\/me\/wp-content\/uploads\/2024\/09\/Anita-Farmine-site-510x510.png 510w, https:\/\/musique-equilibre.com\/me\/wp-content\/uploads\/2024\/09\/Anita-Farmine-site.png 1080w\" sizes=\"(max-width: 300px) 100vw, 300px\" \/><\/p>\n<p style=\"text-align: center;\"><a href=\"https:\/\/musique-equilibre.com\/me\/index.php\/coursdechant-orleans\/\" target=\"_blank\" rel=\"noopener\"><span style=\"font-family: Nexa Rust Sans;\"><span style=\"color: #f15d20;\">Anita Farmine<\/span><\/span><\/a><\/p>\n<hr \/>\n<p style=\"text-align: center;\"><span style=\"font-family: coves;\">Il est de rares artistes qu&rsquo;une r\u00e9volution et un exil \u00e9veillent au monde. Anita est de ceux-l\u00e0. Fuyant en famille l&rsquo;Iran des ayatollah et trouvant refuge en Alg\u00e9rie, la petite fille est plong\u00e9e dans le chaudron de la multiculturalit\u00e9 jusqu&rsquo;\u00e0 son premier grand choc esth\u00e9tique, tout juste arriv\u00e9e en France \u00e0 l&rsquo;age de sept ans, \u00e0 l&rsquo;\u00e9coute de la Callas. La beaut\u00e9 de la voix de la diva, la profondeur de ses interpr\u00e9tations et la puissance de l&rsquo;orchestre la bouleversent. Anita veut devenir chanteuse. Elle aussi veut faire passer des \u00e9motions. Elle veut faire pleurer, vibrer, sourire &#8230; redonner la vie et l&rsquo;envie. Apr\u00e8s avoir suivi des cursus de chant au conservatoire de Dunkerque et Orl\u00e9ans aisni qu\u2019\u00e0 l\u2019\u00e9cole <a href=\"https:\/\/atla.fr\/\" target=\"_blank\" rel=\"noopener\">Atla<\/a> \u00e0 Paris, Anita compose et chante aujourd\u2019hui en persan et en fran\u00e7ais en y m\u00ealant ses influences europ\u00e9ennes et orientales, notamment via les percussions traditionnelles iraniennes que sont le Daf et le dayereh. Elle chante de sa voix chaude et saisissante les douleurs de la vie, la difficult\u00e9 d\u2019\u00eatre femme sur des m\u00e9lodies fraiches aux rythmes percutants. Pour elle, la musique est un partage. Elle aime l\u2019id\u00e9e de faire passer ses connaissances et sa vision de la musique telles qu\u2019elle les a pratiqu\u00e9es : chanter est un don de soi. La th\u00e9orie musicale est un apport, mais \u00eatre capable de ressentir la musique et de la transmettre en \u00e9tant en totale harmonie avec son \u00eatre profond fait na\u00eetre une beaut\u00e9 in\u00e9galable \u00e0 toutes les gammes que nous pourrons apprendre.\u00a0 C\u2019est ainsi qu\u2019elle aime transmettre la musique \u00e0 ses \u00e9l\u00e8ves. Oser aller \u00e0 la d\u00e9couverte de sa voix, oser l\u2019explorer sans jugement pour ensuite s\u2019en amuser c\u2019est l\u00e0 un vrai plaisir. Amoureuse des musiques du monde, elle a exp\u00e9riment\u00e9, le Jazz br\u00e9silien, le Jazz manouche, le Gospel, les chants traditionnels (ou non) du monde, la Folk, la Soul &#8230; c\u2019est en pratiquant ces divers styles que le corps emmagasine et que l\u2019oreille se forge.<\/span><\/p>\n<p><span style=\"font-size: 8pt; color: #ffffff;\">bio anita farmine cours de chant<\/span><\/p>\n","protected":false},"excerpt":{"rendered":"<p>Anita Farmine Il est de rares artistes qu&rsquo;une r\u00e9volution et un exil \u00e9veillent au monde. Anita est de ceux-l\u00e0. Fuyant en famille l&rsquo;Iran des ayatollah et trouvant refuge en Alg\u00e9rie, la petite fille est plong\u00e9e dans le chaudron de la multiculturalit\u00e9 jusqu&rsquo;\u00e0 son premier grand choc esth\u00e9tique, tout juste arriv\u00e9e en France \u00e0 l&rsquo;age de [&hellip;]<\/p>\n","protected":false},"author":1,"featured_media":14967,"comment_status":"open","ping_status":"closed","sticky":false,"template":"","format":"standard","meta":{"footnotes":""},"categories":[20],"tags":[],"class_list":{"0":"post-14962","1":"post","2":"type-post","3":"status-publish","4":"format-standard","5":"has-post-thumbnail","7":"category-biographie","8":"czr-hentry"},"yoast_head":"<!-- This site is optimized with the Yoast SEO plugin v26.8 - https:\/\/yoast.com\/product\/yoast-seo-wordpress\/ -->\n<title>BIO Anita Farmine - Musique et Equilibre<\/title>\n<meta name=\"description\" content=\"Cliquez ici pour d\u00e9couvrir la bio d&#039;Anita Farmine, professeur de chant au sein de Musique et Equilibre \u00e0 Orl\u00e9ans.\" \/>\n<meta name=\"robots\" content=\"index, follow, max-snippet:-1, max-image-preview:large, max-video-preview:-1\" \/>\n<link rel=\"canonical\" href=\"https:\/\/musique-equilibre.com\/me\/index.php\/2024\/09\/02\/anita-farmine-coursmusiqueorleans\/\" \/>\n<meta property=\"og:locale\" content=\"fr_FR\" \/>\n<meta property=\"og:type\" content=\"article\" \/>\n<meta property=\"og:title\" content=\"BIO Anita Farmine - Musique et Equilibre\" \/>\n<meta property=\"og:description\" content=\"Cliquez ici pour d\u00e9couvrir la bio d&#039;Anita Farmine, professeur de chant au sein de Musique et Equilibre \u00e0 Orl\u00e9ans.\" \/>\n<meta property=\"og:url\" content=\"https:\/\/musique-equilibre.com\/me\/index.php\/2024\/09\/02\/anita-farmine-coursmusiqueorleans\/\" \/>\n<meta property=\"og:site_name\" content=\"Musique et Equilibre\" \/>\n<meta property=\"article:publisher\" content=\"https:\/\/www.facebook.com\/MusiqueetEquilibre45\" \/>\n<meta property=\"article:published_time\" content=\"2024-09-02T07:59:16+00:00\" \/>\n<meta property=\"article:modified_time\" content=\"2025-10-03T10:50:15+00:00\" \/>\n<meta property=\"og:image\" content=\"https:\/\/musique-equilibre.com\/me\/wp-content\/uploads\/2024\/09\/Anita-Farmine-site.png\" \/>\n\t<meta property=\"og:image:width\" content=\"1080\" \/>\n\t<meta property=\"og:image:height\" content=\"1080\" \/>\n\t<meta property=\"og:image:type\" content=\"image\/png\" \/>\n<meta name=\"author\" content=\"admin\" \/>\n<meta name=\"twitter:card\" content=\"summary_large_image\" \/>\n<meta name=\"twitter:creator\" content=\"@Musiquequilibre\" \/>\n<meta name=\"twitter:site\" content=\"@Musiquequilibre\" \/>\n<meta name=\"twitter:label1\" content=\"\u00c9crit par\" \/>\n\t<meta name=\"twitter:data1\" content=\"admin\" \/>\n\t<meta name=\"twitter:label2\" content=\"Dur\u00e9e de lecture estim\u00e9e\" \/>\n\t<meta name=\"twitter:data2\" content=\"3 minutes\" \/>\n<script type=\"application\/ld+json\" class=\"yoast-schema-graph\">{\"@context\":\"https:\/\/schema.org\",\"@graph\":[{\"@type\":\"Article\",\"@id\":\"https:\/\/musique-equilibre.com\/me\/index.php\/2024\/09\/02\/anita-farmine-coursmusiqueorleans\/#article\",\"isPartOf\":{\"@id\":\"https:\/\/musique-equilibre.com\/me\/index.php\/2024\/09\/02\/anita-farmine-coursmusiqueorleans\/\"},\"author\":{\"name\":\"admin\",\"@id\":\"https:\/\/musique-equilibre.com\/me\/#\/schema\/person\/d43605ef0d5681c1b27a4ba1fede1cf4\"},\"headline\":\"BIO Anita Farmine\",\"datePublished\":\"2024-09-02T07:59:16+00:00\",\"dateModified\":\"2025-10-03T10:50:15+00:00\",\"mainEntityOfPage\":{\"@id\":\"https:\/\/musique-equilibre.com\/me\/index.php\/2024\/09\/02\/anita-farmine-coursmusiqueorleans\/\"},\"wordCount\":364,\"commentCount\":0,\"publisher\":{\"@id\":\"https:\/\/musique-equilibre.com\/me\/#organization\"},\"image\":{\"@id\":\"https:\/\/musique-equilibre.com\/me\/index.php\/2024\/09\/02\/anita-farmine-coursmusiqueorleans\/#primaryimage\"},\"thumbnailUrl\":\"https:\/\/musique-equilibre.com\/me\/wp-content\/uploads\/2024\/09\/Anita-Farmine-site.png\",\"articleSection\":[\"Biographie\"],\"inLanguage\":\"fr-FR\",\"potentialAction\":[{\"@type\":\"CommentAction\",\"name\":\"Comment\",\"target\":[\"https:\/\/musique-equilibre.com\/me\/index.php\/2024\/09\/02\/anita-farmine-coursmusiqueorleans\/#respond\"]}]},{\"@type\":\"WebPage\",\"@id\":\"https:\/\/musique-equilibre.com\/me\/index.php\/2024\/09\/02\/anita-farmine-coursmusiqueorleans\/\",\"url\":\"https:\/\/musique-equilibre.com\/me\/index.php\/2024\/09\/02\/anita-farmine-coursmusiqueorleans\/\",\"name\":\"BIO Anita Farmine - Musique et Equilibre\",\"isPartOf\":{\"@id\":\"https:\/\/musique-equilibre.com\/me\/#website\"},\"primaryImageOfPage\":{\"@id\":\"https:\/\/musique-equilibre.com\/me\/index.php\/2024\/09\/02\/anita-farmine-coursmusiqueorleans\/#primaryimage\"},\"image\":{\"@id\":\"https:\/\/musique-equilibre.com\/me\/index.php\/2024\/09\/02\/anita-farmine-coursmusiqueorleans\/#primaryimage\"},\"thumbnailUrl\":\"https:\/\/musique-equilibre.com\/me\/wp-content\/uploads\/2024\/09\/Anita-Farmine-site.png\",\"datePublished\":\"2024-09-02T07:59:16+00:00\",\"dateModified\":\"2025-10-03T10:50:15+00:00\",\"description\":\"Cliquez ici pour d\u00e9couvrir la bio d'Anita Farmine, professeur de chant au sein de Musique et Equilibre \u00e0 Orl\u00e9ans.\",\"breadcrumb\":{\"@id\":\"https:\/\/musique-equilibre.com\/me\/index.php\/2024\/09\/02\/anita-farmine-coursmusiqueorleans\/#breadcrumb\"},\"inLanguage\":\"fr-FR\",\"potentialAction\":[{\"@type\":\"ReadAction\",\"target\":[\"https:\/\/musique-equilibre.com\/me\/index.php\/2024\/09\/02\/anita-farmine-coursmusiqueorleans\/\"]}]},{\"@type\":\"ImageObject\",\"inLanguage\":\"fr-FR\",\"@id\":\"https:\/\/musique-equilibre.com\/me\/index.php\/2024\/09\/02\/anita-farmine-coursmusiqueorleans\/#primaryimage\",\"url\":\"https:\/\/musique-equilibre.com\/me\/wp-content\/uploads\/2024\/09\/Anita-Farmine-site.png\",\"contentUrl\":\"https:\/\/musique-equilibre.com\/me\/wp-content\/uploads\/2024\/09\/Anita-Farmine-site.png\",\"width\":1080,\"height\":1080,\"caption\":\"anita farmine cours de chant orl\u00e9ans\"},{\"@type\":\"BreadcrumbList\",\"@id\":\"https:\/\/musique-equilibre.com\/me\/index.php\/2024\/09\/02\/anita-farmine-coursmusiqueorleans\/#breadcrumb\",\"itemListElement\":[{\"@type\":\"ListItem\",\"position\":1,\"name\":\"Accueil\",\"item\":\"https:\/\/musique-equilibre.com\/me\/\"},{\"@type\":\"ListItem\",\"position\":2,\"name\":\"BIO Anita Farmine\"}]},{\"@type\":\"WebSite\",\"@id\":\"https:\/\/musique-equilibre.com\/me\/#website\",\"url\":\"https:\/\/musique-equilibre.com\/me\/\",\"name\":\"Musique et Equilibre\",\"description\":\"\",\"publisher\":{\"@id\":\"https:\/\/musique-equilibre.com\/me\/#organization\"},\"potentialAction\":[{\"@type\":\"SearchAction\",\"target\":{\"@type\":\"EntryPoint\",\"urlTemplate\":\"https:\/\/musique-equilibre.com\/me\/?s={search_term_string}\"},\"query-input\":{\"@type\":\"PropertyValueSpecification\",\"valueRequired\":true,\"valueName\":\"search_term_string\"}}],\"inLanguage\":\"fr-FR\"},{\"@type\":\"Organization\",\"@id\":\"https:\/\/musique-equilibre.com\/me\/#organization\",\"name\":\"Musique et Equilibre\",\"alternateName\":\"\u00c9cole de musique et salle de concert \u00e0 Orl\u00e9ans\",\"url\":\"https:\/\/musique-equilibre.com\/me\/\",\"logo\":{\"@type\":\"ImageObject\",\"inLanguage\":\"fr-FR\",\"@id\":\"https:\/\/musique-equilibre.com\/me\/#\/schema\/logo\/image\/\",\"url\":\"https:\/\/musique-equilibre.com\/me\/wp-content\/uploads\/2022\/11\/cropped-Logo_orange_texture-1.png\",\"contentUrl\":\"https:\/\/musique-equilibre.com\/me\/wp-content\/uploads\/2022\/11\/cropped-Logo_orange_texture-1.png\",\"width\":512,\"height\":512,\"caption\":\"Musique et Equilibre\"},\"image\":{\"@id\":\"https:\/\/musique-equilibre.com\/me\/#\/schema\/logo\/image\/\"},\"sameAs\":[\"https:\/\/www.facebook.com\/MusiqueetEquilibre45\",\"https:\/\/x.com\/Musiquequilibre\",\"https:\/\/www.instagram.com\/musique_et_equilibre_\/\",\"https:\/\/www.linkedin.com\/company\/musique-&amp;-equilibre\/\",\"https:\/\/www.youtube.com\/c\/MusiqueEquilibreOrleans\/\"]},{\"@type\":\"Person\",\"@id\":\"https:\/\/musique-equilibre.com\/me\/#\/schema\/person\/d43605ef0d5681c1b27a4ba1fede1cf4\",\"name\":\"admin\",\"image\":{\"@type\":\"ImageObject\",\"inLanguage\":\"fr-FR\",\"@id\":\"https:\/\/musique-equilibre.com\/me\/#\/schema\/person\/image\/\",\"url\":\"https:\/\/secure.gravatar.com\/avatar\/4cf7b4111456799aef2a50176cfabd70e4afde55908c0caa0617fa42d2f71d9f?s=96&d=mm&r=g\",\"contentUrl\":\"https:\/\/secure.gravatar.com\/avatar\/4cf7b4111456799aef2a50176cfabd70e4afde55908c0caa0617fa42d2f71d9f?s=96&d=mm&r=g\",\"caption\":\"admin\"},\"url\":\"https:\/\/musique-equilibre.com\/me\/index.php\/author\/admin\/\"}]}<\/script>\n<!-- \/ Yoast SEO plugin. -->","yoast_head_json":{"title":"BIO Anita Farmine - Musique et Equilibre","description":"Cliquez ici pour d\u00e9couvrir la bio d'Anita Farmine, professeur de chant au sein de Musique et Equilibre \u00e0 Orl\u00e9ans.","robots":{"index":"index","follow":"follow","max-snippet":"max-snippet:-1","max-image-preview":"max-image-preview:large","max-video-preview":"max-video-preview:-1"},"canonical":"https:\/\/musique-equilibre.com\/me\/index.php\/2024\/09\/02\/anita-farmine-coursmusiqueorleans\/","og_locale":"fr_FR","og_type":"article","og_title":"BIO Anita Farmine - Musique et Equilibre","og_description":"Cliquez ici pour d\u00e9couvrir la bio d'Anita Farmine, professeur de chant au sein de Musique et Equilibre \u00e0 Orl\u00e9ans.","og_url":"https:\/\/musique-equilibre.com\/me\/index.php\/2024\/09\/02\/anita-farmine-coursmusiqueorleans\/","og_site_name":"Musique et Equilibre","article_publisher":"https:\/\/www.facebook.com\/MusiqueetEquilibre45","article_published_time":"2024-09-02T07:59:16+00:00","article_modified_time":"2025-10-03T10:50:15+00:00","og_image":[{"width":1080,"height":1080,"url":"https:\/\/musique-equilibre.com\/me\/wp-content\/uploads\/2024\/09\/Anita-Farmine-site.png","type":"image\/png"}],"author":"admin","twitter_card":"summary_large_image","twitter_creator":"@Musiquequilibre","twitter_site":"@Musiquequilibre","twitter_misc":{"\u00c9crit par":"admin","Dur\u00e9e de lecture estim\u00e9e":"3 minutes"},"schema":{"@context":"https:\/\/schema.org","@graph":[{"@type":"Article","@id":"https:\/\/musique-equilibre.com\/me\/index.php\/2024\/09\/02\/anita-farmine-coursmusiqueorleans\/#article","isPartOf":{"@id":"https:\/\/musique-equilibre.com\/me\/index.php\/2024\/09\/02\/anita-farmine-coursmusiqueorleans\/"},"author":{"name":"admin","@id":"https:\/\/musique-equilibre.com\/me\/#\/schema\/person\/d43605ef0d5681c1b27a4ba1fede1cf4"},"headline":"BIO Anita Farmine","datePublished":"2024-09-02T07:59:16+00:00","dateModified":"2025-10-03T10:50:15+00:00","mainEntityOfPage":{"@id":"https:\/\/musique-equilibre.com\/me\/index.php\/2024\/09\/02\/anita-farmine-coursmusiqueorleans\/"},"wordCount":364,"commentCount":0,"publisher":{"@id":"https:\/\/musique-equilibre.com\/me\/#organization"},"image":{"@id":"https:\/\/musique-equilibre.com\/me\/index.php\/2024\/09\/02\/anita-farmine-coursmusiqueorleans\/#primaryimage"},"thumbnailUrl":"https:\/\/musique-equilibre.com\/me\/wp-content\/uploads\/2024\/09\/Anita-Farmine-site.png","articleSection":["Biographie"],"inLanguage":"fr-FR","potentialAction":[{"@type":"CommentAction","name":"Comment","target":["https:\/\/musique-equilibre.com\/me\/index.php\/2024\/09\/02\/anita-farmine-coursmusiqueorleans\/#respond"]}]},{"@type":"WebPage","@id":"https:\/\/musique-equilibre.com\/me\/index.php\/2024\/09\/02\/anita-farmine-coursmusiqueorleans\/","url":"https:\/\/musique-equilibre.com\/me\/index.php\/2024\/09\/02\/anita-farmine-coursmusiqueorleans\/","name":"BIO Anita Farmine - Musique et Equilibre","isPartOf":{"@id":"https:\/\/musique-equilibre.com\/me\/#website"},"primaryImageOfPage":{"@id":"https:\/\/musique-equilibre.com\/me\/index.php\/2024\/09\/02\/anita-farmine-coursmusiqueorleans\/#primaryimage"},"image":{"@id":"https:\/\/musique-equilibre.com\/me\/index.php\/2024\/09\/02\/anita-farmine-coursmusiqueorleans\/#primaryimage"},"thumbnailUrl":"https:\/\/musique-equilibre.com\/me\/wp-content\/uploads\/2024\/09\/Anita-Farmine-site.png","datePublished":"2024-09-02T07:59:16+00:00","dateModified":"2025-10-03T10:50:15+00:00","description":"Cliquez ici pour d\u00e9couvrir la bio d'Anita Farmine, professeur de chant au sein de Musique et Equilibre \u00e0 Orl\u00e9ans.","breadcrumb":{"@id":"https:\/\/musique-equilibre.com\/me\/index.php\/2024\/09\/02\/anita-farmine-coursmusiqueorleans\/#breadcrumb"},"inLanguage":"fr-FR","potentialAction":[{"@type":"ReadAction","target":["https:\/\/musique-equilibre.com\/me\/index.php\/2024\/09\/02\/anita-farmine-coursmusiqueorleans\/"]}]},{"@type":"ImageObject","inLanguage":"fr-FR","@id":"https:\/\/musique-equilibre.com\/me\/index.php\/2024\/09\/02\/anita-farmine-coursmusiqueorleans\/#primaryimage","url":"https:\/\/musique-equilibre.com\/me\/wp-content\/uploads\/2024\/09\/Anita-Farmine-site.png","contentUrl":"https:\/\/musique-equilibre.com\/me\/wp-content\/uploads\/2024\/09\/Anita-Farmine-site.png","width":1080,"height":1080,"caption":"anita farmine cours de chant orl\u00e9ans"},{"@type":"BreadcrumbList","@id":"https:\/\/musique-equilibre.com\/me\/index.php\/2024\/09\/02\/anita-farmine-coursmusiqueorleans\/#breadcrumb","itemListElement":[{"@type":"ListItem","position":1,"name":"Accueil","item":"https:\/\/musique-equilibre.com\/me\/"},{"@type":"ListItem","position":2,"name":"BIO Anita Farmine"}]},{"@type":"WebSite","@id":"https:\/\/musique-equilibre.com\/me\/#website","url":"https:\/\/musique-equilibre.com\/me\/","name":"Musique et Equilibre","description":"","publisher":{"@id":"https:\/\/musique-equilibre.com\/me\/#organization"},"potentialAction":[{"@type":"SearchAction","target":{"@type":"EntryPoint","urlTemplate":"https:\/\/musique-equilibre.com\/me\/?s={search_term_string}"},"query-input":{"@type":"PropertyValueSpecification","valueRequired":true,"valueName":"search_term_string"}}],"inLanguage":"fr-FR"},{"@type":"Organization","@id":"https:\/\/musique-equilibre.com\/me\/#organization","name":"Musique et Equilibre","alternateName":"\u00c9cole de musique et salle de concert \u00e0 Orl\u00e9ans","url":"https:\/\/musique-equilibre.com\/me\/","logo":{"@type":"ImageObject","inLanguage":"fr-FR","@id":"https:\/\/musique-equilibre.com\/me\/#\/schema\/logo\/image\/","url":"https:\/\/musique-equilibre.com\/me\/wp-content\/uploads\/2022\/11\/cropped-Logo_orange_texture-1.png","contentUrl":"https:\/\/musique-equilibre.com\/me\/wp-content\/uploads\/2022\/11\/cropped-Logo_orange_texture-1.png","width":512,"height":512,"caption":"Musique et Equilibre"},"image":{"@id":"https:\/\/musique-equilibre.com\/me\/#\/schema\/logo\/image\/"},"sameAs":["https:\/\/www.facebook.com\/MusiqueetEquilibre45","https:\/\/x.com\/Musiquequilibre","https:\/\/www.instagram.com\/musique_et_equilibre_\/","https:\/\/www.linkedin.com\/company\/musique-&amp;-equilibre\/","https:\/\/www.youtube.com\/c\/MusiqueEquilibreOrleans\/"]},{"@type":"Person","@id":"https:\/\/musique-equilibre.com\/me\/#\/schema\/person\/d43605ef0d5681c1b27a4ba1fede1cf4","name":"admin","image":{"@type":"ImageObject","inLanguage":"fr-FR","@id":"https:\/\/musique-equilibre.com\/me\/#\/schema\/person\/image\/","url":"https:\/\/secure.gravatar.com\/avatar\/4cf7b4111456799aef2a50176cfabd70e4afde55908c0caa0617fa42d2f71d9f?s=96&d=mm&r=g","contentUrl":"https:\/\/secure.gravatar.com\/avatar\/4cf7b4111456799aef2a50176cfabd70e4afde55908c0caa0617fa42d2f71d9f?s=96&d=mm&r=g","caption":"admin"},"url":"https:\/\/musique-equilibre.com\/me\/index.php\/author\/admin\/"}]}},"_links":{"self":[{"href":"https:\/\/musique-equilibre.com\/me\/index.php\/wp-json\/wp\/v2\/posts\/14962","targetHints":{"allow":["GET"]}}],"collection":[{"href":"https:\/\/musique-equilibre.com\/me\/index.php\/wp-json\/wp\/v2\/posts"}],"about":[{"href":"https:\/\/musique-equilibre.com\/me\/index.php\/wp-json\/wp\/v2\/types\/post"}],"author":[{"embeddable":true,"href":"https:\/\/musique-equilibre.com\/me\/index.php\/wp-json\/wp\/v2\/users\/1"}],"replies":[{"embeddable":true,"href":"https:\/\/musique-equilibre.com\/me\/index.php\/wp-json\/wp\/v2\/comments?post=14962"}],"version-history":[{"count":3,"href":"https:\/\/musique-equilibre.com\/me\/index.php\/wp-json\/wp\/v2\/posts\/14962\/revisions"}],"predecessor-version":[{"id":17875,"href":"https:\/\/musique-equilibre.com\/me\/index.php\/wp-json\/wp\/v2\/posts\/14962\/revisions\/17875"}],"wp:featuredmedia":[{"embeddable":true,"href":"https:\/\/musique-equilibre.com\/me\/index.php\/wp-json\/wp\/v2\/media\/14967"}],"wp:attachment":[{"href":"https:\/\/musique-equilibre.com\/me\/index.php\/wp-json\/wp\/v2\/media?parent=14962"}],"wp:term":[{"taxonomy":"category","embeddable":true,"href":"https:\/\/musique-equilibre.com\/me\/index.php\/wp-json\/wp\/v2\/categories?post=14962"},{"taxonomy":"post_tag","embeddable":true,"href":"https:\/\/musique-equilibre.com\/me\/index.php\/wp-json\/wp\/v2\/tags?post=14962"}],"curies":[{"name":"wp","href":"https:\/\/api.w.org\/{rel}","templated":true}]}}