{"id":13893,"date":"2024-02-12T10:15:29","date_gmt":"2024-02-12T09:15:29","guid":{"rendered":"https:\/\/musique-equilibre.com\/me\/?p=13893"},"modified":"2024-02-20T13:56:37","modified_gmt":"2024-02-20T12:56:37","slug":"live-atelier-chant-chant-et-guitare","status":"publish","type":"post","link":"https:\/\/musique-equilibre.com\/me\/index.php\/2024\/02\/12\/live-atelier-chant-chant-et-guitare\/","title":{"rendered":"Live Atelier Chant + Chant et guitare"},"content":{"rendered":"\n<p class=\"has-white-color has-text-color has-small-font-size\">live atelier blues pop rock<\/p>\n\n\n\n<div class=\"wp-block-media-text alignwide is-stacked-on-mobile\" style=\"grid-template-columns:31% auto\"><figure class=\"wp-block-media-text__media\"><img fetchpriority=\"high\" decoding=\"async\" width=\"600\" height=\"600\" src=\"https:\/\/musique-equilibre.com\/me\/wp-content\/uploads\/2024\/02\/carre-live-atelier-mars-small.jpg\" alt=\"\" class=\"wp-image-13973 size-full\" srcset=\"https:\/\/musique-equilibre.com\/me\/wp-content\/uploads\/2024\/02\/carre-live-atelier-mars-small.jpg 600w, https:\/\/musique-equilibre.com\/me\/wp-content\/uploads\/2024\/02\/carre-live-atelier-mars-small-300x300.jpg 300w, https:\/\/musique-equilibre.com\/me\/wp-content\/uploads\/2024\/02\/carre-live-atelier-mars-small-150x150.jpg 150w, https:\/\/musique-equilibre.com\/me\/wp-content\/uploads\/2024\/02\/carre-live-atelier-mars-small-510x510.jpg 510w\" sizes=\"(max-width: 600px) 100vw, 600px\" \/><\/figure><div class=\"wp-block-media-text__content\">\n<h2><span style=\"font-family: coves-light;\">LIVE ATELIER &#8211; Chant + Chant et guitare<\/span><\/h2>\n\n\n\n<h3 style=\"text-align: left;\"><span style=\"font-family: coves-light; color: #d41919;\"><strong>MERCREDI 20 MARS &#8211; 20H30<\/strong><\/span><\/h3>\n\n\n\n<p><span style=\"font-family: coves-light;\">Nouveau mois, nouveau Live&nbsp;! Cette fois les \u00e9l\u00e8ves des ateliers chant de Franck Sall\u00e9 et chant et guitare d\u2019Agn\u00e8s Orsingher nous livreront quelques titres travaill\u00e9s ensemble ces derniers mois.<\/span><br><span style=\"font-family: coves-light;\">En guest, nous aurons les chanteurs et chanteuses de l\u2019association MDVA coach\u00e9s par Franck Sall\u00e9, notre professeur de chant&nbsp;!<\/span><\/p>\n<p><span style=\"font-family: coves-light;\">Gratuit<\/span><\/p>\n<\/div><\/div>\n\n\n<p style=\"text-align: center;\"><span style=\"font-family: coves-light;\"><a href=\"https:\/\/www.orleans-metropole.fr\/sport\/etablissements-et-lieux-de-pratique\/largonaute\" target=\"_blank\" rel=\"noopener\">Argonaute<\/a> &#8211; 73 boulevard Marie Stuart, Orl\u00e9ans<\/span><br><span style=\"font-family: coves-light;\">Tram (ligne B) : arr\u00eat Mozart ou Grand Villiers<\/span><br><span style=\"font-family: coves-light;\">Parking gratuit + arche \u00e0 v\u00e9lo \u00e0 proximit\u00e9<br><a href=\"https:\/\/musique-equilibre.com\/me\/index.php\/bar-associatif\/\" target=\"_blank\" rel=\"noopener\">Bar associatif<\/a> ouvert<\/span><\/p>\n\n\n<p class=\"has-white-color has-text-color has-small-font-size\">Live Atelier Chant + Chant et guitare<\/p>\n\n\n\n<p class=\"has-text-align-center\"><br><\/p>\n","protected":false},"excerpt":{"rendered":"<p>live atelier blues pop rock LIVE ATELIER &#8211; Chant + Chant et guitare MERCREDI 20 MARS &#8211; 20H30 Nouveau mois, nouveau Live&nbsp;! Cette fois les \u00e9l\u00e8ves des ateliers chant de Franck Sall\u00e9 et chant et guitare d\u2019Agn\u00e8s Orsingher nous livreront quelques titres travaill\u00e9s ensemble ces derniers mois.En guest, nous aurons les chanteurs et chanteuses de [&hellip;]<\/p>\n","protected":false},"author":1,"featured_media":13469,"comment_status":"closed","ping_status":"closed","sticky":false,"template":"","format":"standard","meta":{"footnotes":""},"categories":[9],"tags":[],"class_list":{"0":"post-13893","1":"post","2":"type-post","3":"status-publish","4":"format-standard","5":"has-post-thumbnail","7":"category-nos-evenements","8":"czr-hentry"},"yoast_head":"<!-- This site is optimized with the Yoast SEO plugin v26.8 - https:\/\/yoast.com\/product\/yoast-seo-wordpress\/ -->\n<title>Live Atelier Chant + Chant et guitare<\/title>\n<meta name=\"description\" content=\"Venez d\u00e9couvrir l&#039;atelier chant de Franck Sall\u00e9 et guitare et chant d&#039;Agn\u00e8s Orsingher \u00e0 l&#039;Argonaute \u00e0 partir de 20h30 !\" \/>\n<meta name=\"robots\" content=\"index, follow, max-snippet:-1, max-image-preview:large, max-video-preview:-1\" \/>\n<link rel=\"canonical\" href=\"https:\/\/musique-equilibre.com\/me\/index.php\/2024\/02\/12\/live-atelier-chant-chant-et-guitare\/\" \/>\n<meta property=\"og:locale\" content=\"fr_FR\" \/>\n<meta property=\"og:type\" content=\"article\" \/>\n<meta property=\"og:title\" content=\"Live Atelier Chant + Chant et guitare\" \/>\n<meta property=\"og:description\" content=\"Venez d\u00e9couvrir l&#039;atelier chant de Franck Sall\u00e9 et guitare et chant d&#039;Agn\u00e8s Orsingher \u00e0 l&#039;Argonaute \u00e0 partir de 20h30 !\" \/>\n<meta property=\"og:url\" content=\"https:\/\/musique-equilibre.com\/me\/index.php\/2024\/02\/12\/live-atelier-chant-chant-et-guitare\/\" \/>\n<meta property=\"og:site_name\" content=\"Musique et Equilibre\" \/>\n<meta property=\"article:publisher\" content=\"https:\/\/www.facebook.com\/MusiqueetEquilibre45\" \/>\n<meta property=\"article:published_time\" content=\"2024-02-12T09:15:29+00:00\" \/>\n<meta property=\"article:modified_time\" content=\"2024-02-20T12:56:37+00:00\" \/>\n<meta property=\"og:image\" content=\"https:\/\/musique-equilibre.com\/me\/wp-content\/uploads\/2023\/12\/carre-live-atelier-janvier-VF-small.png\" \/>\n\t<meta property=\"og:image:width\" content=\"600\" \/>\n\t<meta property=\"og:image:height\" content=\"600\" \/>\n\t<meta property=\"og:image:type\" content=\"image\/png\" \/>\n<meta name=\"author\" content=\"admin\" \/>\n<meta name=\"twitter:card\" content=\"summary_large_image\" \/>\n<meta name=\"twitter:creator\" content=\"@Musiquequilibre\" \/>\n<meta name=\"twitter:site\" content=\"@Musiquequilibre\" \/>\n<meta name=\"twitter:label1\" content=\"\u00c9crit par\" \/>\n\t<meta name=\"twitter:data1\" content=\"admin\" \/>\n\t<meta name=\"twitter:label2\" content=\"Dur\u00e9e de lecture estim\u00e9e\" \/>\n\t<meta name=\"twitter:data2\" content=\"1 minute\" \/>\n<script type=\"application\/ld+json\" class=\"yoast-schema-graph\">{\"@context\":\"https:\/\/schema.org\",\"@graph\":[{\"@type\":\"Article\",\"@id\":\"https:\/\/musique-equilibre.com\/me\/index.php\/2024\/02\/12\/live-atelier-chant-chant-et-guitare\/#article\",\"isPartOf\":{\"@id\":\"https:\/\/musique-equilibre.com\/me\/index.php\/2024\/02\/12\/live-atelier-chant-chant-et-guitare\/\"},\"author\":{\"name\":\"admin\",\"@id\":\"https:\/\/musique-equilibre.com\/me\/#\/schema\/person\/d43605ef0d5681c1b27a4ba1fede1cf4\"},\"headline\":\"Live Atelier Chant + Chant et guitare\",\"datePublished\":\"2024-02-12T09:15:29+00:00\",\"dateModified\":\"2024-02-20T12:56:37+00:00\",\"mainEntityOfPage\":{\"@id\":\"https:\/\/musique-equilibre.com\/me\/index.php\/2024\/02\/12\/live-atelier-chant-chant-et-guitare\/\"},\"wordCount\":110,\"publisher\":{\"@id\":\"https:\/\/musique-equilibre.com\/me\/#organization\"},\"image\":{\"@id\":\"https:\/\/musique-equilibre.com\/me\/index.php\/2024\/02\/12\/live-atelier-chant-chant-et-guitare\/#primaryimage\"},\"thumbnailUrl\":\"https:\/\/musique-equilibre.com\/me\/wp-content\/uploads\/2023\/12\/carre-live-atelier-janvier-VF-small.png\",\"articleSection\":[\"Nos \u00e9v\u00e8nements\"],\"inLanguage\":\"fr-FR\"},{\"@type\":\"WebPage\",\"@id\":\"https:\/\/musique-equilibre.com\/me\/index.php\/2024\/02\/12\/live-atelier-chant-chant-et-guitare\/\",\"url\":\"https:\/\/musique-equilibre.com\/me\/index.php\/2024\/02\/12\/live-atelier-chant-chant-et-guitare\/\",\"name\":\"Live Atelier Chant + Chant et guitare\",\"isPartOf\":{\"@id\":\"https:\/\/musique-equilibre.com\/me\/#website\"},\"primaryImageOfPage\":{\"@id\":\"https:\/\/musique-equilibre.com\/me\/index.php\/2024\/02\/12\/live-atelier-chant-chant-et-guitare\/#primaryimage\"},\"image\":{\"@id\":\"https:\/\/musique-equilibre.com\/me\/index.php\/2024\/02\/12\/live-atelier-chant-chant-et-guitare\/#primaryimage\"},\"thumbnailUrl\":\"https:\/\/musique-equilibre.com\/me\/wp-content\/uploads\/2023\/12\/carre-live-atelier-janvier-VF-small.png\",\"datePublished\":\"2024-02-12T09:15:29+00:00\",\"dateModified\":\"2024-02-20T12:56:37+00:00\",\"description\":\"Venez d\u00e9couvrir l'atelier chant de Franck Sall\u00e9 et guitare et chant d'Agn\u00e8s Orsingher \u00e0 l'Argonaute \u00e0 partir de 20h30 !\",\"breadcrumb\":{\"@id\":\"https:\/\/musique-equilibre.com\/me\/index.php\/2024\/02\/12\/live-atelier-chant-chant-et-guitare\/#breadcrumb\"},\"inLanguage\":\"fr-FR\",\"potentialAction\":[{\"@type\":\"ReadAction\",\"target\":[\"https:\/\/musique-equilibre.com\/me\/index.php\/2024\/02\/12\/live-atelier-chant-chant-et-guitare\/\"]}]},{\"@type\":\"ImageObject\",\"inLanguage\":\"fr-FR\",\"@id\":\"https:\/\/musique-equilibre.com\/me\/index.php\/2024\/02\/12\/live-atelier-chant-chant-et-guitare\/#primaryimage\",\"url\":\"https:\/\/musique-equilibre.com\/me\/wp-content\/uploads\/2023\/12\/carre-live-atelier-janvier-VF-small.png\",\"contentUrl\":\"https:\/\/musique-equilibre.com\/me\/wp-content\/uploads\/2023\/12\/carre-live-atelier-janvier-VF-small.png\",\"width\":600,\"height\":600,\"caption\":\"live musique concert argonaute loiret orl\u00e9ans sortir \u00e0 orl\u00e9ans \u00e9v\u00e8nement musique et \u00e9quilibre \u00e9cole de musique valentin mirault romain cl\u00e9ment julien robillard rock m\u00e9tal\"},{\"@type\":\"BreadcrumbList\",\"@id\":\"https:\/\/musique-equilibre.com\/me\/index.php\/2024\/02\/12\/live-atelier-chant-chant-et-guitare\/#breadcrumb\",\"itemListElement\":[{\"@type\":\"ListItem\",\"position\":1,\"name\":\"Accueil\",\"item\":\"https:\/\/musique-equilibre.com\/me\/\"},{\"@type\":\"ListItem\",\"position\":2,\"name\":\"Live Atelier Chant + Chant et guitare\"}]},{\"@type\":\"WebSite\",\"@id\":\"https:\/\/musique-equilibre.com\/me\/#website\",\"url\":\"https:\/\/musique-equilibre.com\/me\/\",\"name\":\"Musique et Equilibre\",\"description\":\"\",\"publisher\":{\"@id\":\"https:\/\/musique-equilibre.com\/me\/#organization\"},\"potentialAction\":[{\"@type\":\"SearchAction\",\"target\":{\"@type\":\"EntryPoint\",\"urlTemplate\":\"https:\/\/musique-equilibre.com\/me\/?s={search_term_string}\"},\"query-input\":{\"@type\":\"PropertyValueSpecification\",\"valueRequired\":true,\"valueName\":\"search_term_string\"}}],\"inLanguage\":\"fr-FR\"},{\"@type\":\"Organization\",\"@id\":\"https:\/\/musique-equilibre.com\/me\/#organization\",\"name\":\"Musique et Equilibre\",\"alternateName\":\"\u00c9cole de musique et salle de concert \u00e0 Orl\u00e9ans\",\"url\":\"https:\/\/musique-equilibre.com\/me\/\",\"logo\":{\"@type\":\"ImageObject\",\"inLanguage\":\"fr-FR\",\"@id\":\"https:\/\/musique-equilibre.com\/me\/#\/schema\/logo\/image\/\",\"url\":\"https:\/\/musique-equilibre.com\/me\/wp-content\/uploads\/2022\/11\/cropped-Logo_orange_texture-1.png\",\"contentUrl\":\"https:\/\/musique-equilibre.com\/me\/wp-content\/uploads\/2022\/11\/cropped-Logo_orange_texture-1.png\",\"width\":512,\"height\":512,\"caption\":\"Musique et Equilibre\"},\"image\":{\"@id\":\"https:\/\/musique-equilibre.com\/me\/#\/schema\/logo\/image\/\"},\"sameAs\":[\"https:\/\/www.facebook.com\/MusiqueetEquilibre45\",\"https:\/\/x.com\/Musiquequilibre\",\"https:\/\/www.instagram.com\/musique_et_equilibre_\/\",\"https:\/\/www.linkedin.com\/company\/musique-&amp;-equilibre\/\",\"https:\/\/www.youtube.com\/c\/MusiqueEquilibreOrleans\/\"]},{\"@type\":\"Person\",\"@id\":\"https:\/\/musique-equilibre.com\/me\/#\/schema\/person\/d43605ef0d5681c1b27a4ba1fede1cf4\",\"name\":\"admin\",\"image\":{\"@type\":\"ImageObject\",\"inLanguage\":\"fr-FR\",\"@id\":\"https:\/\/musique-equilibre.com\/me\/#\/schema\/person\/image\/\",\"url\":\"https:\/\/secure.gravatar.com\/avatar\/4cf7b4111456799aef2a50176cfabd70e4afde55908c0caa0617fa42d2f71d9f?s=96&d=mm&r=g\",\"contentUrl\":\"https:\/\/secure.gravatar.com\/avatar\/4cf7b4111456799aef2a50176cfabd70e4afde55908c0caa0617fa42d2f71d9f?s=96&d=mm&r=g\",\"caption\":\"admin\"},\"url\":\"https:\/\/musique-equilibre.com\/me\/index.php\/author\/admin\/\"}]}<\/script>\n<!-- \/ Yoast SEO plugin. -->","yoast_head_json":{"title":"Live Atelier Chant + Chant et guitare","description":"Venez d\u00e9couvrir l'atelier chant de Franck Sall\u00e9 et guitare et chant d'Agn\u00e8s Orsingher \u00e0 l'Argonaute \u00e0 partir de 20h30 !","robots":{"index":"index","follow":"follow","max-snippet":"max-snippet:-1","max-image-preview":"max-image-preview:large","max-video-preview":"max-video-preview:-1"},"canonical":"https:\/\/musique-equilibre.com\/me\/index.php\/2024\/02\/12\/live-atelier-chant-chant-et-guitare\/","og_locale":"fr_FR","og_type":"article","og_title":"Live Atelier Chant + Chant et guitare","og_description":"Venez d\u00e9couvrir l'atelier chant de Franck Sall\u00e9 et guitare et chant d'Agn\u00e8s Orsingher \u00e0 l'Argonaute \u00e0 partir de 20h30 !","og_url":"https:\/\/musique-equilibre.com\/me\/index.php\/2024\/02\/12\/live-atelier-chant-chant-et-guitare\/","og_site_name":"Musique et Equilibre","article_publisher":"https:\/\/www.facebook.com\/MusiqueetEquilibre45","article_published_time":"2024-02-12T09:15:29+00:00","article_modified_time":"2024-02-20T12:56:37+00:00","og_image":[{"width":600,"height":600,"url":"https:\/\/musique-equilibre.com\/me\/wp-content\/uploads\/2023\/12\/carre-live-atelier-janvier-VF-small.png","type":"image\/png"}],"author":"admin","twitter_card":"summary_large_image","twitter_creator":"@Musiquequilibre","twitter_site":"@Musiquequilibre","twitter_misc":{"\u00c9crit par":"admin","Dur\u00e9e de lecture estim\u00e9e":"1 minute"},"schema":{"@context":"https:\/\/schema.org","@graph":[{"@type":"Article","@id":"https:\/\/musique-equilibre.com\/me\/index.php\/2024\/02\/12\/live-atelier-chant-chant-et-guitare\/#article","isPartOf":{"@id":"https:\/\/musique-equilibre.com\/me\/index.php\/2024\/02\/12\/live-atelier-chant-chant-et-guitare\/"},"author":{"name":"admin","@id":"https:\/\/musique-equilibre.com\/me\/#\/schema\/person\/d43605ef0d5681c1b27a4ba1fede1cf4"},"headline":"Live Atelier Chant + Chant et guitare","datePublished":"2024-02-12T09:15:29+00:00","dateModified":"2024-02-20T12:56:37+00:00","mainEntityOfPage":{"@id":"https:\/\/musique-equilibre.com\/me\/index.php\/2024\/02\/12\/live-atelier-chant-chant-et-guitare\/"},"wordCount":110,"publisher":{"@id":"https:\/\/musique-equilibre.com\/me\/#organization"},"image":{"@id":"https:\/\/musique-equilibre.com\/me\/index.php\/2024\/02\/12\/live-atelier-chant-chant-et-guitare\/#primaryimage"},"thumbnailUrl":"https:\/\/musique-equilibre.com\/me\/wp-content\/uploads\/2023\/12\/carre-live-atelier-janvier-VF-small.png","articleSection":["Nos \u00e9v\u00e8nements"],"inLanguage":"fr-FR"},{"@type":"WebPage","@id":"https:\/\/musique-equilibre.com\/me\/index.php\/2024\/02\/12\/live-atelier-chant-chant-et-guitare\/","url":"https:\/\/musique-equilibre.com\/me\/index.php\/2024\/02\/12\/live-atelier-chant-chant-et-guitare\/","name":"Live Atelier Chant + Chant et guitare","isPartOf":{"@id":"https:\/\/musique-equilibre.com\/me\/#website"},"primaryImageOfPage":{"@id":"https:\/\/musique-equilibre.com\/me\/index.php\/2024\/02\/12\/live-atelier-chant-chant-et-guitare\/#primaryimage"},"image":{"@id":"https:\/\/musique-equilibre.com\/me\/index.php\/2024\/02\/12\/live-atelier-chant-chant-et-guitare\/#primaryimage"},"thumbnailUrl":"https:\/\/musique-equilibre.com\/me\/wp-content\/uploads\/2023\/12\/carre-live-atelier-janvier-VF-small.png","datePublished":"2024-02-12T09:15:29+00:00","dateModified":"2024-02-20T12:56:37+00:00","description":"Venez d\u00e9couvrir l'atelier chant de Franck Sall\u00e9 et guitare et chant d'Agn\u00e8s Orsingher \u00e0 l'Argonaute \u00e0 partir de 20h30 !","breadcrumb":{"@id":"https:\/\/musique-equilibre.com\/me\/index.php\/2024\/02\/12\/live-atelier-chant-chant-et-guitare\/#breadcrumb"},"inLanguage":"fr-FR","potentialAction":[{"@type":"ReadAction","target":["https:\/\/musique-equilibre.com\/me\/index.php\/2024\/02\/12\/live-atelier-chant-chant-et-guitare\/"]}]},{"@type":"ImageObject","inLanguage":"fr-FR","@id":"https:\/\/musique-equilibre.com\/me\/index.php\/2024\/02\/12\/live-atelier-chant-chant-et-guitare\/#primaryimage","url":"https:\/\/musique-equilibre.com\/me\/wp-content\/uploads\/2023\/12\/carre-live-atelier-janvier-VF-small.png","contentUrl":"https:\/\/musique-equilibre.com\/me\/wp-content\/uploads\/2023\/12\/carre-live-atelier-janvier-VF-small.png","width":600,"height":600,"caption":"live musique concert argonaute loiret orl\u00e9ans sortir \u00e0 orl\u00e9ans \u00e9v\u00e8nement musique et \u00e9quilibre \u00e9cole de musique valentin mirault romain cl\u00e9ment julien robillard rock m\u00e9tal"},{"@type":"BreadcrumbList","@id":"https:\/\/musique-equilibre.com\/me\/index.php\/2024\/02\/12\/live-atelier-chant-chant-et-guitare\/#breadcrumb","itemListElement":[{"@type":"ListItem","position":1,"name":"Accueil","item":"https:\/\/musique-equilibre.com\/me\/"},{"@type":"ListItem","position":2,"name":"Live Atelier Chant + Chant et guitare"}]},{"@type":"WebSite","@id":"https:\/\/musique-equilibre.com\/me\/#website","url":"https:\/\/musique-equilibre.com\/me\/","name":"Musique et Equilibre","description":"","publisher":{"@id":"https:\/\/musique-equilibre.com\/me\/#organization"},"potentialAction":[{"@type":"SearchAction","target":{"@type":"EntryPoint","urlTemplate":"https:\/\/musique-equilibre.com\/me\/?s={search_term_string}"},"query-input":{"@type":"PropertyValueSpecification","valueRequired":true,"valueName":"search_term_string"}}],"inLanguage":"fr-FR"},{"@type":"Organization","@id":"https:\/\/musique-equilibre.com\/me\/#organization","name":"Musique et Equilibre","alternateName":"\u00c9cole de musique et salle de concert \u00e0 Orl\u00e9ans","url":"https:\/\/musique-equilibre.com\/me\/","logo":{"@type":"ImageObject","inLanguage":"fr-FR","@id":"https:\/\/musique-equilibre.com\/me\/#\/schema\/logo\/image\/","url":"https:\/\/musique-equilibre.com\/me\/wp-content\/uploads\/2022\/11\/cropped-Logo_orange_texture-1.png","contentUrl":"https:\/\/musique-equilibre.com\/me\/wp-content\/uploads\/2022\/11\/cropped-Logo_orange_texture-1.png","width":512,"height":512,"caption":"Musique et Equilibre"},"image":{"@id":"https:\/\/musique-equilibre.com\/me\/#\/schema\/logo\/image\/"},"sameAs":["https:\/\/www.facebook.com\/MusiqueetEquilibre45","https:\/\/x.com\/Musiquequilibre","https:\/\/www.instagram.com\/musique_et_equilibre_\/","https:\/\/www.linkedin.com\/company\/musique-&amp;-equilibre\/","https:\/\/www.youtube.com\/c\/MusiqueEquilibreOrleans\/"]},{"@type":"Person","@id":"https:\/\/musique-equilibre.com\/me\/#\/schema\/person\/d43605ef0d5681c1b27a4ba1fede1cf4","name":"admin","image":{"@type":"ImageObject","inLanguage":"fr-FR","@id":"https:\/\/musique-equilibre.com\/me\/#\/schema\/person\/image\/","url":"https:\/\/secure.gravatar.com\/avatar\/4cf7b4111456799aef2a50176cfabd70e4afde55908c0caa0617fa42d2f71d9f?s=96&d=mm&r=g","contentUrl":"https:\/\/secure.gravatar.com\/avatar\/4cf7b4111456799aef2a50176cfabd70e4afde55908c0caa0617fa42d2f71d9f?s=96&d=mm&r=g","caption":"admin"},"url":"https:\/\/musique-equilibre.com\/me\/index.php\/author\/admin\/"}]}},"_links":{"self":[{"href":"https:\/\/musique-equilibre.com\/me\/index.php\/wp-json\/wp\/v2\/posts\/13893","targetHints":{"allow":["GET"]}}],"collection":[{"href":"https:\/\/musique-equilibre.com\/me\/index.php\/wp-json\/wp\/v2\/posts"}],"about":[{"href":"https:\/\/musique-equilibre.com\/me\/index.php\/wp-json\/wp\/v2\/types\/post"}],"author":[{"embeddable":true,"href":"https:\/\/musique-equilibre.com\/me\/index.php\/wp-json\/wp\/v2\/users\/1"}],"replies":[{"embeddable":true,"href":"https:\/\/musique-equilibre.com\/me\/index.php\/wp-json\/wp\/v2\/comments?post=13893"}],"version-history":[{"count":5,"href":"https:\/\/musique-equilibre.com\/me\/index.php\/wp-json\/wp\/v2\/posts\/13893\/revisions"}],"predecessor-version":[{"id":13978,"href":"https:\/\/musique-equilibre.com\/me\/index.php\/wp-json\/wp\/v2\/posts\/13893\/revisions\/13978"}],"wp:featuredmedia":[{"embeddable":true,"href":"https:\/\/musique-equilibre.com\/me\/index.php\/wp-json\/wp\/v2\/media\/13469"}],"wp:attachment":[{"href":"https:\/\/musique-equilibre.com\/me\/index.php\/wp-json\/wp\/v2\/media?parent=13893"}],"wp:term":[{"taxonomy":"category","embeddable":true,"href":"https:\/\/musique-equilibre.com\/me\/index.php\/wp-json\/wp\/v2\/categories?post=13893"},{"taxonomy":"post_tag","embeddable":true,"href":"https:\/\/musique-equilibre.com\/me\/index.php\/wp-json\/wp\/v2\/tags?post=13893"}],"curies":[{"name":"wp","href":"https:\/\/api.w.org\/{rel}","templated":true}]}}