{"id":13333,"date":"2023-12-06T16:39:30","date_gmt":"2023-12-06T15:39:30","guid":{"rendered":"https:\/\/musique-equilibre.com\/me\/?p=13333"},"modified":"2024-02-13T16:18:08","modified_gmt":"2024-02-13T15:18:08","slug":"stage-mixage","status":"publish","type":"post","link":"https:\/\/musique-equilibre.com\/me\/index.php\/2023\/12\/06\/stage-mixage\/","title":{"rendered":"Stage Mixage"},"content":{"rendered":"<div class=\"wp-block-image\">\n<figure class=\"aligncenter size-large is-resized\"><img fetchpriority=\"high\" decoding=\"async\" src=\"https:\/\/musique-equilibre.com\/me\/wp-content\/uploads\/2023\/12\/Bandeau-1024x536.png\" alt=\"stage mixage romain cl\u00e9ment 108 orl\u00e9ans loiret production maquette album in the box mixbus\" class=\"wp-image-13335\" width=\"768\" height=\"402\"\/><\/figure><\/div>\n\n\n<p class=\"has-white-color has-text-color\">stage mixage<\/p>\n\n\n<h2 style=\"text-align: center;\"><strong><span style=\"font-family: coves-light;\">STAGE MIXAGE<\/span><\/strong><\/h2>\n<h3><span style=\"font-family: coves-light;\"><span style=\"color: #e25417;\">Pour qui ?<\/span><br \/><\/span><\/h3>\n<p><span style=\"font-family: coves-light;\">Ouvert \u00e0 tous-tes, d\u00e9butant-es, initi\u00e9-es ou confirm\u00e9-es, ce stage est con\u00e7u pour r\u00e9pondre \u00e0 la diversit\u00e9 des niveaux et des attentes.<br \/>\u00c0\u00a0partir de 14ans.<\/span><\/p>\n<h3><span style=\"font-family: coves-light;\"><span style=\"color: #e25417;\">Quand ?<\/span><br \/><\/span><\/h3>\n<p><span style=\"font-family: coves-light;\">Du 26 au 29 f\u00e9vrier RESTE 2 PLACES<br \/>ou<br \/><del>du 4 au 7 mars<\/del> COMPLET<br \/>10h-12h \/ 13h-17h<br \/><\/span><\/p>\n<p><span style=\"font-family: coves-light;\">4 personnes maximum par stage<\/span><\/p>\n<h3><span style=\"font-family: coves-light; color: #e25417;\">O\u00f9 ?<\/span><\/h3>\n<p><span style=\"font-family: coves-light;\">Au <a href=\"https:\/\/le108.org\/\" target=\"_blank\" rel=\"noopener\">108<\/a><br \/>108 rue de Bourgogne, Orl\u00e9ans<\/span><\/p>\n<h3><span style=\"font-family: coves-light; color: #e25417;\">Contenu<\/span><\/h3>\n<p><span style=\"font-family: coves-light;\">Stage dispens\u00e9 par <a href=\"https:\/\/musique-equilibre.com\/me\/index.php\/2019\/11\/06\/bio-romain-clement\/\" target=\"_blank\" rel=\"noopener\">Romain Cl\u00e9ment<\/a> (Mojosound Studio, r\u00e9gisseur et prof de guitare chez Musique et \u00c9quilibre, guitariste et compositeur au sein d&rsquo;Orpheum Black).<br \/>De la simple maquette \u00e0 la production de son album, le travail de mixage peut s&rsquo;apparenter \u00e0 un long parcours du combattant. <\/span><span style=\"font-family: coves-light;\">Ensemble, travaillons autour des outils permettant de fa\u00e7onner l&rsquo;image sonore d&rsquo;un morceau. <\/span><span style=\"font-family: coves-light;\">Nous mixerons \u00ab\u00a0in the box\u00a0\u00bb un titre de A \u00e0 Z et \u00e9changerons autour de diff\u00e9rents th\u00e8mes:<\/span><\/p>\n<ul>\n<li><span style=\"font-family: coves-light;\">Organiser sa session<\/span><\/li>\n<li><span style=\"font-family: coves-light;\">L&rsquo;importance d&rsquo;une bonne balance : Gestion des niveaux, la panoramique<\/span><\/li>\n<li><span style=\"font-family: coves-light;\">Qu&rsquo;est ce qu&rsquo;un EQ et comment l&rsquo;utiliser<\/span><\/li>\n<li><span style=\"font-family: coves-light;\">Modeler, contr\u00f4ler et donner plus d&rsquo;impact gr\u00e2ce \u00e0 la compression<\/span><\/li>\n<li><span style=\"font-family: coves-light;\">D\u00e9finir un espace sonore gr\u00e2ce \u00e0 la Reverb et au Delay .<\/span><\/li>\n<li><span style=\"font-family: coves-light;\">\u00c9paissir et colorer gr\u00e2ce \u00e0 la Saturation<\/span><\/li>\n<li><span style=\"font-family: coves-light;\">Le mixbus ou \u00ab\u00a0Arme Secr\u00e8te\u00a0\u00bb du mixeur <\/span><\/li>\n<\/ul>\n<h3><span style=\"font-family: coves-light; color: #e25417;\">Tarifs<\/span><\/h3>\n<p><span style=\"font-family: coves-light;\">75\u20ac pour les adh\u00e9rent-es de Musique et \u00c9quilibre (\u00e9l\u00e8ves inscrit-es en cours individuel annuel sur l&rsquo;ann\u00e9e 23-24)<br \/>195\u20ac pour les adh\u00e9rent-es de Musique et \u00c9quilibre (\u00e9l\u00e8ves inscrit-es en atelier, cours individuel mensuel sur l&rsquo;ann\u00e9e 23-24)<\/span><br \/><span style=\"font-family: coves-light;\">200\u20ac pour les ext\u00e9rieur-es<br \/>Pas de remboursement possible sauf cas de force majeur (en cas de maladie = arr\u00eat m\u00e9dical).<\/span><\/p>\n<h2 style=\"text-align: center;\"><span style=\"font-family: coves-light; color: #e25417;\">Inscription<\/span><\/h2>\n<p style=\"text-align: left;\"><span style=\"font-family: coves-light;\">Remplir la fiche <a href=\"https:\/\/framaforms.org\/stage-mixage-1701875913\" target=\"_blank\" rel=\"noopener\">d&rsquo;inscription en ligne.<\/a><\/span><br \/><span style=\"font-family: coves-light;\">et r\u00e8glement en <\/span><span style=\"font-family: coves-light;\">ligne (via <a href=\"https:\/\/www.helloasso.com\/associations\/musique-et-equilibre-orleans\/evenements\/stage-mixage\" target=\"_blank\" rel=\"noopener\">Helloasso)<\/a>, en ch\u00e8que, esp\u00e8ces ou virement (le r\u00e8glement doit \u00eatre fournit avant le d\u00e9but du stage) \u00e0 d\u00e9poser\/envoyer \u00e0 l&rsquo;accueil de Musique et \u00c9quilibre au 108 rue de Bourgogne.<\/span><\/p>","protected":false},"excerpt":{"rendered":"<p>stage mixage STAGE MIXAGE Pour qui ? Ouvert \u00e0 tous-tes, d\u00e9butant-es, initi\u00e9-es ou confirm\u00e9-es, ce stage est con\u00e7u pour r\u00e9pondre \u00e0 la diversit\u00e9 des niveaux et des attentes.\u00c0\u00a0partir de 14ans. Quand ? Du 26 au 29 f\u00e9vrier RESTE 2 PLACESoudu 4 au 7 mars COMPLET10h-12h \/ 13h-17h 4 personnes maximum par stage O\u00f9 ? Au [&hellip;]<\/p>\n","protected":false},"author":1,"featured_media":0,"comment_status":"closed","ping_status":"closed","sticky":false,"template":"","format":"standard","meta":{"footnotes":""},"categories":[9],"tags":[],"class_list":{"0":"post-13333","1":"post","2":"type-post","3":"status-publish","4":"format-standard","6":"category-nos-evenements","7":"czr-hentry"},"yoast_head":"<!-- This site is optimized with the Yoast SEO plugin v26.8 - https:\/\/yoast.com\/product\/yoast-seo-wordpress\/ -->\n<title>Stage Mixage - Musique et Equilibre<\/title>\n<meta name=\"description\" content=\"Avec ce stage dispens\u00e9 par Romain Cl\u00e9ment, le mixage n&#039;aura plus de secret pour vous ! Le stage aura lieu \u00e0 108, Orl\u00e9ans.\" \/>\n<meta name=\"robots\" content=\"index, follow, max-snippet:-1, max-image-preview:large, max-video-preview:-1\" \/>\n<link rel=\"canonical\" href=\"https:\/\/musique-equilibre.com\/me\/index.php\/2023\/12\/06\/stage-mixage\/\" \/>\n<meta property=\"og:locale\" content=\"fr_FR\" \/>\n<meta property=\"og:type\" content=\"article\" \/>\n<meta property=\"og:title\" content=\"Stage Mixage - Musique et Equilibre\" \/>\n<meta property=\"og:description\" content=\"Avec ce stage dispens\u00e9 par Romain Cl\u00e9ment, le mixage n&#039;aura plus de secret pour vous ! Le stage aura lieu \u00e0 108, Orl\u00e9ans.\" \/>\n<meta property=\"og:url\" content=\"https:\/\/musique-equilibre.com\/me\/index.php\/2023\/12\/06\/stage-mixage\/\" \/>\n<meta property=\"og:site_name\" content=\"Musique et Equilibre\" \/>\n<meta property=\"article:publisher\" content=\"https:\/\/www.facebook.com\/MusiqueetEquilibre45\" \/>\n<meta property=\"article:published_time\" content=\"2023-12-06T15:39:30+00:00\" \/>\n<meta property=\"article:modified_time\" content=\"2024-02-13T15:18:08+00:00\" \/>\n<meta property=\"og:image\" content=\"https:\/\/musique-equilibre.com\/me\/wp-content\/uploads\/2023\/12\/Bandeau.png\" \/>\n\t<meta property=\"og:image:width\" content=\"1200\" \/>\n\t<meta property=\"og:image:height\" content=\"628\" \/>\n\t<meta property=\"og:image:type\" content=\"image\/png\" \/>\n<meta name=\"author\" content=\"admin\" \/>\n<meta name=\"twitter:card\" content=\"summary_large_image\" \/>\n<meta name=\"twitter:creator\" content=\"@Musiquequilibre\" \/>\n<meta name=\"twitter:site\" content=\"@Musiquequilibre\" \/>\n<meta name=\"twitter:label1\" content=\"\u00c9crit par\" \/>\n\t<meta name=\"twitter:data1\" content=\"admin\" \/>\n\t<meta name=\"twitter:label2\" content=\"Dur\u00e9e de lecture estim\u00e9e\" \/>\n\t<meta name=\"twitter:data2\" content=\"2 minutes\" \/>\n<script type=\"application\/ld+json\" class=\"yoast-schema-graph\">{\"@context\":\"https:\/\/schema.org\",\"@graph\":[{\"@type\":\"Article\",\"@id\":\"https:\/\/musique-equilibre.com\/me\/index.php\/2023\/12\/06\/stage-mixage\/#article\",\"isPartOf\":{\"@id\":\"https:\/\/musique-equilibre.com\/me\/index.php\/2023\/12\/06\/stage-mixage\/\"},\"author\":{\"name\":\"admin\",\"@id\":\"https:\/\/musique-equilibre.com\/me\/#\/schema\/person\/d43605ef0d5681c1b27a4ba1fede1cf4\"},\"headline\":\"Stage Mixage\",\"datePublished\":\"2023-12-06T15:39:30+00:00\",\"dateModified\":\"2024-02-13T15:18:08+00:00\",\"mainEntityOfPage\":{\"@id\":\"https:\/\/musique-equilibre.com\/me\/index.php\/2023\/12\/06\/stage-mixage\/\"},\"wordCount\":314,\"publisher\":{\"@id\":\"https:\/\/musique-equilibre.com\/me\/#organization\"},\"image\":{\"@id\":\"https:\/\/musique-equilibre.com\/me\/index.php\/2023\/12\/06\/stage-mixage\/#primaryimage\"},\"thumbnailUrl\":\"https:\/\/musique-equilibre.com\/me\/wp-content\/uploads\/2023\/12\/Bandeau-1024x536.png\",\"articleSection\":[\"Nos \u00e9v\u00e8nements\"],\"inLanguage\":\"fr-FR\"},{\"@type\":\"WebPage\",\"@id\":\"https:\/\/musique-equilibre.com\/me\/index.php\/2023\/12\/06\/stage-mixage\/\",\"url\":\"https:\/\/musique-equilibre.com\/me\/index.php\/2023\/12\/06\/stage-mixage\/\",\"name\":\"Stage Mixage - Musique et Equilibre\",\"isPartOf\":{\"@id\":\"https:\/\/musique-equilibre.com\/me\/#website\"},\"primaryImageOfPage\":{\"@id\":\"https:\/\/musique-equilibre.com\/me\/index.php\/2023\/12\/06\/stage-mixage\/#primaryimage\"},\"image\":{\"@id\":\"https:\/\/musique-equilibre.com\/me\/index.php\/2023\/12\/06\/stage-mixage\/#primaryimage\"},\"thumbnailUrl\":\"https:\/\/musique-equilibre.com\/me\/wp-content\/uploads\/2023\/12\/Bandeau-1024x536.png\",\"datePublished\":\"2023-12-06T15:39:30+00:00\",\"dateModified\":\"2024-02-13T15:18:08+00:00\",\"description\":\"Avec ce stage dispens\u00e9 par Romain Cl\u00e9ment, le mixage n'aura plus de secret pour vous ! Le stage aura lieu \u00e0 108, Orl\u00e9ans.\",\"breadcrumb\":{\"@id\":\"https:\/\/musique-equilibre.com\/me\/index.php\/2023\/12\/06\/stage-mixage\/#breadcrumb\"},\"inLanguage\":\"fr-FR\",\"potentialAction\":[{\"@type\":\"ReadAction\",\"target\":[\"https:\/\/musique-equilibre.com\/me\/index.php\/2023\/12\/06\/stage-mixage\/\"]}]},{\"@type\":\"ImageObject\",\"inLanguage\":\"fr-FR\",\"@id\":\"https:\/\/musique-equilibre.com\/me\/index.php\/2023\/12\/06\/stage-mixage\/#primaryimage\",\"url\":\"\",\"contentUrl\":\"\"},{\"@type\":\"BreadcrumbList\",\"@id\":\"https:\/\/musique-equilibre.com\/me\/index.php\/2023\/12\/06\/stage-mixage\/#breadcrumb\",\"itemListElement\":[{\"@type\":\"ListItem\",\"position\":1,\"name\":\"Accueil\",\"item\":\"https:\/\/musique-equilibre.com\/me\/\"},{\"@type\":\"ListItem\",\"position\":2,\"name\":\"Stage Mixage\"}]},{\"@type\":\"WebSite\",\"@id\":\"https:\/\/musique-equilibre.com\/me\/#website\",\"url\":\"https:\/\/musique-equilibre.com\/me\/\",\"name\":\"Musique et Equilibre\",\"description\":\"\",\"publisher\":{\"@id\":\"https:\/\/musique-equilibre.com\/me\/#organization\"},\"potentialAction\":[{\"@type\":\"SearchAction\",\"target\":{\"@type\":\"EntryPoint\",\"urlTemplate\":\"https:\/\/musique-equilibre.com\/me\/?s={search_term_string}\"},\"query-input\":{\"@type\":\"PropertyValueSpecification\",\"valueRequired\":true,\"valueName\":\"search_term_string\"}}],\"inLanguage\":\"fr-FR\"},{\"@type\":\"Organization\",\"@id\":\"https:\/\/musique-equilibre.com\/me\/#organization\",\"name\":\"Musique et Equilibre\",\"alternateName\":\"\u00c9cole de musique et salle de concert \u00e0 Orl\u00e9ans\",\"url\":\"https:\/\/musique-equilibre.com\/me\/\",\"logo\":{\"@type\":\"ImageObject\",\"inLanguage\":\"fr-FR\",\"@id\":\"https:\/\/musique-equilibre.com\/me\/#\/schema\/logo\/image\/\",\"url\":\"https:\/\/musique-equilibre.com\/me\/wp-content\/uploads\/2022\/11\/cropped-Logo_orange_texture-1.png\",\"contentUrl\":\"https:\/\/musique-equilibre.com\/me\/wp-content\/uploads\/2022\/11\/cropped-Logo_orange_texture-1.png\",\"width\":512,\"height\":512,\"caption\":\"Musique et Equilibre\"},\"image\":{\"@id\":\"https:\/\/musique-equilibre.com\/me\/#\/schema\/logo\/image\/\"},\"sameAs\":[\"https:\/\/www.facebook.com\/MusiqueetEquilibre45\",\"https:\/\/x.com\/Musiquequilibre\",\"https:\/\/www.instagram.com\/musique_et_equilibre_\/\",\"https:\/\/www.linkedin.com\/company\/musique-&amp;-equilibre\/\",\"https:\/\/www.youtube.com\/c\/MusiqueEquilibreOrleans\/\"]},{\"@type\":\"Person\",\"@id\":\"https:\/\/musique-equilibre.com\/me\/#\/schema\/person\/d43605ef0d5681c1b27a4ba1fede1cf4\",\"name\":\"admin\",\"image\":{\"@type\":\"ImageObject\",\"inLanguage\":\"fr-FR\",\"@id\":\"https:\/\/musique-equilibre.com\/me\/#\/schema\/person\/image\/\",\"url\":\"https:\/\/secure.gravatar.com\/avatar\/4cf7b4111456799aef2a50176cfabd70e4afde55908c0caa0617fa42d2f71d9f?s=96&d=mm&r=g\",\"contentUrl\":\"https:\/\/secure.gravatar.com\/avatar\/4cf7b4111456799aef2a50176cfabd70e4afde55908c0caa0617fa42d2f71d9f?s=96&d=mm&r=g\",\"caption\":\"admin\"},\"url\":\"https:\/\/musique-equilibre.com\/me\/index.php\/author\/admin\/\"}]}<\/script>\n<!-- \/ Yoast SEO plugin. -->","yoast_head_json":{"title":"Stage Mixage - Musique et Equilibre","description":"Avec ce stage dispens\u00e9 par Romain Cl\u00e9ment, le mixage n'aura plus de secret pour vous ! Le stage aura lieu \u00e0 108, Orl\u00e9ans.","robots":{"index":"index","follow":"follow","max-snippet":"max-snippet:-1","max-image-preview":"max-image-preview:large","max-video-preview":"max-video-preview:-1"},"canonical":"https:\/\/musique-equilibre.com\/me\/index.php\/2023\/12\/06\/stage-mixage\/","og_locale":"fr_FR","og_type":"article","og_title":"Stage Mixage - Musique et Equilibre","og_description":"Avec ce stage dispens\u00e9 par Romain Cl\u00e9ment, le mixage n'aura plus de secret pour vous ! Le stage aura lieu \u00e0 108, Orl\u00e9ans.","og_url":"https:\/\/musique-equilibre.com\/me\/index.php\/2023\/12\/06\/stage-mixage\/","og_site_name":"Musique et Equilibre","article_publisher":"https:\/\/www.facebook.com\/MusiqueetEquilibre45","article_published_time":"2023-12-06T15:39:30+00:00","article_modified_time":"2024-02-13T15:18:08+00:00","og_image":[{"width":1200,"height":628,"url":"https:\/\/musique-equilibre.com\/me\/wp-content\/uploads\/2023\/12\/Bandeau.png","type":"image\/png"}],"author":"admin","twitter_card":"summary_large_image","twitter_creator":"@Musiquequilibre","twitter_site":"@Musiquequilibre","twitter_misc":{"\u00c9crit par":"admin","Dur\u00e9e de lecture estim\u00e9e":"2 minutes"},"schema":{"@context":"https:\/\/schema.org","@graph":[{"@type":"Article","@id":"https:\/\/musique-equilibre.com\/me\/index.php\/2023\/12\/06\/stage-mixage\/#article","isPartOf":{"@id":"https:\/\/musique-equilibre.com\/me\/index.php\/2023\/12\/06\/stage-mixage\/"},"author":{"name":"admin","@id":"https:\/\/musique-equilibre.com\/me\/#\/schema\/person\/d43605ef0d5681c1b27a4ba1fede1cf4"},"headline":"Stage Mixage","datePublished":"2023-12-06T15:39:30+00:00","dateModified":"2024-02-13T15:18:08+00:00","mainEntityOfPage":{"@id":"https:\/\/musique-equilibre.com\/me\/index.php\/2023\/12\/06\/stage-mixage\/"},"wordCount":314,"publisher":{"@id":"https:\/\/musique-equilibre.com\/me\/#organization"},"image":{"@id":"https:\/\/musique-equilibre.com\/me\/index.php\/2023\/12\/06\/stage-mixage\/#primaryimage"},"thumbnailUrl":"https:\/\/musique-equilibre.com\/me\/wp-content\/uploads\/2023\/12\/Bandeau-1024x536.png","articleSection":["Nos \u00e9v\u00e8nements"],"inLanguage":"fr-FR"},{"@type":"WebPage","@id":"https:\/\/musique-equilibre.com\/me\/index.php\/2023\/12\/06\/stage-mixage\/","url":"https:\/\/musique-equilibre.com\/me\/index.php\/2023\/12\/06\/stage-mixage\/","name":"Stage Mixage - Musique et Equilibre","isPartOf":{"@id":"https:\/\/musique-equilibre.com\/me\/#website"},"primaryImageOfPage":{"@id":"https:\/\/musique-equilibre.com\/me\/index.php\/2023\/12\/06\/stage-mixage\/#primaryimage"},"image":{"@id":"https:\/\/musique-equilibre.com\/me\/index.php\/2023\/12\/06\/stage-mixage\/#primaryimage"},"thumbnailUrl":"https:\/\/musique-equilibre.com\/me\/wp-content\/uploads\/2023\/12\/Bandeau-1024x536.png","datePublished":"2023-12-06T15:39:30+00:00","dateModified":"2024-02-13T15:18:08+00:00","description":"Avec ce stage dispens\u00e9 par Romain Cl\u00e9ment, le mixage n'aura plus de secret pour vous ! Le stage aura lieu \u00e0 108, Orl\u00e9ans.","breadcrumb":{"@id":"https:\/\/musique-equilibre.com\/me\/index.php\/2023\/12\/06\/stage-mixage\/#breadcrumb"},"inLanguage":"fr-FR","potentialAction":[{"@type":"ReadAction","target":["https:\/\/musique-equilibre.com\/me\/index.php\/2023\/12\/06\/stage-mixage\/"]}]},{"@type":"ImageObject","inLanguage":"fr-FR","@id":"https:\/\/musique-equilibre.com\/me\/index.php\/2023\/12\/06\/stage-mixage\/#primaryimage","url":"","contentUrl":""},{"@type":"BreadcrumbList","@id":"https:\/\/musique-equilibre.com\/me\/index.php\/2023\/12\/06\/stage-mixage\/#breadcrumb","itemListElement":[{"@type":"ListItem","position":1,"name":"Accueil","item":"https:\/\/musique-equilibre.com\/me\/"},{"@type":"ListItem","position":2,"name":"Stage Mixage"}]},{"@type":"WebSite","@id":"https:\/\/musique-equilibre.com\/me\/#website","url":"https:\/\/musique-equilibre.com\/me\/","name":"Musique et Equilibre","description":"","publisher":{"@id":"https:\/\/musique-equilibre.com\/me\/#organization"},"potentialAction":[{"@type":"SearchAction","target":{"@type":"EntryPoint","urlTemplate":"https:\/\/musique-equilibre.com\/me\/?s={search_term_string}"},"query-input":{"@type":"PropertyValueSpecification","valueRequired":true,"valueName":"search_term_string"}}],"inLanguage":"fr-FR"},{"@type":"Organization","@id":"https:\/\/musique-equilibre.com\/me\/#organization","name":"Musique et Equilibre","alternateName":"\u00c9cole de musique et salle de concert \u00e0 Orl\u00e9ans","url":"https:\/\/musique-equilibre.com\/me\/","logo":{"@type":"ImageObject","inLanguage":"fr-FR","@id":"https:\/\/musique-equilibre.com\/me\/#\/schema\/logo\/image\/","url":"https:\/\/musique-equilibre.com\/me\/wp-content\/uploads\/2022\/11\/cropped-Logo_orange_texture-1.png","contentUrl":"https:\/\/musique-equilibre.com\/me\/wp-content\/uploads\/2022\/11\/cropped-Logo_orange_texture-1.png","width":512,"height":512,"caption":"Musique et Equilibre"},"image":{"@id":"https:\/\/musique-equilibre.com\/me\/#\/schema\/logo\/image\/"},"sameAs":["https:\/\/www.facebook.com\/MusiqueetEquilibre45","https:\/\/x.com\/Musiquequilibre","https:\/\/www.instagram.com\/musique_et_equilibre_\/","https:\/\/www.linkedin.com\/company\/musique-&amp;-equilibre\/","https:\/\/www.youtube.com\/c\/MusiqueEquilibreOrleans\/"]},{"@type":"Person","@id":"https:\/\/musique-equilibre.com\/me\/#\/schema\/person\/d43605ef0d5681c1b27a4ba1fede1cf4","name":"admin","image":{"@type":"ImageObject","inLanguage":"fr-FR","@id":"https:\/\/musique-equilibre.com\/me\/#\/schema\/person\/image\/","url":"https:\/\/secure.gravatar.com\/avatar\/4cf7b4111456799aef2a50176cfabd70e4afde55908c0caa0617fa42d2f71d9f?s=96&d=mm&r=g","contentUrl":"https:\/\/secure.gravatar.com\/avatar\/4cf7b4111456799aef2a50176cfabd70e4afde55908c0caa0617fa42d2f71d9f?s=96&d=mm&r=g","caption":"admin"},"url":"https:\/\/musique-equilibre.com\/me\/index.php\/author\/admin\/"}]}},"_links":{"self":[{"href":"https:\/\/musique-equilibre.com\/me\/index.php\/wp-json\/wp\/v2\/posts\/13333","targetHints":{"allow":["GET"]}}],"collection":[{"href":"https:\/\/musique-equilibre.com\/me\/index.php\/wp-json\/wp\/v2\/posts"}],"about":[{"href":"https:\/\/musique-equilibre.com\/me\/index.php\/wp-json\/wp\/v2\/types\/post"}],"author":[{"embeddable":true,"href":"https:\/\/musique-equilibre.com\/me\/index.php\/wp-json\/wp\/v2\/users\/1"}],"replies":[{"embeddable":true,"href":"https:\/\/musique-equilibre.com\/me\/index.php\/wp-json\/wp\/v2\/comments?post=13333"}],"version-history":[{"count":14,"href":"https:\/\/musique-equilibre.com\/me\/index.php\/wp-json\/wp\/v2\/posts\/13333\/revisions"}],"predecessor-version":[{"id":13899,"href":"https:\/\/musique-equilibre.com\/me\/index.php\/wp-json\/wp\/v2\/posts\/13333\/revisions\/13899"}],"wp:attachment":[{"href":"https:\/\/musique-equilibre.com\/me\/index.php\/wp-json\/wp\/v2\/media?parent=13333"}],"wp:term":[{"taxonomy":"category","embeddable":true,"href":"https:\/\/musique-equilibre.com\/me\/index.php\/wp-json\/wp\/v2\/categories?post=13333"},{"taxonomy":"post_tag","embeddable":true,"href":"https:\/\/musique-equilibre.com\/me\/index.php\/wp-json\/wp\/v2\/tags?post=13333"}],"curies":[{"name":"wp","href":"https:\/\/api.w.org\/{rel}","templated":true}]}}