{"id":13076,"date":"2023-11-20T10:18:41","date_gmt":"2023-11-20T09:18:41","guid":{"rendered":"https:\/\/musique-equilibre.com\/me\/?p=13076"},"modified":"2023-11-20T10:23:52","modified_gmt":"2023-11-20T09:23:52","slug":"jam-david-sevestre","status":"publish","type":"post","link":"https:\/\/musique-equilibre.com\/me\/index.php\/2023\/11\/20\/jam-david-sevestre\/","title":{"rendered":"Jam &#8211; David Sevestre"},"content":{"rendered":"\n<p class=\"has-white-color has-text-color has-small-font-size\">JAM &#8211; Thierry Fanfant<\/p>\n\n\n\n<div class=\"wp-block-media-text alignwide is-stacked-on-mobile\" style=\"grid-template-columns:31% auto\"><figure class=\"wp-block-media-text__media\"><img fetchpriority=\"high\" decoding=\"async\" width=\"601\" height=\"601\" src=\"https:\/\/musique-equilibre.com\/me\/wp-content\/uploads\/2023\/11\/cadre-insta-jam-decembre-SMALL.png\" alt=\"jam david sevestre\" class=\"wp-image-13067 size-full\" srcset=\"https:\/\/musique-equilibre.com\/me\/wp-content\/uploads\/2023\/11\/cadre-insta-jam-decembre-SMALL.png 601w, https:\/\/musique-equilibre.com\/me\/wp-content\/uploads\/2023\/11\/cadre-insta-jam-decembre-SMALL-300x300.png 300w, https:\/\/musique-equilibre.com\/me\/wp-content\/uploads\/2023\/11\/cadre-insta-jam-decembre-SMALL-150x150.png 150w, https:\/\/musique-equilibre.com\/me\/wp-content\/uploads\/2023\/11\/cadre-insta-jam-decembre-SMALL-510x510.png 510w\" sizes=\"(max-width: 601px) 100vw, 601px\" \/><\/figure><div class=\"wp-block-media-text__content\">\n<h2><span style=\"font-family: coves-light;\">JAM &#8211; David Sevestre<\/span><\/h2>\n\n\n\n<h3 style=\"text-align: left;\"><span style=\"font-family: coves-light; color: #d41919;\"><strong>MARDI 12 D\u00c9CEMBRE &#8211; 20H<\/strong><\/span><\/h3>\n\n\n\n<p><span style=\"font-family: coves-light;\">Pour cette nouvelle Jam, c\u2019est David Sevestre, saxophoniste, qui est aux commandes&nbsp;!<\/span><br><span style=\"font-family: coves-light;\">Ouvertes \u00e0 toutes et \u00e0 tous, nos Jam restent gratuites tout au long de l\u2019ann\u00e9e et on ne vous demande qu\u2019une seule chose&nbsp;: vous \u00e9clatez sur sc\u00e8ne&nbsp;!<\/span><\/p>\n<\/div><\/div>\n\n\n<p style=\"text-align: center;\"><span style=\"font-family: coves-light;\"><a href=\"https:\/\/www.orleans-metropole.fr\/sport\/etablissements-et-lieux-de-pratique\/largonaute\" target=\"_blank\" rel=\"noopener\">Argonaute<\/a> &#8211; 73 boulevard Marie Stuart, Orl\u00e9ans<\/span><br><span style=\"font-family: coves-light;\">Tram (ligne B) : arr\u00eat Mozart ou Grand Villiers<\/span><br><span style=\"font-family: coves-light;\">Parking gratuit + arche \u00e0 v\u00e9lo \u00e0 proximit\u00e9<\/span><\/p>\n\n<div class=\"wp-block-image\">\n<figure class=\"aligncenter size-thumbnail is-resized\"><img decoding=\"async\" src=\"https:\/\/musique-equilibre.com\/me\/wp-content\/uploads\/2023\/09\/3017860_beer_drink_mug_icon-black-150x150.png\" alt=\"bar associatif musique et \u00e9quilibre orl\u00e9ans salle de concert argonaute la brasserie des \u00e9cluses\" class=\"wp-image-12639\" width=\"38\" height=\"38\" srcset=\"https:\/\/musique-equilibre.com\/me\/wp-content\/uploads\/2023\/09\/3017860_beer_drink_mug_icon-black-150x150.png 150w, https:\/\/musique-equilibre.com\/me\/wp-content\/uploads\/2023\/09\/3017860_beer_drink_mug_icon-black-300x300.png 300w, https:\/\/musique-equilibre.com\/me\/wp-content\/uploads\/2023\/09\/3017860_beer_drink_mug_icon-black-510x510.png 510w, https:\/\/musique-equilibre.com\/me\/wp-content\/uploads\/2023\/09\/3017860_beer_drink_mug_icon-black.png 512w\" sizes=\"(max-width: 38px) 100vw, 38px\" \/><\/figure><\/div>\n\n<p style=\"text-align: center;\"><span style=\"color: #e25417;\"><strong><span style=\"font-family: coves-light;\"><a style=\"color: #e25417;\" href=\"https:\/\/musique-equilibre.com\/me\/index.php\/bar-associatif\/\" target=\"_blank\" rel=\"noreferrer noopener\">Bar associatif ouvert<\/a><\/span><\/strong><\/span><\/p>\n\n\n<p class=\"has-white-color has-text-color has-small-font-size\">JAM &#8211; Thierry Fanfant<\/p>\n\n\n\n<p class=\"has-text-align-center\"><br><\/p>\n","protected":false},"excerpt":{"rendered":"<p>JAM &#8211; Thierry Fanfant JAM &#8211; David Sevestre MARDI 12 D\u00c9CEMBRE &#8211; 20H Pour cette nouvelle Jam, c\u2019est David Sevestre, saxophoniste, qui est aux commandes&nbsp;!Ouvertes \u00e0 toutes et \u00e0 tous, nos Jam restent gratuites tout au long de l\u2019ann\u00e9e et on ne vous demande qu\u2019une seule chose&nbsp;: vous \u00e9clatez sur sc\u00e8ne&nbsp;! Argonaute &#8211; 73 boulevard [&hellip;]<\/p>\n","protected":false},"author":1,"featured_media":13067,"comment_status":"closed","ping_status":"closed","sticky":false,"template":"","format":"standard","meta":{"footnotes":""},"categories":[9],"tags":[],"class_list":{"0":"post-13076","1":"post","2":"type-post","3":"status-publish","4":"format-standard","5":"has-post-thumbnail","7":"category-nos-evenements","8":"czr-hentry"},"yoast_head":"<!-- This site is optimized with the Yoast SEO plugin v26.8 - https:\/\/yoast.com\/product\/yoast-seo-wordpress\/ -->\n<title>Jam - David Sevestre - Musique et Equilibre<\/title>\n<meta name=\"description\" content=\"Jam : venez fouler la sc\u00e8ne de l&#039;Argonaute lors de cette Jam coordonn\u00e9e par David Sevestre ! \u00c9v\u00e8nement ouvert \u00e0 toutes et tous.\" \/>\n<meta name=\"robots\" content=\"index, follow, max-snippet:-1, max-image-preview:large, max-video-preview:-1\" \/>\n<link rel=\"canonical\" href=\"https:\/\/musique-equilibre.com\/me\/index.php\/2023\/11\/20\/jam-david-sevestre\/\" \/>\n<meta property=\"og:locale\" content=\"fr_FR\" \/>\n<meta property=\"og:type\" content=\"article\" \/>\n<meta property=\"og:title\" content=\"Jam - David Sevestre - Musique et Equilibre\" \/>\n<meta property=\"og:description\" content=\"Jam : venez fouler la sc\u00e8ne de l&#039;Argonaute lors de cette Jam coordonn\u00e9e par David Sevestre ! \u00c9v\u00e8nement ouvert \u00e0 toutes et tous.\" \/>\n<meta property=\"og:url\" content=\"https:\/\/musique-equilibre.com\/me\/index.php\/2023\/11\/20\/jam-david-sevestre\/\" \/>\n<meta property=\"og:site_name\" content=\"Musique et Equilibre\" \/>\n<meta property=\"article:publisher\" content=\"https:\/\/www.facebook.com\/MusiqueetEquilibre45\" \/>\n<meta property=\"article:published_time\" content=\"2023-11-20T09:18:41+00:00\" \/>\n<meta property=\"article:modified_time\" content=\"2023-11-20T09:23:52+00:00\" \/>\n<meta property=\"og:image\" content=\"https:\/\/musique-equilibre.com\/me\/wp-content\/uploads\/2023\/11\/cadre-insta-jam-decembre-SMALL.png\" \/>\n\t<meta property=\"og:image:width\" content=\"601\" \/>\n\t<meta property=\"og:image:height\" content=\"601\" \/>\n\t<meta property=\"og:image:type\" content=\"image\/png\" \/>\n<meta name=\"author\" content=\"admin\" \/>\n<meta name=\"twitter:card\" content=\"summary_large_image\" \/>\n<meta name=\"twitter:creator\" content=\"@Musiquequilibre\" \/>\n<meta name=\"twitter:site\" content=\"@Musiquequilibre\" \/>\n<meta name=\"twitter:label1\" content=\"\u00c9crit par\" \/>\n\t<meta name=\"twitter:data1\" content=\"admin\" \/>\n\t<meta name=\"twitter:label2\" content=\"Dur\u00e9e de lecture estim\u00e9e\" \/>\n\t<meta name=\"twitter:data2\" content=\"1 minute\" \/>\n<script type=\"application\/ld+json\" class=\"yoast-schema-graph\">{\"@context\":\"https:\/\/schema.org\",\"@graph\":[{\"@type\":\"Article\",\"@id\":\"https:\/\/musique-equilibre.com\/me\/index.php\/2023\/11\/20\/jam-david-sevestre\/#article\",\"isPartOf\":{\"@id\":\"https:\/\/musique-equilibre.com\/me\/index.php\/2023\/11\/20\/jam-david-sevestre\/\"},\"author\":{\"name\":\"admin\",\"@id\":\"https:\/\/musique-equilibre.com\/me\/#\/schema\/person\/d43605ef0d5681c1b27a4ba1fede1cf4\"},\"headline\":\"Jam &#8211; David Sevestre\",\"datePublished\":\"2023-11-20T09:18:41+00:00\",\"dateModified\":\"2023-11-20T09:23:52+00:00\",\"mainEntityOfPage\":{\"@id\":\"https:\/\/musique-equilibre.com\/me\/index.php\/2023\/11\/20\/jam-david-sevestre\/\"},\"wordCount\":91,\"publisher\":{\"@id\":\"https:\/\/musique-equilibre.com\/me\/#organization\"},\"image\":{\"@id\":\"https:\/\/musique-equilibre.com\/me\/index.php\/2023\/11\/20\/jam-david-sevestre\/#primaryimage\"},\"thumbnailUrl\":\"https:\/\/musique-equilibre.com\/me\/wp-content\/uploads\/2023\/11\/cadre-insta-jam-decembre-SMALL.png\",\"articleSection\":[\"Nos \u00e9v\u00e8nements\"],\"inLanguage\":\"fr-FR\"},{\"@type\":\"WebPage\",\"@id\":\"https:\/\/musique-equilibre.com\/me\/index.php\/2023\/11\/20\/jam-david-sevestre\/\",\"url\":\"https:\/\/musique-equilibre.com\/me\/index.php\/2023\/11\/20\/jam-david-sevestre\/\",\"name\":\"Jam - David Sevestre - Musique et Equilibre\",\"isPartOf\":{\"@id\":\"https:\/\/musique-equilibre.com\/me\/#website\"},\"primaryImageOfPage\":{\"@id\":\"https:\/\/musique-equilibre.com\/me\/index.php\/2023\/11\/20\/jam-david-sevestre\/#primaryimage\"},\"image\":{\"@id\":\"https:\/\/musique-equilibre.com\/me\/index.php\/2023\/11\/20\/jam-david-sevestre\/#primaryimage\"},\"thumbnailUrl\":\"https:\/\/musique-equilibre.com\/me\/wp-content\/uploads\/2023\/11\/cadre-insta-jam-decembre-SMALL.png\",\"datePublished\":\"2023-11-20T09:18:41+00:00\",\"dateModified\":\"2023-11-20T09:23:52+00:00\",\"description\":\"Jam : venez fouler la sc\u00e8ne de l'Argonaute lors de cette Jam coordonn\u00e9e par David Sevestre ! \u00c9v\u00e8nement ouvert \u00e0 toutes et tous.\",\"breadcrumb\":{\"@id\":\"https:\/\/musique-equilibre.com\/me\/index.php\/2023\/11\/20\/jam-david-sevestre\/#breadcrumb\"},\"inLanguage\":\"fr-FR\",\"potentialAction\":[{\"@type\":\"ReadAction\",\"target\":[\"https:\/\/musique-equilibre.com\/me\/index.php\/2023\/11\/20\/jam-david-sevestre\/\"]}]},{\"@type\":\"ImageObject\",\"inLanguage\":\"fr-FR\",\"@id\":\"https:\/\/musique-equilibre.com\/me\/index.php\/2023\/11\/20\/jam-david-sevestre\/#primaryimage\",\"url\":\"https:\/\/musique-equilibre.com\/me\/wp-content\/uploads\/2023\/11\/cadre-insta-jam-decembre-SMALL.png\",\"contentUrl\":\"https:\/\/musique-equilibre.com\/me\/wp-content\/uploads\/2023\/11\/cadre-insta-jam-decembre-SMALL.png\",\"width\":601,\"height\":601,\"caption\":\"jam david sevestre\"},{\"@type\":\"BreadcrumbList\",\"@id\":\"https:\/\/musique-equilibre.com\/me\/index.php\/2023\/11\/20\/jam-david-sevestre\/#breadcrumb\",\"itemListElement\":[{\"@type\":\"ListItem\",\"position\":1,\"name\":\"Accueil\",\"item\":\"https:\/\/musique-equilibre.com\/me\/\"},{\"@type\":\"ListItem\",\"position\":2,\"name\":\"Jam &#8211; David Sevestre\"}]},{\"@type\":\"WebSite\",\"@id\":\"https:\/\/musique-equilibre.com\/me\/#website\",\"url\":\"https:\/\/musique-equilibre.com\/me\/\",\"name\":\"Musique et Equilibre\",\"description\":\"\",\"publisher\":{\"@id\":\"https:\/\/musique-equilibre.com\/me\/#organization\"},\"potentialAction\":[{\"@type\":\"SearchAction\",\"target\":{\"@type\":\"EntryPoint\",\"urlTemplate\":\"https:\/\/musique-equilibre.com\/me\/?s={search_term_string}\"},\"query-input\":{\"@type\":\"PropertyValueSpecification\",\"valueRequired\":true,\"valueName\":\"search_term_string\"}}],\"inLanguage\":\"fr-FR\"},{\"@type\":\"Organization\",\"@id\":\"https:\/\/musique-equilibre.com\/me\/#organization\",\"name\":\"Musique et Equilibre\",\"alternateName\":\"\u00c9cole de musique et salle de concert \u00e0 Orl\u00e9ans\",\"url\":\"https:\/\/musique-equilibre.com\/me\/\",\"logo\":{\"@type\":\"ImageObject\",\"inLanguage\":\"fr-FR\",\"@id\":\"https:\/\/musique-equilibre.com\/me\/#\/schema\/logo\/image\/\",\"url\":\"https:\/\/musique-equilibre.com\/me\/wp-content\/uploads\/2022\/11\/cropped-Logo_orange_texture-1.png\",\"contentUrl\":\"https:\/\/musique-equilibre.com\/me\/wp-content\/uploads\/2022\/11\/cropped-Logo_orange_texture-1.png\",\"width\":512,\"height\":512,\"caption\":\"Musique et Equilibre\"},\"image\":{\"@id\":\"https:\/\/musique-equilibre.com\/me\/#\/schema\/logo\/image\/\"},\"sameAs\":[\"https:\/\/www.facebook.com\/MusiqueetEquilibre45\",\"https:\/\/x.com\/Musiquequilibre\",\"https:\/\/www.instagram.com\/musique_et_equilibre_\/\",\"https:\/\/www.linkedin.com\/company\/musique-&amp;-equilibre\/\",\"https:\/\/www.youtube.com\/c\/MusiqueEquilibreOrleans\/\"]},{\"@type\":\"Person\",\"@id\":\"https:\/\/musique-equilibre.com\/me\/#\/schema\/person\/d43605ef0d5681c1b27a4ba1fede1cf4\",\"name\":\"admin\",\"image\":{\"@type\":\"ImageObject\",\"inLanguage\":\"fr-FR\",\"@id\":\"https:\/\/musique-equilibre.com\/me\/#\/schema\/person\/image\/\",\"url\":\"https:\/\/secure.gravatar.com\/avatar\/4cf7b4111456799aef2a50176cfabd70e4afde55908c0caa0617fa42d2f71d9f?s=96&d=mm&r=g\",\"contentUrl\":\"https:\/\/secure.gravatar.com\/avatar\/4cf7b4111456799aef2a50176cfabd70e4afde55908c0caa0617fa42d2f71d9f?s=96&d=mm&r=g\",\"caption\":\"admin\"},\"url\":\"https:\/\/musique-equilibre.com\/me\/index.php\/author\/admin\/\"}]}<\/script>\n<!-- \/ Yoast SEO plugin. -->","yoast_head_json":{"title":"Jam - David Sevestre - Musique et Equilibre","description":"Jam : venez fouler la sc\u00e8ne de l'Argonaute lors de cette Jam coordonn\u00e9e par David Sevestre ! \u00c9v\u00e8nement ouvert \u00e0 toutes et tous.","robots":{"index":"index","follow":"follow","max-snippet":"max-snippet:-1","max-image-preview":"max-image-preview:large","max-video-preview":"max-video-preview:-1"},"canonical":"https:\/\/musique-equilibre.com\/me\/index.php\/2023\/11\/20\/jam-david-sevestre\/","og_locale":"fr_FR","og_type":"article","og_title":"Jam - David Sevestre - Musique et Equilibre","og_description":"Jam : venez fouler la sc\u00e8ne de l'Argonaute lors de cette Jam coordonn\u00e9e par David Sevestre ! \u00c9v\u00e8nement ouvert \u00e0 toutes et tous.","og_url":"https:\/\/musique-equilibre.com\/me\/index.php\/2023\/11\/20\/jam-david-sevestre\/","og_site_name":"Musique et Equilibre","article_publisher":"https:\/\/www.facebook.com\/MusiqueetEquilibre45","article_published_time":"2023-11-20T09:18:41+00:00","article_modified_time":"2023-11-20T09:23:52+00:00","og_image":[{"width":601,"height":601,"url":"https:\/\/musique-equilibre.com\/me\/wp-content\/uploads\/2023\/11\/cadre-insta-jam-decembre-SMALL.png","type":"image\/png"}],"author":"admin","twitter_card":"summary_large_image","twitter_creator":"@Musiquequilibre","twitter_site":"@Musiquequilibre","twitter_misc":{"\u00c9crit par":"admin","Dur\u00e9e de lecture estim\u00e9e":"1 minute"},"schema":{"@context":"https:\/\/schema.org","@graph":[{"@type":"Article","@id":"https:\/\/musique-equilibre.com\/me\/index.php\/2023\/11\/20\/jam-david-sevestre\/#article","isPartOf":{"@id":"https:\/\/musique-equilibre.com\/me\/index.php\/2023\/11\/20\/jam-david-sevestre\/"},"author":{"name":"admin","@id":"https:\/\/musique-equilibre.com\/me\/#\/schema\/person\/d43605ef0d5681c1b27a4ba1fede1cf4"},"headline":"Jam &#8211; David Sevestre","datePublished":"2023-11-20T09:18:41+00:00","dateModified":"2023-11-20T09:23:52+00:00","mainEntityOfPage":{"@id":"https:\/\/musique-equilibre.com\/me\/index.php\/2023\/11\/20\/jam-david-sevestre\/"},"wordCount":91,"publisher":{"@id":"https:\/\/musique-equilibre.com\/me\/#organization"},"image":{"@id":"https:\/\/musique-equilibre.com\/me\/index.php\/2023\/11\/20\/jam-david-sevestre\/#primaryimage"},"thumbnailUrl":"https:\/\/musique-equilibre.com\/me\/wp-content\/uploads\/2023\/11\/cadre-insta-jam-decembre-SMALL.png","articleSection":["Nos \u00e9v\u00e8nements"],"inLanguage":"fr-FR"},{"@type":"WebPage","@id":"https:\/\/musique-equilibre.com\/me\/index.php\/2023\/11\/20\/jam-david-sevestre\/","url":"https:\/\/musique-equilibre.com\/me\/index.php\/2023\/11\/20\/jam-david-sevestre\/","name":"Jam - David Sevestre - Musique et Equilibre","isPartOf":{"@id":"https:\/\/musique-equilibre.com\/me\/#website"},"primaryImageOfPage":{"@id":"https:\/\/musique-equilibre.com\/me\/index.php\/2023\/11\/20\/jam-david-sevestre\/#primaryimage"},"image":{"@id":"https:\/\/musique-equilibre.com\/me\/index.php\/2023\/11\/20\/jam-david-sevestre\/#primaryimage"},"thumbnailUrl":"https:\/\/musique-equilibre.com\/me\/wp-content\/uploads\/2023\/11\/cadre-insta-jam-decembre-SMALL.png","datePublished":"2023-11-20T09:18:41+00:00","dateModified":"2023-11-20T09:23:52+00:00","description":"Jam : venez fouler la sc\u00e8ne de l'Argonaute lors de cette Jam coordonn\u00e9e par David Sevestre ! \u00c9v\u00e8nement ouvert \u00e0 toutes et tous.","breadcrumb":{"@id":"https:\/\/musique-equilibre.com\/me\/index.php\/2023\/11\/20\/jam-david-sevestre\/#breadcrumb"},"inLanguage":"fr-FR","potentialAction":[{"@type":"ReadAction","target":["https:\/\/musique-equilibre.com\/me\/index.php\/2023\/11\/20\/jam-david-sevestre\/"]}]},{"@type":"ImageObject","inLanguage":"fr-FR","@id":"https:\/\/musique-equilibre.com\/me\/index.php\/2023\/11\/20\/jam-david-sevestre\/#primaryimage","url":"https:\/\/musique-equilibre.com\/me\/wp-content\/uploads\/2023\/11\/cadre-insta-jam-decembre-SMALL.png","contentUrl":"https:\/\/musique-equilibre.com\/me\/wp-content\/uploads\/2023\/11\/cadre-insta-jam-decembre-SMALL.png","width":601,"height":601,"caption":"jam david sevestre"},{"@type":"BreadcrumbList","@id":"https:\/\/musique-equilibre.com\/me\/index.php\/2023\/11\/20\/jam-david-sevestre\/#breadcrumb","itemListElement":[{"@type":"ListItem","position":1,"name":"Accueil","item":"https:\/\/musique-equilibre.com\/me\/"},{"@type":"ListItem","position":2,"name":"Jam &#8211; David Sevestre"}]},{"@type":"WebSite","@id":"https:\/\/musique-equilibre.com\/me\/#website","url":"https:\/\/musique-equilibre.com\/me\/","name":"Musique et Equilibre","description":"","publisher":{"@id":"https:\/\/musique-equilibre.com\/me\/#organization"},"potentialAction":[{"@type":"SearchAction","target":{"@type":"EntryPoint","urlTemplate":"https:\/\/musique-equilibre.com\/me\/?s={search_term_string}"},"query-input":{"@type":"PropertyValueSpecification","valueRequired":true,"valueName":"search_term_string"}}],"inLanguage":"fr-FR"},{"@type":"Organization","@id":"https:\/\/musique-equilibre.com\/me\/#organization","name":"Musique et Equilibre","alternateName":"\u00c9cole de musique et salle de concert \u00e0 Orl\u00e9ans","url":"https:\/\/musique-equilibre.com\/me\/","logo":{"@type":"ImageObject","inLanguage":"fr-FR","@id":"https:\/\/musique-equilibre.com\/me\/#\/schema\/logo\/image\/","url":"https:\/\/musique-equilibre.com\/me\/wp-content\/uploads\/2022\/11\/cropped-Logo_orange_texture-1.png","contentUrl":"https:\/\/musique-equilibre.com\/me\/wp-content\/uploads\/2022\/11\/cropped-Logo_orange_texture-1.png","width":512,"height":512,"caption":"Musique et Equilibre"},"image":{"@id":"https:\/\/musique-equilibre.com\/me\/#\/schema\/logo\/image\/"},"sameAs":["https:\/\/www.facebook.com\/MusiqueetEquilibre45","https:\/\/x.com\/Musiquequilibre","https:\/\/www.instagram.com\/musique_et_equilibre_\/","https:\/\/www.linkedin.com\/company\/musique-&amp;-equilibre\/","https:\/\/www.youtube.com\/c\/MusiqueEquilibreOrleans\/"]},{"@type":"Person","@id":"https:\/\/musique-equilibre.com\/me\/#\/schema\/person\/d43605ef0d5681c1b27a4ba1fede1cf4","name":"admin","image":{"@type":"ImageObject","inLanguage":"fr-FR","@id":"https:\/\/musique-equilibre.com\/me\/#\/schema\/person\/image\/","url":"https:\/\/secure.gravatar.com\/avatar\/4cf7b4111456799aef2a50176cfabd70e4afde55908c0caa0617fa42d2f71d9f?s=96&d=mm&r=g","contentUrl":"https:\/\/secure.gravatar.com\/avatar\/4cf7b4111456799aef2a50176cfabd70e4afde55908c0caa0617fa42d2f71d9f?s=96&d=mm&r=g","caption":"admin"},"url":"https:\/\/musique-equilibre.com\/me\/index.php\/author\/admin\/"}]}},"_links":{"self":[{"href":"https:\/\/musique-equilibre.com\/me\/index.php\/wp-json\/wp\/v2\/posts\/13076","targetHints":{"allow":["GET"]}}],"collection":[{"href":"https:\/\/musique-equilibre.com\/me\/index.php\/wp-json\/wp\/v2\/posts"}],"about":[{"href":"https:\/\/musique-equilibre.com\/me\/index.php\/wp-json\/wp\/v2\/types\/post"}],"author":[{"embeddable":true,"href":"https:\/\/musique-equilibre.com\/me\/index.php\/wp-json\/wp\/v2\/users\/1"}],"replies":[{"embeddable":true,"href":"https:\/\/musique-equilibre.com\/me\/index.php\/wp-json\/wp\/v2\/comments?post=13076"}],"version-history":[{"count":2,"href":"https:\/\/musique-equilibre.com\/me\/index.php\/wp-json\/wp\/v2\/posts\/13076\/revisions"}],"predecessor-version":[{"id":13082,"href":"https:\/\/musique-equilibre.com\/me\/index.php\/wp-json\/wp\/v2\/posts\/13076\/revisions\/13082"}],"wp:featuredmedia":[{"embeddable":true,"href":"https:\/\/musique-equilibre.com\/me\/index.php\/wp-json\/wp\/v2\/media\/13067"}],"wp:attachment":[{"href":"https:\/\/musique-equilibre.com\/me\/index.php\/wp-json\/wp\/v2\/media?parent=13076"}],"wp:term":[{"taxonomy":"category","embeddable":true,"href":"https:\/\/musique-equilibre.com\/me\/index.php\/wp-json\/wp\/v2\/categories?post=13076"},{"taxonomy":"post_tag","embeddable":true,"href":"https:\/\/musique-equilibre.com\/me\/index.php\/wp-json\/wp\/v2\/tags?post=13076"}],"curies":[{"name":"wp","href":"https:\/\/api.w.org\/{rel}","templated":true}]}}