{"id":12417,"date":"2023-08-23T17:31:04","date_gmt":"2023-08-23T15:31:04","guid":{"rendered":"https:\/\/musique-equilibre.com\/me\/?p=12417"},"modified":"2023-09-13T12:23:49","modified_gmt":"2023-09-13T10:23:49","slug":"aude-prieur-directrice","status":"publish","type":"post","link":"https:\/\/musique-equilibre.com\/me\/index.php\/2023\/08\/23\/aude-prieur-directrice\/","title":{"rendered":"Aude Prieur Directrice"},"content":{"rendered":"\n<p class=\"has-white-color has-text-color has-small-font-size\">aude prieur directrice<\/p>\n\n\n<p style=\"text-align: center;\"><img fetchpriority=\"high\" decoding=\"async\" class=\"alignnone wp-image-12418 size-medium\" src=\"https:\/\/musique-equilibre.com\/me\/wp-content\/uploads\/2023\/08\/Aude-site-directrice-300x300.png\" alt=\"aude prieur bio directrice musique et \u00e9quilibre orleans orl\u00e9ans loiret centre val de loire\" width=\"300\" height=\"300\" srcset=\"https:\/\/musique-equilibre.com\/me\/wp-content\/uploads\/2023\/08\/Aude-site-directrice-300x300.png 300w, https:\/\/musique-equilibre.com\/me\/wp-content\/uploads\/2023\/08\/Aude-site-directrice-150x150.png 150w, https:\/\/musique-equilibre.com\/me\/wp-content\/uploads\/2023\/08\/Aude-site-directrice-510x510.png 510w, https:\/\/musique-equilibre.com\/me\/wp-content\/uploads\/2023\/08\/Aude-site-directrice.png 600w\" sizes=\"(max-width: 300px) 100vw, 300px\" \/><\/p>\n<p style=\"text-align: center;\"><span style=\"font-family: Nexa Rust Sans;\"><span style=\"color: #f15d20;\"><a href=\"https:\/\/musique-equilibre.com\/me\/index.php\/cours-de-flutes\/\" target=\"_blank\" rel=\"noopener\">Aude Prieur<\/a><br><\/span><\/span><\/p>\n<hr>\n<p style=\"text-align: center;\"><span style=\"font-family: Coves;\">Aude est directrice de Musique et \u00c9quilibre depuis 2020 apr\u00e8s 4 ans comme <strong>directrice adjointe<\/strong> aupr\u00e8s de <strong>Serge Ceccaldi<\/strong>. Titulaire d&rsquo;un master2, elle a partag\u00e9 ses \u00e9tudes d\u2019histoire avec des \u00e9tudes de musique.<\/span><\/p>\n<p style=\"text-align: center;\"><span style=\"font-family: Coves;\">Apr\u00e8s avoir \u00e9t\u00e9 <strong>m\u00e9diatrice culturelle<\/strong>, <strong>programmatrice<\/strong> puis <strong>responsable de mus\u00e9e<\/strong>, Aude jouit d&rsquo;une exp\u00e9rience significative dans la <strong>gestion<\/strong> et la <strong>direction de structures culturelles<\/strong>. Ses \u00e9tudes d&rsquo;histoire l&rsquo;ont d\u2019abord men\u00e9 au Cercil &#8211; Mus\u00e9e M\u00e9morial des enfants du Vel d&rsquo;Hiv \u00e0 Orl\u00e9ans puis au sein du service culturel de la ville d&rsquo;Ormes et enfin, responsable du Mus\u00e9e de polyculture. Apr\u00e8s deux ann\u00e9es comme enseignante au sein de l\u2019\u00c9ducation Nationale, elle est recrut\u00e9e \u00e0 la direction adjointe de Musique et \u00c9quilibre.<\/span><\/p>\n<p style=\"text-align: center;\"><span style=\"font-family: Coves;\">Aude a fait partie du programme de mentorat f\u00e9minin \u00ab\u00a0<strong>Affranchies!<\/strong>\u00a0\u00bb lors de la premi\u00e8re \u00e9dition en 2021-2022.<br>Elle partage son activit\u00e9 de direction avec des activit\u00e9s artistiques : musicienne, enseignante, compositrice-arrangeuse et \u00e9crivaine, domaine dans lequel elle a \u00e9t\u00e9 nomm\u00e9e Chevalier des arts et des lettres en 2021.<\/span><\/p>\n<p style=\"text-align: center;\"><span style=\"font-family: Coves;\">Retrouvez <a href=\"https:\/\/audeprieur.fr\/\" target=\"_blank\" rel=\"noopener\">Aude<\/a>.<\/span><\/p>\n<p><\/p>\n\n\n<p class=\"has-white-color has-text-color has-small-font-size\">aude prieur directrice<\/p>\n","protected":false},"excerpt":{"rendered":"<p>aude prieur directrice Aude Prieur Aude est directrice de Musique et \u00c9quilibre depuis 2020 apr\u00e8s 4 ans comme directrice adjointe aupr\u00e8s de Serge Ceccaldi. Titulaire d&rsquo;un master2, elle a partag\u00e9 ses \u00e9tudes d\u2019histoire avec des \u00e9tudes de musique. Apr\u00e8s avoir \u00e9t\u00e9 m\u00e9diatrice culturelle, programmatrice puis responsable de mus\u00e9e, Aude jouit d&rsquo;une exp\u00e9rience significative dans la [&hellip;]<\/p>\n","protected":false},"author":1,"featured_media":12418,"comment_status":"open","ping_status":"closed","sticky":false,"template":"","format":"standard","meta":{"footnotes":""},"categories":[20],"tags":[],"class_list":{"0":"post-12417","1":"post","2":"type-post","3":"status-publish","4":"format-standard","5":"has-post-thumbnail","7":"category-biographie","8":"czr-hentry"},"yoast_head":"<!-- This site is optimized with the Yoast SEO plugin v26.8 - https:\/\/yoast.com\/product\/yoast-seo-wordpress\/ -->\n<title>Aude Prieur Directrice - Musique et Equilibre<\/title>\n<meta name=\"description\" content=\"D\u00e9couvrez le parcours d&#039;Aude Prieur, directrice de Musique et \u00c9quilibre, \u00e9cole de musique actuelles \u00e0 Orl\u00e9ans.\" \/>\n<meta name=\"robots\" content=\"index, follow, max-snippet:-1, max-image-preview:large, max-video-preview:-1\" \/>\n<link rel=\"canonical\" href=\"https:\/\/musique-equilibre.com\/me\/index.php\/2023\/08\/23\/aude-prieur-directrice\/\" \/>\n<meta property=\"og:locale\" content=\"fr_FR\" \/>\n<meta property=\"og:type\" content=\"article\" \/>\n<meta property=\"og:title\" content=\"Aude Prieur Directrice - Musique et Equilibre\" \/>\n<meta property=\"og:description\" content=\"D\u00e9couvrez le parcours d&#039;Aude Prieur, directrice de Musique et \u00c9quilibre, \u00e9cole de musique actuelles \u00e0 Orl\u00e9ans.\" \/>\n<meta property=\"og:url\" content=\"https:\/\/musique-equilibre.com\/me\/index.php\/2023\/08\/23\/aude-prieur-directrice\/\" \/>\n<meta property=\"og:site_name\" content=\"Musique et Equilibre\" \/>\n<meta property=\"article:publisher\" content=\"https:\/\/www.facebook.com\/MusiqueetEquilibre45\" \/>\n<meta property=\"article:published_time\" content=\"2023-08-23T15:31:04+00:00\" \/>\n<meta property=\"article:modified_time\" content=\"2023-09-13T10:23:49+00:00\" \/>\n<meta property=\"og:image\" content=\"https:\/\/musique-equilibre.com\/me\/wp-content\/uploads\/2023\/08\/Aude-site-directrice.png\" \/>\n\t<meta property=\"og:image:width\" content=\"600\" \/>\n\t<meta property=\"og:image:height\" content=\"600\" \/>\n\t<meta property=\"og:image:type\" content=\"image\/png\" \/>\n<meta name=\"author\" content=\"admin\" \/>\n<meta name=\"twitter:card\" content=\"summary_large_image\" \/>\n<meta name=\"twitter:creator\" content=\"@Musiquequilibre\" \/>\n<meta name=\"twitter:site\" content=\"@Musiquequilibre\" \/>\n<meta name=\"twitter:label1\" content=\"\u00c9crit par\" \/>\n\t<meta name=\"twitter:data1\" content=\"admin\" \/>\n\t<meta name=\"twitter:label2\" content=\"Dur\u00e9e de lecture estim\u00e9e\" \/>\n\t<meta name=\"twitter:data2\" content=\"2 minutes\" \/>\n<script type=\"application\/ld+json\" class=\"yoast-schema-graph\">{\"@context\":\"https:\/\/schema.org\",\"@graph\":[{\"@type\":\"Article\",\"@id\":\"https:\/\/musique-equilibre.com\/me\/index.php\/2023\/08\/23\/aude-prieur-directrice\/#article\",\"isPartOf\":{\"@id\":\"https:\/\/musique-equilibre.com\/me\/index.php\/2023\/08\/23\/aude-prieur-directrice\/\"},\"author\":{\"name\":\"admin\",\"@id\":\"https:\/\/musique-equilibre.com\/me\/#\/schema\/person\/d43605ef0d5681c1b27a4ba1fede1cf4\"},\"headline\":\"Aude Prieur Directrice\",\"datePublished\":\"2023-08-23T15:31:04+00:00\",\"dateModified\":\"2023-09-13T10:23:49+00:00\",\"mainEntityOfPage\":{\"@id\":\"https:\/\/musique-equilibre.com\/me\/index.php\/2023\/08\/23\/aude-prieur-directrice\/\"},\"wordCount\":194,\"commentCount\":0,\"publisher\":{\"@id\":\"https:\/\/musique-equilibre.com\/me\/#organization\"},\"image\":{\"@id\":\"https:\/\/musique-equilibre.com\/me\/index.php\/2023\/08\/23\/aude-prieur-directrice\/#primaryimage\"},\"thumbnailUrl\":\"https:\/\/musique-equilibre.com\/me\/wp-content\/uploads\/2023\/08\/Aude-site-directrice.png\",\"articleSection\":[\"Biographie\"],\"inLanguage\":\"fr-FR\",\"potentialAction\":[{\"@type\":\"CommentAction\",\"name\":\"Comment\",\"target\":[\"https:\/\/musique-equilibre.com\/me\/index.php\/2023\/08\/23\/aude-prieur-directrice\/#respond\"]}]},{\"@type\":\"WebPage\",\"@id\":\"https:\/\/musique-equilibre.com\/me\/index.php\/2023\/08\/23\/aude-prieur-directrice\/\",\"url\":\"https:\/\/musique-equilibre.com\/me\/index.php\/2023\/08\/23\/aude-prieur-directrice\/\",\"name\":\"Aude Prieur Directrice - Musique et Equilibre\",\"isPartOf\":{\"@id\":\"https:\/\/musique-equilibre.com\/me\/#website\"},\"primaryImageOfPage\":{\"@id\":\"https:\/\/musique-equilibre.com\/me\/index.php\/2023\/08\/23\/aude-prieur-directrice\/#primaryimage\"},\"image\":{\"@id\":\"https:\/\/musique-equilibre.com\/me\/index.php\/2023\/08\/23\/aude-prieur-directrice\/#primaryimage\"},\"thumbnailUrl\":\"https:\/\/musique-equilibre.com\/me\/wp-content\/uploads\/2023\/08\/Aude-site-directrice.png\",\"datePublished\":\"2023-08-23T15:31:04+00:00\",\"dateModified\":\"2023-09-13T10:23:49+00:00\",\"description\":\"D\u00e9couvrez le parcours d'Aude Prieur, directrice de Musique et \u00c9quilibre, \u00e9cole de musique actuelles \u00e0 Orl\u00e9ans.\",\"breadcrumb\":{\"@id\":\"https:\/\/musique-equilibre.com\/me\/index.php\/2023\/08\/23\/aude-prieur-directrice\/#breadcrumb\"},\"inLanguage\":\"fr-FR\",\"potentialAction\":[{\"@type\":\"ReadAction\",\"target\":[\"https:\/\/musique-equilibre.com\/me\/index.php\/2023\/08\/23\/aude-prieur-directrice\/\"]}]},{\"@type\":\"ImageObject\",\"inLanguage\":\"fr-FR\",\"@id\":\"https:\/\/musique-equilibre.com\/me\/index.php\/2023\/08\/23\/aude-prieur-directrice\/#primaryimage\",\"url\":\"https:\/\/musique-equilibre.com\/me\/wp-content\/uploads\/2023\/08\/Aude-site-directrice.png\",\"contentUrl\":\"https:\/\/musique-equilibre.com\/me\/wp-content\/uploads\/2023\/08\/Aude-site-directrice.png\",\"width\":600,\"height\":600,\"caption\":\"aude prieur directrice musique et \u00e9quilibre orleans orl\u00e9ans loiret centre val de loire\"},{\"@type\":\"BreadcrumbList\",\"@id\":\"https:\/\/musique-equilibre.com\/me\/index.php\/2023\/08\/23\/aude-prieur-directrice\/#breadcrumb\",\"itemListElement\":[{\"@type\":\"ListItem\",\"position\":1,\"name\":\"Accueil\",\"item\":\"https:\/\/musique-equilibre.com\/me\/\"},{\"@type\":\"ListItem\",\"position\":2,\"name\":\"Aude Prieur Directrice\"}]},{\"@type\":\"WebSite\",\"@id\":\"https:\/\/musique-equilibre.com\/me\/#website\",\"url\":\"https:\/\/musique-equilibre.com\/me\/\",\"name\":\"Musique et Equilibre\",\"description\":\"\",\"publisher\":{\"@id\":\"https:\/\/musique-equilibre.com\/me\/#organization\"},\"potentialAction\":[{\"@type\":\"SearchAction\",\"target\":{\"@type\":\"EntryPoint\",\"urlTemplate\":\"https:\/\/musique-equilibre.com\/me\/?s={search_term_string}\"},\"query-input\":{\"@type\":\"PropertyValueSpecification\",\"valueRequired\":true,\"valueName\":\"search_term_string\"}}],\"inLanguage\":\"fr-FR\"},{\"@type\":\"Organization\",\"@id\":\"https:\/\/musique-equilibre.com\/me\/#organization\",\"name\":\"Musique et Equilibre\",\"alternateName\":\"\u00c9cole de musique et salle de concert \u00e0 Orl\u00e9ans\",\"url\":\"https:\/\/musique-equilibre.com\/me\/\",\"logo\":{\"@type\":\"ImageObject\",\"inLanguage\":\"fr-FR\",\"@id\":\"https:\/\/musique-equilibre.com\/me\/#\/schema\/logo\/image\/\",\"url\":\"https:\/\/musique-equilibre.com\/me\/wp-content\/uploads\/2022\/11\/cropped-Logo_orange_texture-1.png\",\"contentUrl\":\"https:\/\/musique-equilibre.com\/me\/wp-content\/uploads\/2022\/11\/cropped-Logo_orange_texture-1.png\",\"width\":512,\"height\":512,\"caption\":\"Musique et Equilibre\"},\"image\":{\"@id\":\"https:\/\/musique-equilibre.com\/me\/#\/schema\/logo\/image\/\"},\"sameAs\":[\"https:\/\/www.facebook.com\/MusiqueetEquilibre45\",\"https:\/\/x.com\/Musiquequilibre\",\"https:\/\/www.instagram.com\/musique_et_equilibre_\/\",\"https:\/\/www.linkedin.com\/company\/musique-&amp;-equilibre\/\",\"https:\/\/www.youtube.com\/c\/MusiqueEquilibreOrleans\/\"]},{\"@type\":\"Person\",\"@id\":\"https:\/\/musique-equilibre.com\/me\/#\/schema\/person\/d43605ef0d5681c1b27a4ba1fede1cf4\",\"name\":\"admin\",\"image\":{\"@type\":\"ImageObject\",\"inLanguage\":\"fr-FR\",\"@id\":\"https:\/\/musique-equilibre.com\/me\/#\/schema\/person\/image\/\",\"url\":\"https:\/\/secure.gravatar.com\/avatar\/4cf7b4111456799aef2a50176cfabd70e4afde55908c0caa0617fa42d2f71d9f?s=96&d=mm&r=g\",\"contentUrl\":\"https:\/\/secure.gravatar.com\/avatar\/4cf7b4111456799aef2a50176cfabd70e4afde55908c0caa0617fa42d2f71d9f?s=96&d=mm&r=g\",\"caption\":\"admin\"},\"url\":\"https:\/\/musique-equilibre.com\/me\/index.php\/author\/admin\/\"}]}<\/script>\n<!-- \/ Yoast SEO plugin. -->","yoast_head_json":{"title":"Aude Prieur Directrice - Musique et Equilibre","description":"D\u00e9couvrez le parcours d'Aude Prieur, directrice de Musique et \u00c9quilibre, \u00e9cole de musique actuelles \u00e0 Orl\u00e9ans.","robots":{"index":"index","follow":"follow","max-snippet":"max-snippet:-1","max-image-preview":"max-image-preview:large","max-video-preview":"max-video-preview:-1"},"canonical":"https:\/\/musique-equilibre.com\/me\/index.php\/2023\/08\/23\/aude-prieur-directrice\/","og_locale":"fr_FR","og_type":"article","og_title":"Aude Prieur Directrice - Musique et Equilibre","og_description":"D\u00e9couvrez le parcours d'Aude Prieur, directrice de Musique et \u00c9quilibre, \u00e9cole de musique actuelles \u00e0 Orl\u00e9ans.","og_url":"https:\/\/musique-equilibre.com\/me\/index.php\/2023\/08\/23\/aude-prieur-directrice\/","og_site_name":"Musique et Equilibre","article_publisher":"https:\/\/www.facebook.com\/MusiqueetEquilibre45","article_published_time":"2023-08-23T15:31:04+00:00","article_modified_time":"2023-09-13T10:23:49+00:00","og_image":[{"width":600,"height":600,"url":"https:\/\/musique-equilibre.com\/me\/wp-content\/uploads\/2023\/08\/Aude-site-directrice.png","type":"image\/png"}],"author":"admin","twitter_card":"summary_large_image","twitter_creator":"@Musiquequilibre","twitter_site":"@Musiquequilibre","twitter_misc":{"\u00c9crit par":"admin","Dur\u00e9e de lecture estim\u00e9e":"2 minutes"},"schema":{"@context":"https:\/\/schema.org","@graph":[{"@type":"Article","@id":"https:\/\/musique-equilibre.com\/me\/index.php\/2023\/08\/23\/aude-prieur-directrice\/#article","isPartOf":{"@id":"https:\/\/musique-equilibre.com\/me\/index.php\/2023\/08\/23\/aude-prieur-directrice\/"},"author":{"name":"admin","@id":"https:\/\/musique-equilibre.com\/me\/#\/schema\/person\/d43605ef0d5681c1b27a4ba1fede1cf4"},"headline":"Aude Prieur Directrice","datePublished":"2023-08-23T15:31:04+00:00","dateModified":"2023-09-13T10:23:49+00:00","mainEntityOfPage":{"@id":"https:\/\/musique-equilibre.com\/me\/index.php\/2023\/08\/23\/aude-prieur-directrice\/"},"wordCount":194,"commentCount":0,"publisher":{"@id":"https:\/\/musique-equilibre.com\/me\/#organization"},"image":{"@id":"https:\/\/musique-equilibre.com\/me\/index.php\/2023\/08\/23\/aude-prieur-directrice\/#primaryimage"},"thumbnailUrl":"https:\/\/musique-equilibre.com\/me\/wp-content\/uploads\/2023\/08\/Aude-site-directrice.png","articleSection":["Biographie"],"inLanguage":"fr-FR","potentialAction":[{"@type":"CommentAction","name":"Comment","target":["https:\/\/musique-equilibre.com\/me\/index.php\/2023\/08\/23\/aude-prieur-directrice\/#respond"]}]},{"@type":"WebPage","@id":"https:\/\/musique-equilibre.com\/me\/index.php\/2023\/08\/23\/aude-prieur-directrice\/","url":"https:\/\/musique-equilibre.com\/me\/index.php\/2023\/08\/23\/aude-prieur-directrice\/","name":"Aude Prieur Directrice - Musique et Equilibre","isPartOf":{"@id":"https:\/\/musique-equilibre.com\/me\/#website"},"primaryImageOfPage":{"@id":"https:\/\/musique-equilibre.com\/me\/index.php\/2023\/08\/23\/aude-prieur-directrice\/#primaryimage"},"image":{"@id":"https:\/\/musique-equilibre.com\/me\/index.php\/2023\/08\/23\/aude-prieur-directrice\/#primaryimage"},"thumbnailUrl":"https:\/\/musique-equilibre.com\/me\/wp-content\/uploads\/2023\/08\/Aude-site-directrice.png","datePublished":"2023-08-23T15:31:04+00:00","dateModified":"2023-09-13T10:23:49+00:00","description":"D\u00e9couvrez le parcours d'Aude Prieur, directrice de Musique et \u00c9quilibre, \u00e9cole de musique actuelles \u00e0 Orl\u00e9ans.","breadcrumb":{"@id":"https:\/\/musique-equilibre.com\/me\/index.php\/2023\/08\/23\/aude-prieur-directrice\/#breadcrumb"},"inLanguage":"fr-FR","potentialAction":[{"@type":"ReadAction","target":["https:\/\/musique-equilibre.com\/me\/index.php\/2023\/08\/23\/aude-prieur-directrice\/"]}]},{"@type":"ImageObject","inLanguage":"fr-FR","@id":"https:\/\/musique-equilibre.com\/me\/index.php\/2023\/08\/23\/aude-prieur-directrice\/#primaryimage","url":"https:\/\/musique-equilibre.com\/me\/wp-content\/uploads\/2023\/08\/Aude-site-directrice.png","contentUrl":"https:\/\/musique-equilibre.com\/me\/wp-content\/uploads\/2023\/08\/Aude-site-directrice.png","width":600,"height":600,"caption":"aude prieur directrice musique et \u00e9quilibre orleans orl\u00e9ans loiret centre val de loire"},{"@type":"BreadcrumbList","@id":"https:\/\/musique-equilibre.com\/me\/index.php\/2023\/08\/23\/aude-prieur-directrice\/#breadcrumb","itemListElement":[{"@type":"ListItem","position":1,"name":"Accueil","item":"https:\/\/musique-equilibre.com\/me\/"},{"@type":"ListItem","position":2,"name":"Aude Prieur Directrice"}]},{"@type":"WebSite","@id":"https:\/\/musique-equilibre.com\/me\/#website","url":"https:\/\/musique-equilibre.com\/me\/","name":"Musique et Equilibre","description":"","publisher":{"@id":"https:\/\/musique-equilibre.com\/me\/#organization"},"potentialAction":[{"@type":"SearchAction","target":{"@type":"EntryPoint","urlTemplate":"https:\/\/musique-equilibre.com\/me\/?s={search_term_string}"},"query-input":{"@type":"PropertyValueSpecification","valueRequired":true,"valueName":"search_term_string"}}],"inLanguage":"fr-FR"},{"@type":"Organization","@id":"https:\/\/musique-equilibre.com\/me\/#organization","name":"Musique et Equilibre","alternateName":"\u00c9cole de musique et salle de concert \u00e0 Orl\u00e9ans","url":"https:\/\/musique-equilibre.com\/me\/","logo":{"@type":"ImageObject","inLanguage":"fr-FR","@id":"https:\/\/musique-equilibre.com\/me\/#\/schema\/logo\/image\/","url":"https:\/\/musique-equilibre.com\/me\/wp-content\/uploads\/2022\/11\/cropped-Logo_orange_texture-1.png","contentUrl":"https:\/\/musique-equilibre.com\/me\/wp-content\/uploads\/2022\/11\/cropped-Logo_orange_texture-1.png","width":512,"height":512,"caption":"Musique et Equilibre"},"image":{"@id":"https:\/\/musique-equilibre.com\/me\/#\/schema\/logo\/image\/"},"sameAs":["https:\/\/www.facebook.com\/MusiqueetEquilibre45","https:\/\/x.com\/Musiquequilibre","https:\/\/www.instagram.com\/musique_et_equilibre_\/","https:\/\/www.linkedin.com\/company\/musique-&amp;-equilibre\/","https:\/\/www.youtube.com\/c\/MusiqueEquilibreOrleans\/"]},{"@type":"Person","@id":"https:\/\/musique-equilibre.com\/me\/#\/schema\/person\/d43605ef0d5681c1b27a4ba1fede1cf4","name":"admin","image":{"@type":"ImageObject","inLanguage":"fr-FR","@id":"https:\/\/musique-equilibre.com\/me\/#\/schema\/person\/image\/","url":"https:\/\/secure.gravatar.com\/avatar\/4cf7b4111456799aef2a50176cfabd70e4afde55908c0caa0617fa42d2f71d9f?s=96&d=mm&r=g","contentUrl":"https:\/\/secure.gravatar.com\/avatar\/4cf7b4111456799aef2a50176cfabd70e4afde55908c0caa0617fa42d2f71d9f?s=96&d=mm&r=g","caption":"admin"},"url":"https:\/\/musique-equilibre.com\/me\/index.php\/author\/admin\/"}]}},"_links":{"self":[{"href":"https:\/\/musique-equilibre.com\/me\/index.php\/wp-json\/wp\/v2\/posts\/12417","targetHints":{"allow":["GET"]}}],"collection":[{"href":"https:\/\/musique-equilibre.com\/me\/index.php\/wp-json\/wp\/v2\/posts"}],"about":[{"href":"https:\/\/musique-equilibre.com\/me\/index.php\/wp-json\/wp\/v2\/types\/post"}],"author":[{"embeddable":true,"href":"https:\/\/musique-equilibre.com\/me\/index.php\/wp-json\/wp\/v2\/users\/1"}],"replies":[{"embeddable":true,"href":"https:\/\/musique-equilibre.com\/me\/index.php\/wp-json\/wp\/v2\/comments?post=12417"}],"version-history":[{"count":3,"href":"https:\/\/musique-equilibre.com\/me\/index.php\/wp-json\/wp\/v2\/posts\/12417\/revisions"}],"predecessor-version":[{"id":12555,"href":"https:\/\/musique-equilibre.com\/me\/index.php\/wp-json\/wp\/v2\/posts\/12417\/revisions\/12555"}],"wp:featuredmedia":[{"embeddable":true,"href":"https:\/\/musique-equilibre.com\/me\/index.php\/wp-json\/wp\/v2\/media\/12418"}],"wp:attachment":[{"href":"https:\/\/musique-equilibre.com\/me\/index.php\/wp-json\/wp\/v2\/media?parent=12417"}],"wp:term":[{"taxonomy":"category","embeddable":true,"href":"https:\/\/musique-equilibre.com\/me\/index.php\/wp-json\/wp\/v2\/categories?post=12417"},{"taxonomy":"post_tag","embeddable":true,"href":"https:\/\/musique-equilibre.com\/me\/index.php\/wp-json\/wp\/v2\/tags?post=12417"}],"curies":[{"name":"wp","href":"https:\/\/api.w.org\/{rel}","templated":true}]}}