{"id":11990,"date":"2023-06-02T16:26:06","date_gmt":"2023-06-02T14:26:06","guid":{"rendered":"https:\/\/musique-equilibre.com\/me\/?p=11990"},"modified":"2025-09-05T12:21:34","modified_gmt":"2025-09-05T10:21:34","slug":"bio-nathalie-morel","status":"publish","type":"post","link":"https:\/\/musique-equilibre.com\/me\/index.php\/2023\/06\/02\/bio-nathalie-morel\/","title":{"rendered":"BIO Nathalie Morel"},"content":{"rendered":"<p style=\"text-align: center;\"><img decoding=\"async\" class=\"alignnone wp-image-12011 size-thumbnail\" src=\"https:\/\/musique-equilibre.com\/me\/wp-content\/uploads\/2023\/06\/Nathalie-site-150x150.png\" alt=\"Nathalie morel\nbio \natelier percussions et chant\nmusique\nmusique et \u00e9quilibre \n\u00e9cole de musique\norl\u00e9ans \nloiret\" width=\"150\" height=\"150\" srcset=\"https:\/\/musique-equilibre.com\/me\/wp-content\/uploads\/2023\/06\/Nathalie-site-150x150.png 150w, https:\/\/musique-equilibre.com\/me\/wp-content\/uploads\/2023\/06\/Nathalie-site-300x300.png 300w, https:\/\/musique-equilibre.com\/me\/wp-content\/uploads\/2023\/06\/Nathalie-site-510x510.png 510w, https:\/\/musique-equilibre.com\/me\/wp-content\/uploads\/2023\/06\/Nathalie-site.png 600w\" sizes=\"(max-width: 150px) 100vw, 150px\" \/><\/p>\n<p style=\"text-align: center;\"><span style=\"font-family: Nexa Rust Sans;\"><span style=\"color: #f15d20;\">Nathalie morel<\/span><\/span><\/p>\n<hr \/>\n<p style=\"text-align: center;\"><span style=\"font-family: coves;\">Nathalie Morel est une artiste multi disciplinaire. N\u00e9e en 1981 en Seine et Marne, elle compose, fabrique, peint&#8230;c&rsquo;est une cr\u00e9atrice \u00e0 part enti\u00e8re.<br \/>Elle s&rsquo;int\u00e9resse \u00e0 l&rsquo;Art Visuel et commence \u00e0 peindre des tableaux d\u00e8s 1998. C&rsquo;est gr\u00e2ce \u00e0 ses \u00e9tudes \u00e0 l&rsquo;institut d&rsquo;Art Visuel d&rsquo;Orl\u00e9ans qu&rsquo;elle d\u00e9veloppe son Art et sa r\u00e9flexion. Originaire de l&rsquo;\u00eele de la R\u00e9union, elle s&rsquo;investit \u00e9norm\u00e9ment sur les th\u00e8mes de l&rsquo;identit\u00e9 et du m\u00e9tissage.<br \/>Dans les ann\u00e9es 2000 elle fait la rencontre de musiciens proposant des cours de percussions africaines. Alors que \u00e7a ne fait qu&rsquo;un peu plus d&rsquo;un an qu&rsquo;elle est en France, elle retrouve des sonorit\u00e9s et des aspirations famili\u00e8res. C&rsquo;est ainsi qu&rsquo;elle vit ses premi\u00e8res exp\u00e9riences musicales au sein d&rsquo;un groupe (Zor\u00e9ol ), et d&rsquo;associations tels que D\u00e9fi, Fayasso, Kaliso. <br \/>De formation musicale longtemps autodidacte, elle s&rsquo;est professionnalis\u00e9 pour proposer des ateliers de musique, chant et danse de l&rsquo;\u00eele de la R\u00e9union et en participant \u00e0 des projets divers tel que \u00ab Paroles de Femmes \u00bb, \u00ab <a href=\"https:\/\/www.facebook.com\/SelonLesHumains\" target=\"_blank\" rel=\"noopener\">Selon les Humains<\/a> \u00bb,\u00ab Orielo \u00bb&#8230;<br \/><\/span><\/p>\n<p>\u00a0<\/p>\n\n\n<p><\/p>\n","protected":false},"excerpt":{"rendered":"<p>Nathalie morel Nathalie Morel est une artiste multi disciplinaire. N\u00e9e en 1981 en Seine et Marne, elle compose, fabrique, peint&#8230;c&rsquo;est une cr\u00e9atrice \u00e0 part enti\u00e8re.Elle s&rsquo;int\u00e9resse \u00e0 l&rsquo;Art Visuel et commence \u00e0 peindre des tableaux d\u00e8s 1998. C&rsquo;est gr\u00e2ce \u00e0 ses \u00e9tudes \u00e0 l&rsquo;institut d&rsquo;Art Visuel d&rsquo;Orl\u00e9ans qu&rsquo;elle d\u00e9veloppe son Art et sa r\u00e9flexion. Originaire [&hellip;]<\/p>\n","protected":false},"author":1,"featured_media":12011,"comment_status":"closed","ping_status":"open","sticky":false,"template":"","format":"standard","meta":{"footnotes":""},"categories":[20],"tags":[],"class_list":{"0":"post-11990","1":"post","2":"type-post","3":"status-publish","4":"format-standard","5":"has-post-thumbnail","7":"category-biographie","8":"czr-hentry"},"yoast_head":"<!-- This site is optimized with the Yoast SEO plugin v26.8 - https:\/\/yoast.com\/product\/yoast-seo-wordpress\/ -->\n<title>BIO Nathalie Morel - Musique et Equilibre<\/title>\n<meta name=\"description\" content=\"Bio Nathalie Morel. Nathalie dirige l&#039;atelier percu et chant de la R\u00e9union au sein de Musique et \u00c9quilibre, Orl\u00e9ans.\" \/>\n<meta name=\"robots\" content=\"index, follow, max-snippet:-1, max-image-preview:large, max-video-preview:-1\" \/>\n<link rel=\"canonical\" href=\"https:\/\/musique-equilibre.com\/me\/index.php\/2023\/06\/02\/bio-nathalie-morel\/\" \/>\n<meta property=\"og:locale\" content=\"fr_FR\" \/>\n<meta property=\"og:type\" content=\"article\" \/>\n<meta property=\"og:title\" content=\"BIO Nathalie Morel - Musique et Equilibre\" \/>\n<meta property=\"og:description\" content=\"Bio Nathalie Morel. Nathalie dirige l&#039;atelier percu et chant de la R\u00e9union au sein de Musique et \u00c9quilibre, Orl\u00e9ans.\" \/>\n<meta property=\"og:url\" content=\"https:\/\/musique-equilibre.com\/me\/index.php\/2023\/06\/02\/bio-nathalie-morel\/\" \/>\n<meta property=\"og:site_name\" content=\"Musique et Equilibre\" \/>\n<meta property=\"article:publisher\" content=\"https:\/\/www.facebook.com\/MusiqueetEquilibre45\" \/>\n<meta property=\"article:published_time\" content=\"2023-06-02T14:26:06+00:00\" \/>\n<meta property=\"article:modified_time\" content=\"2025-09-05T10:21:34+00:00\" \/>\n<meta property=\"og:image\" content=\"https:\/\/musique-equilibre.com\/me\/wp-content\/uploads\/2023\/06\/Nathalie-site.png\" \/>\n\t<meta property=\"og:image:width\" content=\"600\" \/>\n\t<meta property=\"og:image:height\" content=\"600\" \/>\n\t<meta property=\"og:image:type\" content=\"image\/png\" \/>\n<meta name=\"author\" content=\"admin\" \/>\n<meta name=\"twitter:card\" content=\"summary_large_image\" \/>\n<meta name=\"twitter:creator\" content=\"@Musiquequilibre\" \/>\n<meta name=\"twitter:site\" content=\"@Musiquequilibre\" \/>\n<meta name=\"twitter:label1\" content=\"\u00c9crit par\" \/>\n\t<meta name=\"twitter:data1\" content=\"admin\" \/>\n\t<meta name=\"twitter:label2\" content=\"Dur\u00e9e de lecture estim\u00e9e\" \/>\n\t<meta name=\"twitter:data2\" content=\"1 minute\" \/>\n<script type=\"application\/ld+json\" class=\"yoast-schema-graph\">{\"@context\":\"https:\/\/schema.org\",\"@graph\":[{\"@type\":\"Article\",\"@id\":\"https:\/\/musique-equilibre.com\/me\/index.php\/2023\/06\/02\/bio-nathalie-morel\/#article\",\"isPartOf\":{\"@id\":\"https:\/\/musique-equilibre.com\/me\/index.php\/2023\/06\/02\/bio-nathalie-morel\/\"},\"author\":{\"name\":\"admin\",\"@id\":\"https:\/\/musique-equilibre.com\/me\/#\/schema\/person\/d43605ef0d5681c1b27a4ba1fede1cf4\"},\"headline\":\"BIO Nathalie Morel\",\"datePublished\":\"2023-06-02T14:26:06+00:00\",\"dateModified\":\"2025-09-05T10:21:34+00:00\",\"mainEntityOfPage\":{\"@id\":\"https:\/\/musique-equilibre.com\/me\/index.php\/2023\/06\/02\/bio-nathalie-morel\/\"},\"wordCount\":204,\"publisher\":{\"@id\":\"https:\/\/musique-equilibre.com\/me\/#organization\"},\"image\":{\"@id\":\"https:\/\/musique-equilibre.com\/me\/index.php\/2023\/06\/02\/bio-nathalie-morel\/#primaryimage\"},\"thumbnailUrl\":\"https:\/\/musique-equilibre.com\/me\/wp-content\/uploads\/2023\/06\/Nathalie-site.png\",\"articleSection\":[\"Biographie\"],\"inLanguage\":\"fr-FR\"},{\"@type\":\"WebPage\",\"@id\":\"https:\/\/musique-equilibre.com\/me\/index.php\/2023\/06\/02\/bio-nathalie-morel\/\",\"url\":\"https:\/\/musique-equilibre.com\/me\/index.php\/2023\/06\/02\/bio-nathalie-morel\/\",\"name\":\"BIO Nathalie Morel - Musique et Equilibre\",\"isPartOf\":{\"@id\":\"https:\/\/musique-equilibre.com\/me\/#website\"},\"primaryImageOfPage\":{\"@id\":\"https:\/\/musique-equilibre.com\/me\/index.php\/2023\/06\/02\/bio-nathalie-morel\/#primaryimage\"},\"image\":{\"@id\":\"https:\/\/musique-equilibre.com\/me\/index.php\/2023\/06\/02\/bio-nathalie-morel\/#primaryimage\"},\"thumbnailUrl\":\"https:\/\/musique-equilibre.com\/me\/wp-content\/uploads\/2023\/06\/Nathalie-site.png\",\"datePublished\":\"2023-06-02T14:26:06+00:00\",\"dateModified\":\"2025-09-05T10:21:34+00:00\",\"description\":\"Bio Nathalie Morel. Nathalie dirige l'atelier percu et chant de la R\u00e9union au sein de Musique et \u00c9quilibre, Orl\u00e9ans.\",\"breadcrumb\":{\"@id\":\"https:\/\/musique-equilibre.com\/me\/index.php\/2023\/06\/02\/bio-nathalie-morel\/#breadcrumb\"},\"inLanguage\":\"fr-FR\",\"potentialAction\":[{\"@type\":\"ReadAction\",\"target\":[\"https:\/\/musique-equilibre.com\/me\/index.php\/2023\/06\/02\/bio-nathalie-morel\/\"]}]},{\"@type\":\"ImageObject\",\"inLanguage\":\"fr-FR\",\"@id\":\"https:\/\/musique-equilibre.com\/me\/index.php\/2023\/06\/02\/bio-nathalie-morel\/#primaryimage\",\"url\":\"https:\/\/musique-equilibre.com\/me\/wp-content\/uploads\/2023\/06\/Nathalie-site.png\",\"contentUrl\":\"https:\/\/musique-equilibre.com\/me\/wp-content\/uploads\/2023\/06\/Nathalie-site.png\",\"width\":600,\"height\":600,\"caption\":\"Nathalie moral atelier percussions et chant musique musique et \u00e9quilibre \u00e9cole de musique orl\u00e9ans loiret cours de ukul\u00e9l\u00e9\"},{\"@type\":\"BreadcrumbList\",\"@id\":\"https:\/\/musique-equilibre.com\/me\/index.php\/2023\/06\/02\/bio-nathalie-morel\/#breadcrumb\",\"itemListElement\":[{\"@type\":\"ListItem\",\"position\":1,\"name\":\"Accueil\",\"item\":\"https:\/\/musique-equilibre.com\/me\/\"},{\"@type\":\"ListItem\",\"position\":2,\"name\":\"BIO Nathalie Morel\"}]},{\"@type\":\"WebSite\",\"@id\":\"https:\/\/musique-equilibre.com\/me\/#website\",\"url\":\"https:\/\/musique-equilibre.com\/me\/\",\"name\":\"Musique et Equilibre\",\"description\":\"\",\"publisher\":{\"@id\":\"https:\/\/musique-equilibre.com\/me\/#organization\"},\"potentialAction\":[{\"@type\":\"SearchAction\",\"target\":{\"@type\":\"EntryPoint\",\"urlTemplate\":\"https:\/\/musique-equilibre.com\/me\/?s={search_term_string}\"},\"query-input\":{\"@type\":\"PropertyValueSpecification\",\"valueRequired\":true,\"valueName\":\"search_term_string\"}}],\"inLanguage\":\"fr-FR\"},{\"@type\":\"Organization\",\"@id\":\"https:\/\/musique-equilibre.com\/me\/#organization\",\"name\":\"Musique et Equilibre\",\"alternateName\":\"\u00c9cole de musique et salle de concert \u00e0 Orl\u00e9ans\",\"url\":\"https:\/\/musique-equilibre.com\/me\/\",\"logo\":{\"@type\":\"ImageObject\",\"inLanguage\":\"fr-FR\",\"@id\":\"https:\/\/musique-equilibre.com\/me\/#\/schema\/logo\/image\/\",\"url\":\"https:\/\/musique-equilibre.com\/me\/wp-content\/uploads\/2022\/11\/cropped-Logo_orange_texture-1.png\",\"contentUrl\":\"https:\/\/musique-equilibre.com\/me\/wp-content\/uploads\/2022\/11\/cropped-Logo_orange_texture-1.png\",\"width\":512,\"height\":512,\"caption\":\"Musique et Equilibre\"},\"image\":{\"@id\":\"https:\/\/musique-equilibre.com\/me\/#\/schema\/logo\/image\/\"},\"sameAs\":[\"https:\/\/www.facebook.com\/MusiqueetEquilibre45\",\"https:\/\/x.com\/Musiquequilibre\",\"https:\/\/www.instagram.com\/musique_et_equilibre_\/\",\"https:\/\/www.linkedin.com\/company\/musique-&amp;-equilibre\/\",\"https:\/\/www.youtube.com\/c\/MusiqueEquilibreOrleans\/\"]},{\"@type\":\"Person\",\"@id\":\"https:\/\/musique-equilibre.com\/me\/#\/schema\/person\/d43605ef0d5681c1b27a4ba1fede1cf4\",\"name\":\"admin\",\"image\":{\"@type\":\"ImageObject\",\"inLanguage\":\"fr-FR\",\"@id\":\"https:\/\/musique-equilibre.com\/me\/#\/schema\/person\/image\/\",\"url\":\"https:\/\/secure.gravatar.com\/avatar\/4cf7b4111456799aef2a50176cfabd70e4afde55908c0caa0617fa42d2f71d9f?s=96&d=mm&r=g\",\"contentUrl\":\"https:\/\/secure.gravatar.com\/avatar\/4cf7b4111456799aef2a50176cfabd70e4afde55908c0caa0617fa42d2f71d9f?s=96&d=mm&r=g\",\"caption\":\"admin\"},\"url\":\"https:\/\/musique-equilibre.com\/me\/index.php\/author\/admin\/\"}]}<\/script>\n<!-- \/ Yoast SEO plugin. -->","yoast_head_json":{"title":"BIO Nathalie Morel - Musique et Equilibre","description":"Bio Nathalie Morel. Nathalie dirige l'atelier percu et chant de la R\u00e9union au sein de Musique et \u00c9quilibre, Orl\u00e9ans.","robots":{"index":"index","follow":"follow","max-snippet":"max-snippet:-1","max-image-preview":"max-image-preview:large","max-video-preview":"max-video-preview:-1"},"canonical":"https:\/\/musique-equilibre.com\/me\/index.php\/2023\/06\/02\/bio-nathalie-morel\/","og_locale":"fr_FR","og_type":"article","og_title":"BIO Nathalie Morel - Musique et Equilibre","og_description":"Bio Nathalie Morel. Nathalie dirige l'atelier percu et chant de la R\u00e9union au sein de Musique et \u00c9quilibre, Orl\u00e9ans.","og_url":"https:\/\/musique-equilibre.com\/me\/index.php\/2023\/06\/02\/bio-nathalie-morel\/","og_site_name":"Musique et Equilibre","article_publisher":"https:\/\/www.facebook.com\/MusiqueetEquilibre45","article_published_time":"2023-06-02T14:26:06+00:00","article_modified_time":"2025-09-05T10:21:34+00:00","og_image":[{"width":600,"height":600,"url":"https:\/\/musique-equilibre.com\/me\/wp-content\/uploads\/2023\/06\/Nathalie-site.png","type":"image\/png"}],"author":"admin","twitter_card":"summary_large_image","twitter_creator":"@Musiquequilibre","twitter_site":"@Musiquequilibre","twitter_misc":{"\u00c9crit par":"admin","Dur\u00e9e de lecture estim\u00e9e":"1 minute"},"schema":{"@context":"https:\/\/schema.org","@graph":[{"@type":"Article","@id":"https:\/\/musique-equilibre.com\/me\/index.php\/2023\/06\/02\/bio-nathalie-morel\/#article","isPartOf":{"@id":"https:\/\/musique-equilibre.com\/me\/index.php\/2023\/06\/02\/bio-nathalie-morel\/"},"author":{"name":"admin","@id":"https:\/\/musique-equilibre.com\/me\/#\/schema\/person\/d43605ef0d5681c1b27a4ba1fede1cf4"},"headline":"BIO Nathalie Morel","datePublished":"2023-06-02T14:26:06+00:00","dateModified":"2025-09-05T10:21:34+00:00","mainEntityOfPage":{"@id":"https:\/\/musique-equilibre.com\/me\/index.php\/2023\/06\/02\/bio-nathalie-morel\/"},"wordCount":204,"publisher":{"@id":"https:\/\/musique-equilibre.com\/me\/#organization"},"image":{"@id":"https:\/\/musique-equilibre.com\/me\/index.php\/2023\/06\/02\/bio-nathalie-morel\/#primaryimage"},"thumbnailUrl":"https:\/\/musique-equilibre.com\/me\/wp-content\/uploads\/2023\/06\/Nathalie-site.png","articleSection":["Biographie"],"inLanguage":"fr-FR"},{"@type":"WebPage","@id":"https:\/\/musique-equilibre.com\/me\/index.php\/2023\/06\/02\/bio-nathalie-morel\/","url":"https:\/\/musique-equilibre.com\/me\/index.php\/2023\/06\/02\/bio-nathalie-morel\/","name":"BIO Nathalie Morel - Musique et Equilibre","isPartOf":{"@id":"https:\/\/musique-equilibre.com\/me\/#website"},"primaryImageOfPage":{"@id":"https:\/\/musique-equilibre.com\/me\/index.php\/2023\/06\/02\/bio-nathalie-morel\/#primaryimage"},"image":{"@id":"https:\/\/musique-equilibre.com\/me\/index.php\/2023\/06\/02\/bio-nathalie-morel\/#primaryimage"},"thumbnailUrl":"https:\/\/musique-equilibre.com\/me\/wp-content\/uploads\/2023\/06\/Nathalie-site.png","datePublished":"2023-06-02T14:26:06+00:00","dateModified":"2025-09-05T10:21:34+00:00","description":"Bio Nathalie Morel. Nathalie dirige l'atelier percu et chant de la R\u00e9union au sein de Musique et \u00c9quilibre, Orl\u00e9ans.","breadcrumb":{"@id":"https:\/\/musique-equilibre.com\/me\/index.php\/2023\/06\/02\/bio-nathalie-morel\/#breadcrumb"},"inLanguage":"fr-FR","potentialAction":[{"@type":"ReadAction","target":["https:\/\/musique-equilibre.com\/me\/index.php\/2023\/06\/02\/bio-nathalie-morel\/"]}]},{"@type":"ImageObject","inLanguage":"fr-FR","@id":"https:\/\/musique-equilibre.com\/me\/index.php\/2023\/06\/02\/bio-nathalie-morel\/#primaryimage","url":"https:\/\/musique-equilibre.com\/me\/wp-content\/uploads\/2023\/06\/Nathalie-site.png","contentUrl":"https:\/\/musique-equilibre.com\/me\/wp-content\/uploads\/2023\/06\/Nathalie-site.png","width":600,"height":600,"caption":"Nathalie moral atelier percussions et chant musique musique et \u00e9quilibre \u00e9cole de musique orl\u00e9ans loiret cours de ukul\u00e9l\u00e9"},{"@type":"BreadcrumbList","@id":"https:\/\/musique-equilibre.com\/me\/index.php\/2023\/06\/02\/bio-nathalie-morel\/#breadcrumb","itemListElement":[{"@type":"ListItem","position":1,"name":"Accueil","item":"https:\/\/musique-equilibre.com\/me\/"},{"@type":"ListItem","position":2,"name":"BIO Nathalie Morel"}]},{"@type":"WebSite","@id":"https:\/\/musique-equilibre.com\/me\/#website","url":"https:\/\/musique-equilibre.com\/me\/","name":"Musique et Equilibre","description":"","publisher":{"@id":"https:\/\/musique-equilibre.com\/me\/#organization"},"potentialAction":[{"@type":"SearchAction","target":{"@type":"EntryPoint","urlTemplate":"https:\/\/musique-equilibre.com\/me\/?s={search_term_string}"},"query-input":{"@type":"PropertyValueSpecification","valueRequired":true,"valueName":"search_term_string"}}],"inLanguage":"fr-FR"},{"@type":"Organization","@id":"https:\/\/musique-equilibre.com\/me\/#organization","name":"Musique et Equilibre","alternateName":"\u00c9cole de musique et salle de concert \u00e0 Orl\u00e9ans","url":"https:\/\/musique-equilibre.com\/me\/","logo":{"@type":"ImageObject","inLanguage":"fr-FR","@id":"https:\/\/musique-equilibre.com\/me\/#\/schema\/logo\/image\/","url":"https:\/\/musique-equilibre.com\/me\/wp-content\/uploads\/2022\/11\/cropped-Logo_orange_texture-1.png","contentUrl":"https:\/\/musique-equilibre.com\/me\/wp-content\/uploads\/2022\/11\/cropped-Logo_orange_texture-1.png","width":512,"height":512,"caption":"Musique et Equilibre"},"image":{"@id":"https:\/\/musique-equilibre.com\/me\/#\/schema\/logo\/image\/"},"sameAs":["https:\/\/www.facebook.com\/MusiqueetEquilibre45","https:\/\/x.com\/Musiquequilibre","https:\/\/www.instagram.com\/musique_et_equilibre_\/","https:\/\/www.linkedin.com\/company\/musique-&amp;-equilibre\/","https:\/\/www.youtube.com\/c\/MusiqueEquilibreOrleans\/"]},{"@type":"Person","@id":"https:\/\/musique-equilibre.com\/me\/#\/schema\/person\/d43605ef0d5681c1b27a4ba1fede1cf4","name":"admin","image":{"@type":"ImageObject","inLanguage":"fr-FR","@id":"https:\/\/musique-equilibre.com\/me\/#\/schema\/person\/image\/","url":"https:\/\/secure.gravatar.com\/avatar\/4cf7b4111456799aef2a50176cfabd70e4afde55908c0caa0617fa42d2f71d9f?s=96&d=mm&r=g","contentUrl":"https:\/\/secure.gravatar.com\/avatar\/4cf7b4111456799aef2a50176cfabd70e4afde55908c0caa0617fa42d2f71d9f?s=96&d=mm&r=g","caption":"admin"},"url":"https:\/\/musique-equilibre.com\/me\/index.php\/author\/admin\/"}]}},"_links":{"self":[{"href":"https:\/\/musique-equilibre.com\/me\/index.php\/wp-json\/wp\/v2\/posts\/11990","targetHints":{"allow":["GET"]}}],"collection":[{"href":"https:\/\/musique-equilibre.com\/me\/index.php\/wp-json\/wp\/v2\/posts"}],"about":[{"href":"https:\/\/musique-equilibre.com\/me\/index.php\/wp-json\/wp\/v2\/types\/post"}],"author":[{"embeddable":true,"href":"https:\/\/musique-equilibre.com\/me\/index.php\/wp-json\/wp\/v2\/users\/1"}],"replies":[{"embeddable":true,"href":"https:\/\/musique-equilibre.com\/me\/index.php\/wp-json\/wp\/v2\/comments?post=11990"}],"version-history":[{"count":5,"href":"https:\/\/musique-equilibre.com\/me\/index.php\/wp-json\/wp\/v2\/posts\/11990\/revisions"}],"predecessor-version":[{"id":17760,"href":"https:\/\/musique-equilibre.com\/me\/index.php\/wp-json\/wp\/v2\/posts\/11990\/revisions\/17760"}],"wp:featuredmedia":[{"embeddable":true,"href":"https:\/\/musique-equilibre.com\/me\/index.php\/wp-json\/wp\/v2\/media\/12011"}],"wp:attachment":[{"href":"https:\/\/musique-equilibre.com\/me\/index.php\/wp-json\/wp\/v2\/media?parent=11990"}],"wp:term":[{"taxonomy":"category","embeddable":true,"href":"https:\/\/musique-equilibre.com\/me\/index.php\/wp-json\/wp\/v2\/categories?post=11990"},{"taxonomy":"post_tag","embeddable":true,"href":"https:\/\/musique-equilibre.com\/me\/index.php\/wp-json\/wp\/v2\/tags?post=11990"}],"curies":[{"name":"wp","href":"https:\/\/api.w.org\/{rel}","templated":true}]}}