{"id":10157,"date":"2022-09-01T17:26:44","date_gmt":"2022-09-01T15:26:44","guid":{"rendered":"http:\/\/musique-equilibre.com\/me\/index.php\/2022\/09\/01\/bio-morgane-bonte-copy\/"},"modified":"2023-09-13T12:25:22","modified_gmt":"2023-09-13T10:25:22","slug":"bio-alice-nau","status":"publish","type":"post","link":"https:\/\/musique-equilibre.com\/me\/index.php\/2022\/09\/01\/bio-alice-nau\/","title":{"rendered":"<span style=\"font-family: coves;\">BIO &#8211; Alice Nau"},"content":{"rendered":"<div class=\"wp-block-image\">\n<figure class=\"aligncenter size-medium\"><img fetchpriority=\"high\" decoding=\"async\" width=\"300\" height=\"300\" src=\"https:\/\/musique-equilibre.com\/me\/wp-content\/uploads\/2022\/11\/Alice-site-300x300.png\" alt=\"Alice Nau communication administration musique et \u00e9quilibre \u00e9cole de musique orl\u00e9ans loiret\" class=\"wp-image-10509\" srcset=\"https:\/\/musique-equilibre.com\/me\/wp-content\/uploads\/2022\/11\/Alice-site-300x300.png 300w, https:\/\/musique-equilibre.com\/me\/wp-content\/uploads\/2022\/11\/Alice-site-150x150.png 150w, https:\/\/musique-equilibre.com\/me\/wp-content\/uploads\/2022\/11\/Alice-site-510x510.png 510w, https:\/\/musique-equilibre.com\/me\/wp-content\/uploads\/2022\/11\/Alice-site.png 600w\" sizes=\"(max-width: 300px) 100vw, 300px\" \/><\/figure><\/div>\n\n\n<p style=\"text-align: center;\"><span style=\"font-family: Nexa Rust Sans;\"><span style=\"color: #f15d20;\">Alice Nau<\/a><br><\/span><\/span><\/p>\n<hr>\n<p style=\"text-align: center;\"><span style=\"font-family: coves;\">De nature cr\u00e9ative et manuelle, Alice a d\u00e9but\u00e9 ses \u00e9tudes dans le domaine de la mode avec un BEP M\u00e9tiers De la Mode et Brevet des M\u00e9tiers d&rsquo;Art Broderie Or.\nElle s&rsquo;oriente rapidement vers la communication avec un BTS et plus particuli\u00e8rement la communication culturelle avec une licence professionnelle \u00e0 Toulon.\n<br>\nApr\u00e8s un stage dans le cadre d&rsquo;un festival de musique \u00e0 La Roche sur Yon, une exp\u00e9rience de b\u00e9n\u00e9vole au <a href=\"https:\/\/www.camji.com\/\">Camji<\/a> (SMAC de Niort) et un service civique au sein de la webradio Les Oreilles Noires \u00e0 Poitiers, elle arrive \u00e0 Musique et \u00c9quilibre en mars 2018.\n<br>Tout d&rsquo;abord en tant que Charg\u00e9e de mission administration et communication, elle devient Administratrice, charg\u00e9e de communication et action culturelle en mai 2022.\n<br>Au sein de l&rsquo;association, elle peut \u00e9galement enfiler la casquette de professeur pour dispenser des cours de communication aux \u00e9l\u00e8ves de formation professionnelle.<\/span><\/p>\n","protected":false},"excerpt":{"rendered":"<p>Alice Nau De nature cr\u00e9ative et manuelle, Alice a d\u00e9but\u00e9 ses \u00e9tudes dans le domaine de la mode avec un BEP M\u00e9tiers De la Mode et Brevet des M\u00e9tiers d&rsquo;Art Broderie Or. Elle s&rsquo;oriente rapidement vers la communication avec un BTS et plus particuli\u00e8rement la communication culturelle avec une licence professionnelle \u00e0 Toulon. Apr\u00e8s un [&hellip;]<\/p>\n","protected":false},"author":1,"featured_media":10509,"comment_status":"open","ping_status":"open","sticky":false,"template":"","format":"standard","meta":{"footnotes":""},"categories":[20],"tags":[],"class_list":{"0":"post-10157","1":"post","2":"type-post","3":"status-publish","4":"format-standard","5":"has-post-thumbnail","7":"category-biographie","8":"czr-hentry"},"yoast_head":"<!-- This site is optimized with the Yoast SEO plugin v26.8 - https:\/\/yoast.com\/product\/yoast-seo-wordpress\/ -->\n<title>BIO - Alice Nau - Musique et Equilibre<\/title>\n<meta name=\"description\" content=\"D\u00e9couvrez la bio de Alice Nau, en charge de l&#039;administration, communication et action culturelle.\" \/>\n<meta name=\"robots\" content=\"index, follow, max-snippet:-1, max-image-preview:large, max-video-preview:-1\" \/>\n<link rel=\"canonical\" href=\"https:\/\/musique-equilibre.com\/me\/index.php\/2022\/09\/01\/bio-alice-nau\/\" \/>\n<meta property=\"og:locale\" content=\"fr_FR\" \/>\n<meta property=\"og:type\" content=\"article\" \/>\n<meta property=\"og:title\" content=\"BIO - Alice Nau - Musique et Equilibre\" \/>\n<meta property=\"og:description\" content=\"D\u00e9couvrez la bio de Alice Nau, en charge de l&#039;administration, communication et action culturelle.\" \/>\n<meta property=\"og:url\" content=\"https:\/\/musique-equilibre.com\/me\/index.php\/2022\/09\/01\/bio-alice-nau\/\" \/>\n<meta property=\"og:site_name\" content=\"Musique et Equilibre\" \/>\n<meta property=\"article:publisher\" content=\"https:\/\/www.facebook.com\/MusiqueetEquilibre45\" \/>\n<meta property=\"article:published_time\" content=\"2022-09-01T15:26:44+00:00\" \/>\n<meta property=\"article:modified_time\" content=\"2023-09-13T10:25:22+00:00\" \/>\n<meta property=\"og:image\" content=\"https:\/\/musique-equilibre.com\/me\/wp-content\/uploads\/2022\/11\/Alice-site.png\" \/>\n\t<meta property=\"og:image:width\" content=\"600\" \/>\n\t<meta property=\"og:image:height\" content=\"600\" \/>\n\t<meta property=\"og:image:type\" content=\"image\/png\" \/>\n<meta name=\"author\" content=\"admin\" \/>\n<meta name=\"twitter:card\" content=\"summary_large_image\" \/>\n<meta name=\"twitter:creator\" content=\"@Musiquequilibre\" \/>\n<meta name=\"twitter:site\" content=\"@Musiquequilibre\" \/>\n<meta name=\"twitter:label1\" content=\"\u00c9crit par\" \/>\n\t<meta name=\"twitter:data1\" content=\"admin\" \/>\n\t<meta name=\"twitter:label2\" content=\"Dur\u00e9e de lecture estim\u00e9e\" \/>\n\t<meta name=\"twitter:data2\" content=\"1 minute\" \/>\n<script type=\"application\/ld+json\" class=\"yoast-schema-graph\">{\"@context\":\"https:\/\/schema.org\",\"@graph\":[{\"@type\":\"Article\",\"@id\":\"https:\/\/musique-equilibre.com\/me\/index.php\/2022\/09\/01\/bio-alice-nau\/#article\",\"isPartOf\":{\"@id\":\"https:\/\/musique-equilibre.com\/me\/index.php\/2022\/09\/01\/bio-alice-nau\/\"},\"author\":{\"name\":\"admin\",\"@id\":\"https:\/\/musique-equilibre.com\/me\/#\/schema\/person\/d43605ef0d5681c1b27a4ba1fede1cf4\"},\"headline\":\"BIO &#8211; Alice Nau\",\"datePublished\":\"2022-09-01T15:26:44+00:00\",\"dateModified\":\"2023-09-13T10:25:22+00:00\",\"mainEntityOfPage\":{\"@id\":\"https:\/\/musique-equilibre.com\/me\/index.php\/2022\/09\/01\/bio-alice-nau\/\"},\"wordCount\":161,\"commentCount\":0,\"publisher\":{\"@id\":\"https:\/\/musique-equilibre.com\/me\/#organization\"},\"image\":{\"@id\":\"https:\/\/musique-equilibre.com\/me\/index.php\/2022\/09\/01\/bio-alice-nau\/#primaryimage\"},\"thumbnailUrl\":\"https:\/\/musique-equilibre.com\/me\/wp-content\/uploads\/2022\/11\/Alice-site.png\",\"articleSection\":[\"Biographie\"],\"inLanguage\":\"fr-FR\",\"potentialAction\":[{\"@type\":\"CommentAction\",\"name\":\"Comment\",\"target\":[\"https:\/\/musique-equilibre.com\/me\/index.php\/2022\/09\/01\/bio-alice-nau\/#respond\"]}]},{\"@type\":\"WebPage\",\"@id\":\"https:\/\/musique-equilibre.com\/me\/index.php\/2022\/09\/01\/bio-alice-nau\/\",\"url\":\"https:\/\/musique-equilibre.com\/me\/index.php\/2022\/09\/01\/bio-alice-nau\/\",\"name\":\"BIO - Alice Nau - Musique et Equilibre\",\"isPartOf\":{\"@id\":\"https:\/\/musique-equilibre.com\/me\/#website\"},\"primaryImageOfPage\":{\"@id\":\"https:\/\/musique-equilibre.com\/me\/index.php\/2022\/09\/01\/bio-alice-nau\/#primaryimage\"},\"image\":{\"@id\":\"https:\/\/musique-equilibre.com\/me\/index.php\/2022\/09\/01\/bio-alice-nau\/#primaryimage\"},\"thumbnailUrl\":\"https:\/\/musique-equilibre.com\/me\/wp-content\/uploads\/2022\/11\/Alice-site.png\",\"datePublished\":\"2022-09-01T15:26:44+00:00\",\"dateModified\":\"2023-09-13T10:25:22+00:00\",\"description\":\"D\u00e9couvrez la bio de Alice Nau, en charge de l'administration, communication et action culturelle.\",\"breadcrumb\":{\"@id\":\"https:\/\/musique-equilibre.com\/me\/index.php\/2022\/09\/01\/bio-alice-nau\/#breadcrumb\"},\"inLanguage\":\"fr-FR\",\"potentialAction\":[{\"@type\":\"ReadAction\",\"target\":[\"https:\/\/musique-equilibre.com\/me\/index.php\/2022\/09\/01\/bio-alice-nau\/\"]}]},{\"@type\":\"ImageObject\",\"inLanguage\":\"fr-FR\",\"@id\":\"https:\/\/musique-equilibre.com\/me\/index.php\/2022\/09\/01\/bio-alice-nau\/#primaryimage\",\"url\":\"https:\/\/musique-equilibre.com\/me\/wp-content\/uploads\/2022\/11\/Alice-site.png\",\"contentUrl\":\"https:\/\/musique-equilibre.com\/me\/wp-content\/uploads\/2022\/11\/Alice-site.png\",\"width\":600,\"height\":600},{\"@type\":\"BreadcrumbList\",\"@id\":\"https:\/\/musique-equilibre.com\/me\/index.php\/2022\/09\/01\/bio-alice-nau\/#breadcrumb\",\"itemListElement\":[{\"@type\":\"ListItem\",\"position\":1,\"name\":\"Accueil\",\"item\":\"https:\/\/musique-equilibre.com\/me\/\"},{\"@type\":\"ListItem\",\"position\":2,\"name\":\"BIO &#8211; Alice Nau\"}]},{\"@type\":\"WebSite\",\"@id\":\"https:\/\/musique-equilibre.com\/me\/#website\",\"url\":\"https:\/\/musique-equilibre.com\/me\/\",\"name\":\"Musique et Equilibre\",\"description\":\"\",\"publisher\":{\"@id\":\"https:\/\/musique-equilibre.com\/me\/#organization\"},\"potentialAction\":[{\"@type\":\"SearchAction\",\"target\":{\"@type\":\"EntryPoint\",\"urlTemplate\":\"https:\/\/musique-equilibre.com\/me\/?s={search_term_string}\"},\"query-input\":{\"@type\":\"PropertyValueSpecification\",\"valueRequired\":true,\"valueName\":\"search_term_string\"}}],\"inLanguage\":\"fr-FR\"},{\"@type\":\"Organization\",\"@id\":\"https:\/\/musique-equilibre.com\/me\/#organization\",\"name\":\"Musique et Equilibre\",\"alternateName\":\"\u00c9cole de musique et salle de concert \u00e0 Orl\u00e9ans\",\"url\":\"https:\/\/musique-equilibre.com\/me\/\",\"logo\":{\"@type\":\"ImageObject\",\"inLanguage\":\"fr-FR\",\"@id\":\"https:\/\/musique-equilibre.com\/me\/#\/schema\/logo\/image\/\",\"url\":\"https:\/\/musique-equilibre.com\/me\/wp-content\/uploads\/2022\/11\/cropped-Logo_orange_texture-1.png\",\"contentUrl\":\"https:\/\/musique-equilibre.com\/me\/wp-content\/uploads\/2022\/11\/cropped-Logo_orange_texture-1.png\",\"width\":512,\"height\":512,\"caption\":\"Musique et Equilibre\"},\"image\":{\"@id\":\"https:\/\/musique-equilibre.com\/me\/#\/schema\/logo\/image\/\"},\"sameAs\":[\"https:\/\/www.facebook.com\/MusiqueetEquilibre45\",\"https:\/\/x.com\/Musiquequilibre\",\"https:\/\/www.instagram.com\/musique_et_equilibre_\/\",\"https:\/\/www.linkedin.com\/company\/musique-&amp;-equilibre\/\",\"https:\/\/www.youtube.com\/c\/MusiqueEquilibreOrleans\/\"]},{\"@type\":\"Person\",\"@id\":\"https:\/\/musique-equilibre.com\/me\/#\/schema\/person\/d43605ef0d5681c1b27a4ba1fede1cf4\",\"name\":\"admin\",\"image\":{\"@type\":\"ImageObject\",\"inLanguage\":\"fr-FR\",\"@id\":\"https:\/\/musique-equilibre.com\/me\/#\/schema\/person\/image\/\",\"url\":\"https:\/\/secure.gravatar.com\/avatar\/4cf7b4111456799aef2a50176cfabd70e4afde55908c0caa0617fa42d2f71d9f?s=96&d=mm&r=g\",\"contentUrl\":\"https:\/\/secure.gravatar.com\/avatar\/4cf7b4111456799aef2a50176cfabd70e4afde55908c0caa0617fa42d2f71d9f?s=96&d=mm&r=g\",\"caption\":\"admin\"},\"url\":\"https:\/\/musique-equilibre.com\/me\/index.php\/author\/admin\/\"}]}<\/script>\n<!-- \/ Yoast SEO plugin. -->","yoast_head_json":{"title":"BIO - Alice Nau - Musique et Equilibre","description":"D\u00e9couvrez la bio de Alice Nau, en charge de l'administration, communication et action culturelle.","robots":{"index":"index","follow":"follow","max-snippet":"max-snippet:-1","max-image-preview":"max-image-preview:large","max-video-preview":"max-video-preview:-1"},"canonical":"https:\/\/musique-equilibre.com\/me\/index.php\/2022\/09\/01\/bio-alice-nau\/","og_locale":"fr_FR","og_type":"article","og_title":"BIO - Alice Nau - Musique et Equilibre","og_description":"D\u00e9couvrez la bio de Alice Nau, en charge de l'administration, communication et action culturelle.","og_url":"https:\/\/musique-equilibre.com\/me\/index.php\/2022\/09\/01\/bio-alice-nau\/","og_site_name":"Musique et Equilibre","article_publisher":"https:\/\/www.facebook.com\/MusiqueetEquilibre45","article_published_time":"2022-09-01T15:26:44+00:00","article_modified_time":"2023-09-13T10:25:22+00:00","og_image":[{"width":600,"height":600,"url":"https:\/\/musique-equilibre.com\/me\/wp-content\/uploads\/2022\/11\/Alice-site.png","type":"image\/png"}],"author":"admin","twitter_card":"summary_large_image","twitter_creator":"@Musiquequilibre","twitter_site":"@Musiquequilibre","twitter_misc":{"\u00c9crit par":"admin","Dur\u00e9e de lecture estim\u00e9e":"1 minute"},"schema":{"@context":"https:\/\/schema.org","@graph":[{"@type":"Article","@id":"https:\/\/musique-equilibre.com\/me\/index.php\/2022\/09\/01\/bio-alice-nau\/#article","isPartOf":{"@id":"https:\/\/musique-equilibre.com\/me\/index.php\/2022\/09\/01\/bio-alice-nau\/"},"author":{"name":"admin","@id":"https:\/\/musique-equilibre.com\/me\/#\/schema\/person\/d43605ef0d5681c1b27a4ba1fede1cf4"},"headline":"BIO &#8211; Alice Nau","datePublished":"2022-09-01T15:26:44+00:00","dateModified":"2023-09-13T10:25:22+00:00","mainEntityOfPage":{"@id":"https:\/\/musique-equilibre.com\/me\/index.php\/2022\/09\/01\/bio-alice-nau\/"},"wordCount":161,"commentCount":0,"publisher":{"@id":"https:\/\/musique-equilibre.com\/me\/#organization"},"image":{"@id":"https:\/\/musique-equilibre.com\/me\/index.php\/2022\/09\/01\/bio-alice-nau\/#primaryimage"},"thumbnailUrl":"https:\/\/musique-equilibre.com\/me\/wp-content\/uploads\/2022\/11\/Alice-site.png","articleSection":["Biographie"],"inLanguage":"fr-FR","potentialAction":[{"@type":"CommentAction","name":"Comment","target":["https:\/\/musique-equilibre.com\/me\/index.php\/2022\/09\/01\/bio-alice-nau\/#respond"]}]},{"@type":"WebPage","@id":"https:\/\/musique-equilibre.com\/me\/index.php\/2022\/09\/01\/bio-alice-nau\/","url":"https:\/\/musique-equilibre.com\/me\/index.php\/2022\/09\/01\/bio-alice-nau\/","name":"BIO - Alice Nau - Musique et Equilibre","isPartOf":{"@id":"https:\/\/musique-equilibre.com\/me\/#website"},"primaryImageOfPage":{"@id":"https:\/\/musique-equilibre.com\/me\/index.php\/2022\/09\/01\/bio-alice-nau\/#primaryimage"},"image":{"@id":"https:\/\/musique-equilibre.com\/me\/index.php\/2022\/09\/01\/bio-alice-nau\/#primaryimage"},"thumbnailUrl":"https:\/\/musique-equilibre.com\/me\/wp-content\/uploads\/2022\/11\/Alice-site.png","datePublished":"2022-09-01T15:26:44+00:00","dateModified":"2023-09-13T10:25:22+00:00","description":"D\u00e9couvrez la bio de Alice Nau, en charge de l'administration, communication et action culturelle.","breadcrumb":{"@id":"https:\/\/musique-equilibre.com\/me\/index.php\/2022\/09\/01\/bio-alice-nau\/#breadcrumb"},"inLanguage":"fr-FR","potentialAction":[{"@type":"ReadAction","target":["https:\/\/musique-equilibre.com\/me\/index.php\/2022\/09\/01\/bio-alice-nau\/"]}]},{"@type":"ImageObject","inLanguage":"fr-FR","@id":"https:\/\/musique-equilibre.com\/me\/index.php\/2022\/09\/01\/bio-alice-nau\/#primaryimage","url":"https:\/\/musique-equilibre.com\/me\/wp-content\/uploads\/2022\/11\/Alice-site.png","contentUrl":"https:\/\/musique-equilibre.com\/me\/wp-content\/uploads\/2022\/11\/Alice-site.png","width":600,"height":600},{"@type":"BreadcrumbList","@id":"https:\/\/musique-equilibre.com\/me\/index.php\/2022\/09\/01\/bio-alice-nau\/#breadcrumb","itemListElement":[{"@type":"ListItem","position":1,"name":"Accueil","item":"https:\/\/musique-equilibre.com\/me\/"},{"@type":"ListItem","position":2,"name":"BIO &#8211; Alice Nau"}]},{"@type":"WebSite","@id":"https:\/\/musique-equilibre.com\/me\/#website","url":"https:\/\/musique-equilibre.com\/me\/","name":"Musique et Equilibre","description":"","publisher":{"@id":"https:\/\/musique-equilibre.com\/me\/#organization"},"potentialAction":[{"@type":"SearchAction","target":{"@type":"EntryPoint","urlTemplate":"https:\/\/musique-equilibre.com\/me\/?s={search_term_string}"},"query-input":{"@type":"PropertyValueSpecification","valueRequired":true,"valueName":"search_term_string"}}],"inLanguage":"fr-FR"},{"@type":"Organization","@id":"https:\/\/musique-equilibre.com\/me\/#organization","name":"Musique et Equilibre","alternateName":"\u00c9cole de musique et salle de concert \u00e0 Orl\u00e9ans","url":"https:\/\/musique-equilibre.com\/me\/","logo":{"@type":"ImageObject","inLanguage":"fr-FR","@id":"https:\/\/musique-equilibre.com\/me\/#\/schema\/logo\/image\/","url":"https:\/\/musique-equilibre.com\/me\/wp-content\/uploads\/2022\/11\/cropped-Logo_orange_texture-1.png","contentUrl":"https:\/\/musique-equilibre.com\/me\/wp-content\/uploads\/2022\/11\/cropped-Logo_orange_texture-1.png","width":512,"height":512,"caption":"Musique et Equilibre"},"image":{"@id":"https:\/\/musique-equilibre.com\/me\/#\/schema\/logo\/image\/"},"sameAs":["https:\/\/www.facebook.com\/MusiqueetEquilibre45","https:\/\/x.com\/Musiquequilibre","https:\/\/www.instagram.com\/musique_et_equilibre_\/","https:\/\/www.linkedin.com\/company\/musique-&amp;-equilibre\/","https:\/\/www.youtube.com\/c\/MusiqueEquilibreOrleans\/"]},{"@type":"Person","@id":"https:\/\/musique-equilibre.com\/me\/#\/schema\/person\/d43605ef0d5681c1b27a4ba1fede1cf4","name":"admin","image":{"@type":"ImageObject","inLanguage":"fr-FR","@id":"https:\/\/musique-equilibre.com\/me\/#\/schema\/person\/image\/","url":"https:\/\/secure.gravatar.com\/avatar\/4cf7b4111456799aef2a50176cfabd70e4afde55908c0caa0617fa42d2f71d9f?s=96&d=mm&r=g","contentUrl":"https:\/\/secure.gravatar.com\/avatar\/4cf7b4111456799aef2a50176cfabd70e4afde55908c0caa0617fa42d2f71d9f?s=96&d=mm&r=g","caption":"admin"},"url":"https:\/\/musique-equilibre.com\/me\/index.php\/author\/admin\/"}]}},"_links":{"self":[{"href":"https:\/\/musique-equilibre.com\/me\/index.php\/wp-json\/wp\/v2\/posts\/10157","targetHints":{"allow":["GET"]}}],"collection":[{"href":"https:\/\/musique-equilibre.com\/me\/index.php\/wp-json\/wp\/v2\/posts"}],"about":[{"href":"https:\/\/musique-equilibre.com\/me\/index.php\/wp-json\/wp\/v2\/types\/post"}],"author":[{"embeddable":true,"href":"https:\/\/musique-equilibre.com\/me\/index.php\/wp-json\/wp\/v2\/users\/1"}],"replies":[{"embeddable":true,"href":"https:\/\/musique-equilibre.com\/me\/index.php\/wp-json\/wp\/v2\/comments?post=10157"}],"version-history":[{"count":6,"href":"https:\/\/musique-equilibre.com\/me\/index.php\/wp-json\/wp\/v2\/posts\/10157\/revisions"}],"predecessor-version":[{"id":13049,"href":"https:\/\/musique-equilibre.com\/me\/index.php\/wp-json\/wp\/v2\/posts\/10157\/revisions\/13049"}],"wp:featuredmedia":[{"embeddable":true,"href":"https:\/\/musique-equilibre.com\/me\/index.php\/wp-json\/wp\/v2\/media\/10509"}],"wp:attachment":[{"href":"https:\/\/musique-equilibre.com\/me\/index.php\/wp-json\/wp\/v2\/media?parent=10157"}],"wp:term":[{"taxonomy":"category","embeddable":true,"href":"https:\/\/musique-equilibre.com\/me\/index.php\/wp-json\/wp\/v2\/categories?post=10157"},{"taxonomy":"post_tag","embeddable":true,"href":"https:\/\/musique-equilibre.com\/me\/index.php\/wp-json\/wp\/v2\/tags?post=10157"}],"curies":[{"name":"wp","href":"https:\/\/api.w.org\/{rel}","templated":true}]}}